{"id":201776,"date":"2026-09-03T17:22:22","date_gmt":"2026-09-03T17:22:22","guid":{"rendered":"https:\/\/www.europesays.com\/cz\/201776\/"},"modified":"2026-09-03T17:22:22","modified_gmt":"2026-09-03T17:22:22","slug":"schillerova-ministr-financi-neni-od-toho-aby-nekomu-delal-radost-k-vyssim-danim-ale-nemirime","status":"publish","type":"post","link":"https:\/\/www.europesays.com\/cz\/201776\/","title":{"rendered":"Schillerov\u00e1: Ministr financ\u00ed nen\u00ed od toho, aby n\u011bkomu d\u011blal radost. K vy\u0161\u0161\u00edm dan\u00edm ale nem\u00ed\u0159\u00edme"},"content":{"rendered":"<p>\n                        Ministryn\u011b financ\u00ed Alena Schillerov\u00e1 (ANO) v\u00a0po\u0159adu K\u00a0v\u011bci na CNN Prima NEWS obhajovala schodek st\u00e1tn\u00edho rozpo\u010dtu na rok 2027, kter\u00fd kritizovali i n\u011bkte\u0159\u00ed p\u0159edstavitel\u00e9 vl\u00e1dn\u00ed koalice. Ministryn\u011b \u0159ekla, \u017ee jej\u00ed pr\u00e1ce nespo\u010d\u00edv\u00e1 v\u00a0d\u011bl\u00e1n\u00ed radosti a schodek je vysok\u00fd p\u0159edev\u0161\u00edm kv\u016fli pen\u011bz\u016fm na investice. Zd\u016fraznila tak\u00e9, \u017ee podle n\u00ed nehroz\u00ed zvy\u0161ov\u00e1n\u00ed dan\u00ed, v \u00fater\u00fd p\u0159itom p\u0159ipustila, \u017ee na zv\u00fd\u0161en\u00ed n\u011bkter\u00fdch dan\u00ed m\u016f\u017ee doj\u00edt.\n                    <\/p>\n<p>\u201eMinistr financ\u00ed tu nen\u00ed od toho, aby n\u011bkoho uspokojoval. S koali\u010dn\u00edmi partnery si jejich n\u00e1vrhy na sn\u00ed\u017een\u00ed schodku projdeme,\u201c \u0159ekla Schillerov\u00e1. Ji\u017e ve \u010dtvrtek by se proto m\u011bl sej\u00edt premi\u00e9r s ekonomem a poslancem Vladim\u00edrem Pikorou (Motorist\u00e9). \u201eNa tu sch\u016fzku jsem pozv\u00e1na i j\u00e1 a z\u00fa\u010dastn\u00edm se j\u00ed,\u201c uvedla ministryn\u011b.<\/p>\n<p>\u010cT\u011aTE TAK\u00c9: <a target=\"_blank\" href=\"https:\/\/cnn.iprima.cz\/budeme-muset-zvysovat-nektere-dane-pripustila-schillerova-konsolidovat-chce-az-o-120-miliard-520628\" rel=\"nofollow noopener\">Budeme muset zv\u00fd\u0161it n\u011bkter\u00e9 dan\u011b, p\u0159ipustila Schillerov\u00e1. Nazna\u010dila, za co si \u010ce\u0161i p\u0159iplat\u00ed.<\/a><\/p>\n<p>\u017de by se n\u00e1vrh st\u00e1tn\u00edho rozpo\u010dtu na rok 2027 n\u011bjak v\u00fdrazn\u011b m\u011bnil, ov\u0161em Schillerov\u00e1 nep\u0159edpokl\u00e1d\u00e1. \u201eV\u00edt\u00e1m ka\u017edou \u00fasporu, ale jsem skeptick\u00e1 k tomu, \u017ee by je\u0161t\u011b dok\u00e1zali schodek n\u011bjak citeln\u011b sn\u00ed\u017eit,\u201c \u0159ekla. Pikora pr\u00fd premi\u00e9rovi p\u0159edlo\u017e\u00ed 22 n\u00e1vrh\u016f na \u00faspory. \u201ePomoc\u00ed nich by m\u011bl j\u00edt schodek sn\u00ed\u017eit a\u017e o osmdes\u00e1t miliard,\u201c uvedl poslanec v pond\u011bl\u00ed <a target=\"_blank\" href=\"https:\/\/cnn.iprima.cz\/motoriste-chteji-skrtnout-v-rozpoctu-desitky-miliard-babis-nase-hlasy-potrebuje-rekl-pikora-520621\" rel=\"nofollow noopener\">v po\u0159adu 360 na CNN Prima NEWS<\/a>.<\/p>\n<p>Schillerov\u00e1 ov\u0161em varovala p\u0159ed odeb\u00edr\u00e1n\u00edm pen\u011bz na investice. \u201ePokud zmraz\u00edme investice, tak podtrhneme ekonomice nohy. Zemi bychom tak uvrhli na n\u011bkolik let do recese,\u201c zd\u016fraznila.<\/p>\n<p>Ministryn\u011b tak\u00e9 p\u0159ipustila, \u017ee \u010cesko mus\u00ed do p\u0159\u00ed\u0161t\u00edch let zm\u011bnit fisk\u00e1ln\u011b-struktur\u00e1ln\u00ed pl\u00e1n. Zm\u011bny se pr\u00fd nevyhnou ani p\u0159\u00edjmov\u00e9 stran\u011b, zved\u00e1n\u00ed dan\u00ed se ale podle Schillerov\u00e9 nechyst\u00e1. V \u00fater\u00fd p\u0159itom ministryn\u011b v po\u0159adu Nov\u00fd den na CNN Prima NEWS <a target=\"_blank\" href=\"https:\/\/cnn.iprima.cz\/budeme-muset-zvysovat-nektere-dane-pripustila-schillerova-konsolidovat-chce-az-o-120-miliard-520628\" rel=\"nofollow noopener\">p\u0159ipustila, \u017ee uva\u017euje o zv\u00fd\u0161en\u00ed n\u011bkter\u00fdch dan\u00ed<\/a>. Zm\u00ednila zdan\u011bn\u00ed hazardu a investi\u010dn\u00edch nemovitost\u00ed.<\/p>\n<p class=\"intro-title-mobile\">\n        \u010ct\u011bte tak\u00e9\n    <\/p>\n<p>        <a href=\"https:\/\/cnn.iprima.cz\/neprijemne-prekvapeni-experti-ostreluji-rozpocet-skolstvi-plaga-zabojuje-o-chybejici-miliardy-520693\" class=\"image-link\" rel=\"nofollow noopener\" target=\"_blank\"><\/p>\n<p>            <img decoding=\"async\" loading=\"lazy\" class=\"image\" src=\"https:\/\/www.europesays.com\/cz\/wp-content\/uploads\/2026\/09\/1788456142_357_b09caead7f7ee43604ad56e282c8242b.jpg\" alt=\"Ministr \u0161kolstv\u00ed Robert Plaga (za ANO)\"\/><\/p>\n<p>            <\/a><\/p>\n<p class=\"intro-title-desktop\">\n            \u010ct\u011bte tak\u00e9\n        <\/p>\n<p>                <a href=\"https:\/\/cnn.iprima.cz\/neprijemne-prekvapeni-experti-ostreluji-rozpocet-skolstvi-plaga-zabojuje-o-chybejici-miliardy-520693\" class=\"title-link\" rel=\"nofollow noopener\" target=\"_blank\"><\/p>\n<p class=\"title\">\n                Nep\u0159\u00edjemn\u00e9 p\u0159ekvapen\u00ed: Experti ost\u0159eluj\u00ed rozpo\u010det \u0161kolstv\u00ed, Plaga v\u011b\u0159\u00ed v pomoc Schillerov\u00e9\n            <\/p>\n<p>        <\/a><\/p>\n<p>                                                                                                1. z\u00e1\u0159 2026, 19:37<\/p>\n<p>                6 min \u010dten\u00ed<\/p>\n<p>\u201eNemysl\u00edm si, \u017ee m\u00ed\u0159\u00edme ke zved\u00e1n\u00ed dan\u00ed. Pro roky 2028 a 2029 je rozhodn\u011b pot\u0159eba za\u010d\u00edt zm\u011bny pl\u00e1novat ji\u017e te\u010f. P\u0159edpokl\u00e1d\u00e1m, \u017ee i pan Pikora bude pro uskute\u010dn\u011bn\u00ed sv\u00fdch pl\u00e1n\u016f pot\u0159ebovat novou legislativu a ta zabere \u010das\u201c, dodala Schillerov\u00e1.<\/p>\n<p>Schodek rozpo\u010dtu na rok 2027 po\u010d\u00edt\u00e1 s v\u00fddaji p\u0159evy\u0161uj\u00edc\u00edmi p\u0159\u00edjmy o 389 miliard a je nomin\u00e1ln\u011b druh\u00fdm nejvy\u0161\u0161\u00edm za dobu existence \u010cesk\u00e9 republiky. Vy\u0161\u0161\u00ed z\u016fst\u00e1v\u00e1 pouze ten z covidov\u00e9ho roku 2021, kter\u00fd \u010dinil 419,7 miliardy korun. N\u00e1vrh rozpo\u010dtu ji\u017e d\u0159\u00edve <a target=\"_blank\" href=\"https:\/\/cnn.iprima.cz\/ostuda-a-ekonomicky-marasmus-opozice-cupuje-navrh-statniho-rozpoctu-520570\" rel=\"nofollow noopener\">ost\u0159e kritizovala opozice <\/a>a za p\u0159\u00edli\u0161 vysok\u00fd navr\u017een\u00fd deficit pova\u017euje i prezident Petr Pavel.<\/p>\n<p>MOHLO V\u00c1M UNIKNOUT: <a target=\"_blank\" href=\"https:\/\/cnn.iprima.cz\/motoriste-chteji-skrtnout-v-rozpoctu-desitky-miliard-babis-nase-hlasy-potrebuje-rekl-pikora-520621\" rel=\"nofollow noopener\">Motorist\u00e9 cht\u011bj\u00ed \u0161krtnout v rozpo\u010dtu des\u00edtky miliard. Babi\u0161 na\u0161e hlasy pot\u0159ebuje, \u0159ekl Pikora.<\/a><\/p>\n<p class=\"!text-semibold-14-14 !text-black mb-0 mt-2\">\n                Kry\u0161tof studuje na Pedagogick\u00e9 fakult\u011b a Fakult\u011b soci\u00e1ln\u00edch v\u011bd Univerzity Karlovy. V\u011bnuje se sportu, kultu\u0159e a sou\u010dasn\u00e9mu d\u011bn\u00ed. Za\u010d\u00ednal jako hudebn\u00ed redaktor zam\u011b\u0159uj\u00edc\u00ed se na alternativn\u00ed hudbu. Jako redaktor CNN Prima NEWS p\u016fsob\u00ed od listopadu 2025. (Krystof.Prchlik@iprima.cz)\n            <\/p>\n","protected":false},"excerpt":{"rendered":"Ministryn\u011b financ\u00ed Alena Schillerov\u00e1 (ANO) v\u00a0po\u0159adu K\u00a0v\u011bci na CNN Prima NEWS obhajovala schodek st\u00e1tn\u00edho rozpo\u010dtu na rok 2027,&hellip;\n","protected":false},"author":2,"featured_media":201777,"comment_status":"","ping_status":"","sticky":false,"template":"","format":"standard","meta":{"footnotes":"","_share_on_mastodon":"0"},"categories":[7],"tags":[297,43,42,41,40,1668,1520,708,69,11137,11748,2887,703,5431,174,137,3502,964,45493,11615],"class_list":["post-201776","post","type-post","status-publish","format-standard","has-post-thumbnail","category-cesko","tag-alena-schillerova","tag-ceska-republika","tag-cesko","tag-czech-republic","tag-czechia","tag-dan","tag-dane","tag-ekonomika","tag-investice","tag-makroekonomie","tag-ministr-financi","tag-obchod-a-finance","tag-penize","tag-politicke-strany","tag-politika","tag-rozpocet","tag-statni-rozpocet","tag-vlada","tag-vladimir-pikora","tag-vladni-politika"],"share_on_mastodon":{"url":"https:\/\/pubeurope.com\/@cz\/117208268650003363","error":""},"_links":{"self":[{"href":"https:\/\/www.europesays.com\/cz\/wp-json\/wp\/v2\/posts\/201776","targetHints":{"allow":["GET"]}}],"collection":[{"href":"https:\/\/www.europesays.com\/cz\/wp-json\/wp\/v2\/posts"}],"about":[{"href":"https:\/\/www.europesays.com\/cz\/wp-json\/wp\/v2\/types\/post"}],"author":[{"embeddable":true,"href":"https:\/\/www.europesays.com\/cz\/wp-json\/wp\/v2\/users\/2"}],"replies":[{"embeddable":true,"href":"https:\/\/www.europesays.com\/cz\/wp-json\/wp\/v2\/comments?post=201776"}],"version-history":[{"count":0,"href":"https:\/\/www.europesays.com\/cz\/wp-json\/wp\/v2\/posts\/201776\/revisions"}],"wp:featuredmedia":[{"embeddable":true,"href":"https:\/\/www.europesays.com\/cz\/wp-json\/wp\/v2\/media\/201777"}],"wp:attachment":[{"href":"https:\/\/www.europesays.com\/cz\/wp-json\/wp\/v2\/media?parent=201776"}],"wp:term":[{"taxonomy":"category","embeddable":true,"href":"https:\/\/www.europesays.com\/cz\/wp-json\/wp\/v2\/categories?post=201776"},{"taxonomy":"post_tag","embeddable":true,"href":"https:\/\/www.europesays.com\/cz\/wp-json\/wp\/v2\/tags?post=201776"}],"curies":[{"name":"wp","href":"https:\/\/api.w.org\/{rel}","templated":true}]}}