{"id":201800,"date":"2026-09-03T17:41:15","date_gmt":"2026-09-03T17:41:15","guid":{"rendered":"https:\/\/www.europesays.com\/cz\/201800\/"},"modified":"2026-09-03T17:41:15","modified_gmt":"2026-09-03T17:41:15","slug":"pozar-onkocentra-na-homolce-pacienty-evakuovali-resit-museli-i-umrti-vazne-nemocneho","status":"publish","type":"post","link":"https:\/\/www.europesays.com\/cz\/201800\/","title":{"rendered":"Po\u017e\u00e1r onkocentra na Homolce: Pacienty evakuovali, \u0159e\u0161it museli i\u00a0\u00famrt\u00ed v\u00e1\u017en\u011b nemocn\u00e9ho"},"content":{"rendered":"<p class=\"c_bB\">Po\u017e\u00e1r zas\u00e1hl opl\u00e1\u0161t\u011bn\u00ed budovy v\u00a0Roentgenov\u011b ulici. \u201eHas\u00edme pomoc\u00ed v\u00fd\u0161kov\u00e9 techniky, prob\u011bhla evakuace budovy, my jsme na m\u00edsto poslali evakua\u010dn\u00ed autobus,\u201c sd\u011blil Novink\u00e1m v\u00a0podve\u010der mluv\u010d\u00ed pra\u017esk\u00fdch hasi\u010d\u016f Miroslav \u0158ez\u00e1\u010d. <\/p>\n<p class=\"c_bB\">Hasi\u010di ohe\u0148 brzy dostali pod kontrolu. \u201ePlamenn\u00e9 ho\u0159en\u00ed je uha\u0161eno. D\u00e1le prov\u00e1d\u00edme rozeb\u00edr\u00e1n\u00ed plechov\u00e9ho opl\u00e1\u0161t\u011bn\u00ed a\u00a0vyhled\u00e1n\u00ed skryt\u00fdch ohnisek,\u201c uvedl pak p\u0159ed 18:30.<\/p>\n<p class=\"c_bB\">Podle zdroje Novinek z\u00a0Fakultn\u00ed nemocnice Motol a\u00a0Homolka se z\u00e1sah t\u00fdkal nov\u011b otev\u0159en\u00e9 budovy onkologick\u00e9ho centra. \u201eHo\u0159ela fas\u00e1da, venku, vevnit\u0159 ne,\u201c p\u0159ibl\u00ed\u017eil zdroj.<\/p>\n<p><a data-dot=\"atm-link\" target=\"_self\" href=\"https:\/\/www.novinky.cz\/clanek\/krimi-v-praze-se-zritil-a-shorel-ctyrmetrovy-model-letadla-40595730\" class=\"c_I\" rel=\"nofollow noopener\"><img height=\"1080\" width=\"1920\" src=\"https:\/\/www.europesays.com\/cz\/wp-content\/uploads\/2026\/09\/1788457274_70_pozar-hasic-model-letadlo.jpeg\" loading=\"lazy\" decoding=\"async\" class=\"c_t c_r c_l\"\/><\/a><\/p>\n<p class=\"c_bB\">Pra\u017esk\u00e1 z\u00e1chrann\u00e1 slu\u017eba vyslala k\u00a0po\u017e\u00e1ru z\u00e1chran\u00e1\u0159e, l\u00e9ka\u0159e, inspektora a\u00a0speci\u00e1ln\u00ed vozy F\u00e9nix a\u00a0evakua\u010dn\u00ed speci\u00e1l. Evakuov\u00e1ny byly asi dv\u011b des\u00edtky lid\u00ed, v\u011bt\u0161ina z\u00a0toho byli pacienti.<\/p>\n<p class=\"c_bB\">\u201eNejedn\u00e1 se o\u00a0pacienty, kte\u0159\u00ed by byli n\u00e1sledkem po\u017e\u00e1ru zran\u011bn\u00ed nebo se nad\u00fdchali kou\u0159e,\u201c uvedla mluv\u010d\u00ed pra\u017esk\u00e9 z\u00e1chranky Jana Po\u0161tov\u00e1. \u201eZran\u011bn\u00fd nen\u00ed nikdo,\u201c dodala.<\/p>\n<p class=\"c_bB\">Podle informac\u00ed agentury Aktu.cz v\u00a0onkologick\u00e9m centru zem\u0159el pacient, mluv\u010d\u00ed nemocnice Martina Dost\u00e1lov\u00e1 ale uvedla, \u017ee to s\u00a0po\u017e\u00e1rem nesouviselo. \u201eNebyl po\u017e\u00e1rem ohro\u017een na \u017eivot\u011b, souviselo to s\u00a0diagn\u00f3zou toho pacienta,\u201c uvedla Dost\u00e1lov\u00e1. Pacient podle n\u00ed zem\u0159el je\u0161t\u011b p\u0159ed evakuac\u00ed. <\/p>\n<p class=\"c_bB\">P\u0159edb\u011b\u017en\u00fd odhad \u0161kod na opl\u00e1\u0161t\u011bn\u00ed podle n\u00ed dosahuje t\u0159iceti milion\u016f korun.<\/p>\n<p class=\"c_bB\">P\u0159\u00ed\u010dina po\u017e\u00e1ru zat\u00edm nen\u00ed z\u0159ejm\u00e1. \u201eNa m\u00edst\u011b je omezen provoz a\u00a0budeme zji\u0161\u0165ovat, pro\u010d k\u00a0zaho\u0159en\u00ed do\u0161lo,\u201c \u0159ekla Novink\u00e1m policejn\u00ed mluv\u010d\u00ed Eva Krop\u00e1\u010dkov\u00e1.<\/p>\n<p><a data-dot=\"atm-link\" target=\"_self\" href=\"https:\/\/www.novinky.cz\/clanek\/krimi-v-praze-se-zritil-a-shorel-ctyrmetrovy-model-letadla-40595730\" class=\"c_I\" rel=\"nofollow noopener\"><img height=\"1080\" width=\"1920\" src=\"https:\/\/www.europesays.com\/cz\/wp-content\/uploads\/2026\/09\/1788457274_70_pozar-hasic-model-letadlo.jpeg\" loading=\"lazy\" decoding=\"async\" class=\"c_t c_r c_l\"\/><\/a><img height=\"900\"   width=\"1600\" src=\"https:\/\/www.europesays.com\/cz\/wp-content\/uploads\/2026\/09\/homolka-motol-onkocentrum-pozar-hasici.jpeg\" loading=\"lazy\" decoding=\"async\" class=\"c_t c_r c_l\"\/>Foto: Aktu.cz<\/p>\n","protected":false},"excerpt":{"rendered":"Po\u017e\u00e1r zas\u00e1hl opl\u00e1\u0161t\u011bn\u00ed budovy v\u00a0Roentgenov\u011b ulici. \u201eHas\u00edme pomoc\u00ed v\u00fd\u0161kov\u00e9 techniky, prob\u011bhla evakuace budovy, my jsme na m\u00edsto poslali&hellip;\n","protected":false},"author":2,"featured_media":201801,"comment_status":"","ping_status":"","sticky":false,"template":"","format":"standard","meta":{"footnotes":"","_share_on_mastodon":"0"},"categories":[10],"tags":[17,21,3673,346,16,735,18,19,22,20],"class_list":["post-201800","post","type-post","status-publish","format-standard","has-post-thumbnail","category-zpravy","tag-headlines","tag-hlavni-udalosti","tag-motol","tag-nemocnice","tag-news","tag-pozar","tag-top-news","tag-top-stories","tag-udalosti-dne","tag-zpravy"],"share_on_mastodon":{"url":"https:\/\/pubeurope.com\/@cz\/117208343490129950","error":""},"_links":{"self":[{"href":"https:\/\/www.europesays.com\/cz\/wp-json\/wp\/v2\/posts\/201800","targetHints":{"allow":["GET"]}}],"collection":[{"href":"https:\/\/www.europesays.com\/cz\/wp-json\/wp\/v2\/posts"}],"about":[{"href":"https:\/\/www.europesays.com\/cz\/wp-json\/wp\/v2\/types\/post"}],"author":[{"embeddable":true,"href":"https:\/\/www.europesays.com\/cz\/wp-json\/wp\/v2\/users\/2"}],"replies":[{"embeddable":true,"href":"https:\/\/www.europesays.com\/cz\/wp-json\/wp\/v2\/comments?post=201800"}],"version-history":[{"count":0,"href":"https:\/\/www.europesays.com\/cz\/wp-json\/wp\/v2\/posts\/201800\/revisions"}],"wp:featuredmedia":[{"embeddable":true,"href":"https:\/\/www.europesays.com\/cz\/wp-json\/wp\/v2\/media\/201801"}],"wp:attachment":[{"href":"https:\/\/www.europesays.com\/cz\/wp-json\/wp\/v2\/media?parent=201800"}],"wp:term":[{"taxonomy":"category","embeddable":true,"href":"https:\/\/www.europesays.com\/cz\/wp-json\/wp\/v2\/categories?post=201800"},{"taxonomy":"post_tag","embeddable":true,"href":"https:\/\/www.europesays.com\/cz\/wp-json\/wp\/v2\/tags?post=201800"}],"curies":[{"name":"wp","href":"https:\/\/api.w.org\/{rel}","templated":true}]}}