{"id":201820,"date":"2026-09-03T17:58:09","date_gmt":"2026-09-03T17:58:09","guid":{"rendered":"https:\/\/www.europesays.com\/cz\/201820\/"},"modified":"2026-09-03T17:58:09","modified_gmt":"2026-09-03T17:58:09","slug":"rondely-v-hradeckych-kuklenach-je-treba-zachovat-shodli-se-akteri-resi-kudy-vest-silnici-idnes-cz","status":"publish","type":"post","link":"https:\/\/www.europesays.com\/cz\/201820\/","title":{"rendered":"Rondely v hradeck\u00fdch Kuklen\u00e1ch je t\u0159eba zachovat, shodli se akt\u00e9\u0159i. \u0158e\u0161\u00ed, kudy v\u00e9st silnici &#8211; iDNES.cz"},"content":{"rendered":"<p><a href=\"https:\/\/news.google.com\/rss\/articles\/CBMiywFBVV95cUxQVGJUMDVmaGs4cE11bndjMHUtWTdpVTNyWjdsekhjWDVEWmllTEJqNTFSN2JLYWE0bG9rMXhPaDJkZ2puU2MyODRUT3pzaUlzLU83NFNoUVdJa1hwUnlvR1I2UFR3QnFZRUVJejRreHN5T0traUhUdWRyQW5xWjduRlIxUEdLZ3FCX3Rma0I1VEY2UGhwTEpLaVZWTUNoWUxEYWZ1bjk2NVBDdURROEUyY1B2b0U1VWQ5Z25kUFZLa0JPemRMNlU2ZU80RQ?oc=5\" target=\"_blank\" rel=\"nofollow noopener\">Rondely v hradeck\u00fdch Kuklen\u00e1ch je t\u0159eba zachovat, shodli se akt\u00e9\u0159i. \u0158e\u0161\u00ed, kudy v\u00e9st silnici<\/a>&nbsp;&nbsp;iDNES.cz<a href=\"https:\/\/news.google.com\/rss\/articles\/CBMixwFBVV95cUxPWnhSRk9PY0diTHVjQWNFb2g4eEJ6RXpNNVFCN2R2S3c0NXJlbmdzMXFLSHJPdXVrTFRSbHhJaTRydzZfN19vMHBvdW9yZTV3R1l6QUlaUndnc0NNRmI3UWZxOVRwV1lnSFhVWFI3d1FpRFo2MWtTbGJQa1owU21uYXdNWUZqYVpvZjRUazBvTDRVdGZ4X0doWHFoZFc5dFhlUlFFY3FoT0ZWMUtrbFFTQ1JMY3dMNzZ3YXRmSjQ5NXN1eFpfbjRz?oc=5\" target=\"_blank\" rel=\"nofollow noopener\">P\u0159es unik\u00e1tn\u00ed nalezi\u0161t\u011b v Kuklen\u00e1ch m\u00e1 v\u00e9st silnice. Neolitick\u00e9 rondely zat\u00edm ochr\u00e1n\u00ed memorandum<\/a>&nbsp;&nbsp;iROZHLAS<a href=\"https:\/\/news.google.com\/rss\/articles\/CBMitwFBVV95cUxNRm9sX1FSVk5GOEFFT3kyTGZJd3JUREkzRnozdXBYXzNnTEVWaEpkMDBYQlJTMkdMOXlVbU9VSGxLaDdCTVV6LVFwZzlHeV9VLXRvZlBhb2Z6akY5aTJaSUhWUVRJRDZWRzdFc002bmtLUzZMMHQwYmxvWWFEUFEtWW8tN1hHUmlpUjBsdnVIM0JuREp4R0tFRkxzWXpqdmxCend2MEhCYW9ESmZQQ3BVT3RYalQteHM?oc=5\" target=\"_blank\" rel=\"nofollow noopener\">Hradeck\u00e9 muzeum svolalo jedn\u00e1n\u00ed o z\u00e1chran\u011b kuklensk\u00fdch neolitick\u00fdch rondel\u016f<\/a>&nbsp;&nbsp;hradecky.denik.cz<a href=\"https:\/\/news.google.com\/rss\/articles\/CBMilgFBVV95cUxQMDVJZWZFUU9Mbm9CZzdwaFAxTTFESEpJZWhaYktNMG1NbEhUcGo4bjRxTnVta3RIRGZzSW1IaU1QM1NBMUlBQWdBSFExWjZST1VyZVdUUHpOOXBadVpHZFE1NGxhQ3U3OHN3ZHNpcVNrWDQ3blZ6M0sweUtOcnFvVFZFOWY4MDU5V1dtNXc4dnMxbDNxUGc?oc=5\" target=\"_blank\" rel=\"nofollow noopener\">Kuklensk\u00e9 rondely maj\u00ed z\u016fstat neporu\u0161en\u00e9. \u0158e\u0161en\u00ed m\u00e1 p\u0159in\u00e9st memorandum<\/a>&nbsp;&nbsp;Salonky HK<\/p>\n","protected":false},"excerpt":{"rendered":"Rondely v hradeck\u00fdch Kuklen\u00e1ch je t\u0159eba zachovat, shodli se akt\u00e9\u0159i. \u0158e\u0161\u00ed, kudy v\u00e9st silnici&nbsp;&nbsp;iDNES.czP\u0159es unik\u00e1tn\u00ed nalezi\u0161t\u011b v Kuklen\u00e1ch&hellip;\n","protected":false},"author":2,"featured_media":201821,"comment_status":"","ping_status":"","sticky":false,"template":"","format":"standard","meta":{"footnotes":"","_share_on_mastodon":"0"},"categories":[7],"tags":[43,42,41,40,2524],"class_list":["post-201820","post","type-post","status-publish","format-standard","has-post-thumbnail","category-cesko","tag-ceska-republika","tag-cesko","tag-czech-republic","tag-czechia","tag-kralovehradecky-kraj"],"share_on_mastodon":{"url":"https:\/\/pubeurope.com\/@cz\/117208410301938517","error":""},"_links":{"self":[{"href":"https:\/\/www.europesays.com\/cz\/wp-json\/wp\/v2\/posts\/201820","targetHints":{"allow":["GET"]}}],"collection":[{"href":"https:\/\/www.europesays.com\/cz\/wp-json\/wp\/v2\/posts"}],"about":[{"href":"https:\/\/www.europesays.com\/cz\/wp-json\/wp\/v2\/types\/post"}],"author":[{"embeddable":true,"href":"https:\/\/www.europesays.com\/cz\/wp-json\/wp\/v2\/users\/2"}],"replies":[{"embeddable":true,"href":"https:\/\/www.europesays.com\/cz\/wp-json\/wp\/v2\/comments?post=201820"}],"version-history":[{"count":0,"href":"https:\/\/www.europesays.com\/cz\/wp-json\/wp\/v2\/posts\/201820\/revisions"}],"wp:featuredmedia":[{"embeddable":true,"href":"https:\/\/www.europesays.com\/cz\/wp-json\/wp\/v2\/media\/201821"}],"wp:attachment":[{"href":"https:\/\/www.europesays.com\/cz\/wp-json\/wp\/v2\/media?parent=201820"}],"wp:term":[{"taxonomy":"category","embeddable":true,"href":"https:\/\/www.europesays.com\/cz\/wp-json\/wp\/v2\/categories?post=201820"},{"taxonomy":"post_tag","embeddable":true,"href":"https:\/\/www.europesays.com\/cz\/wp-json\/wp\/v2\/tags?post=201820"}],"curies":[{"name":"wp","href":"https:\/\/api.w.org\/{rel}","templated":true}]}}