{"id":201834,"date":"2026-09-03T18:07:13","date_gmt":"2026-09-03T18:07:13","guid":{"rendered":"https:\/\/www.europesays.com\/cz\/201834\/"},"modified":"2026-09-03T18:07:13","modified_gmt":"2026-09-03T18:07:13","slug":"mhd-v-blansku-ma-nove-hybridni-autobusy-pri-zastaveni-automaticky-vypnou-motor","status":"publish","type":"post","link":"https:\/\/www.europesays.com\/cz\/201834\/","title":{"rendered":"MHD v Blansku m\u00e1 nov\u00e9 hybridn\u00ed autobusy. P\u0159i zastaven\u00ed automaticky vypnou motor"},"content":{"rendered":"<p>\n                                        Autobusy budou vozit cestuj\u00edc\u00ed na v\u0161ech link\u00e1ch MHD.                                    <\/p>\n<p>Dva nov\u00e9 hybridn\u00ed autobusy voz\u00ed od za\u010d\u00e1tku z\u00e1\u0159\u00ed pasa\u017e\u00e9ry v Blansku. Vozy MAN Lion\u2019s City EfficientHybrid doplnily flotilu spole\u010dnosti \u010cAD Blansko, kter\u00e1 ve m\u011bst\u011b zaji\u0161\u0165uje hromadnou dopravu. Nov\u00e9 n\u00edzkopodla\u017en\u00ed autobusy budou cestuj\u00edc\u00ed vozit na v\u0161ech link\u00e1ch blanensk\u00e9 MHD.<\/p>\n<p>Od nov\u00fdch autobus\u016f si veden\u00ed \u010cAD slibuje sn\u00ed\u017een\u00ed spot\u0159eby paliva, emis\u00ed i hlu\u010dnosti. Autobusy jsou vybaveny syst\u00e9mem, kter\u00fd jejich spalovac\u00ed motor p\u0159i zastaven\u00ed automaticky vypne. Technologie EfficientHybrid nav\u00edc umo\u017e\u0148uje efektivn\u011bji vyu\u017e\u00edvat energii vznikaj\u00edc\u00ed p\u0159i brzd\u011bn\u00ed, skrze rekuperaci ji v\u016fz n\u00e1sledn\u011b vyu\u017e\u00edv\u00e1 p\u0159i rozjezdech.<\/p>\n<p>\u201ePodle v\u00fdrobce m\u016f\u017ee syst\u00e9m v z\u00e1vislosti na charakteru provozu p\u0159in\u00e9st v\u00fdznamnou \u00fasporu paliva oproti klasick\u00e9mu pohonu. Nov\u00e9 autobusy tak pomohou sn\u00ed\u017eit nejen spot\u0159ebu nafty, ale tak\u00e9 provozn\u00ed n\u00e1klady a mno\u017estv\u00ed emis\u00ed. V m\u011bstsk\u00e9m provozu, kde autobus b\u011bhem sv\u00e9 sm\u011bny opakovan\u011b zastavuje a rozj\u00ed\u017ed\u00ed se, je to v\u00fdznamn\u00e9,\u201c uvedl vedouc\u00ed osobn\u00ed dopravy \u010cAD Blansko Martin Jel\u00ednek.<\/p>\n<p>Kapacita autobus\u016f je 99 m\u00edst na st\u00e1n\u00ed i na sezen\u00ed. Vozy jsou tak\u00e9 vybaveny ozna\u010dova\u010di j\u00edzdenek, kter\u00e9 ukazuj\u00ed \u010das a z\u00f3nu, ve kter\u00e9 se cestuj\u00edc\u00ed pr\u00e1v\u011b nach\u00e1zej\u00ed. S nov\u00fdmi klimatizovan\u00fdmi autobusy se lid\u00e9 setkaj\u00ed od z\u00e1\u0159\u00ed na v\u0161ech link\u00e1ch MHD v Blansku.<\/p>\n<p>\u201ePo\u0159\u00edzen\u00ed nov\u00fdch autobus\u016f je d\u016fle\u017eit\u00fdm krokem v postupn\u00e9 obnov\u011b vozov\u00e9ho parku. Chceme, aby ve\u0159ejn\u00e1 doprava byla nejen spolehliv\u00e1, ale tak\u00e9 modern\u00ed, pohodln\u00e1 a hospod\u00e1rn\u00e1,\u201c doplnil Jel\u00ednek.<\/p>\n<p><a href=\"https:\/\/zdopravy.cz\/most-jako-puzzle-blansko-ceka-na-posledni-cast-lavky-ktera-pres-svitavu-propoji-mesto-s-ostrovem-283907\/\" rel=\"nofollow noopener\" target=\"_blank\">Most jako puzzle. Blansko \u010dek\u00e1 na posledn\u00ed \u010d\u00e1st l\u00e1vky, kter\u00e1 p\u0159es Svitavu propoj\u00ed m\u011bsto s ostrovem<\/a><\/p>\n<p>Na trasu sm\u011br \u010ceskovice u\u017e autobusy mohou<\/p>\n<p>Autobusy se po osmi m\u011bs\u00edc\u00edch vr\u00e1tily tak\u00e9 na silnici z Blanska sm\u011brem na \u010ce\u0161kovice, kter\u00e1 byla od za\u010d\u00e1tku leto\u0161n\u00edho roku zcela uzav\u0159ena kv\u016fli p\u0159elo\u017ece silnice a stavb\u011b nov\u00fdch op\u011btn\u00fdch zd\u00ed a parkovi\u0161\u0165. Krom\u011b autobus\u016f m\u00edstem projedou tak\u00e9 vozidla integrovan\u00e9ho z\u00e1chrann\u00e9ho syst\u00e9mu. Auta na trasu vr\u00e1t\u00ed z\u0159ejm\u011b od 20. listopadu, zat\u00edm pro n\u011b d\u00e1l plat\u00ed obj\u00ed\u017e\u010fka p\u0159es T\u011bchov a Ob\u016frku.<\/p>\n<p>\u201eV\u0161echny autobusov\u00e9 linky pojedou ze zast\u00e1vky Sever na \u010ce\u0161kovice p\u0159\u00edmo, stejn\u011b tak i v opa\u010dn\u00e9m sm\u011bru. Platit tedy budou od 1. z\u00e1\u0159\u00ed znovu j\u00edzdn\u00ed \u0159\u00e1dy, kter\u00e9 jsme nasadili loni v prosinci p\u0159ed dopravn\u00ed uzav\u00edrkou,\u201c up\u0159esnil Jel\u00ednek.<\/p>\n<p>                                                        Tagy<\/p>\n<p>                                                                                                                                                                                                                            <a href=\"https:\/\/zdopravy.cz\/tag\/blansko\/\" type=\"button\" class=\"btn btn-secondary mb-1 btn-sm\" rel=\"nofollow noopener\" target=\"_blank\"><br \/>\n                                                                Blansko                                                            <\/a><br \/>\n                                                                                                                                                                                                                                <a href=\"https:\/\/zdopravy.cz\/tag\/cad-blansko\/\" type=\"button\" class=\"btn btn-secondary mb-1 btn-sm\" rel=\"nofollow noopener\" target=\"_blank\"><br \/>\n                                                                \u010cAD Blansko                                                            <\/a><\/p>\n<p>                                                <a href=\"https:\/\/zdopravy.cz\/mhd-v-blansku-ma-nove-hybridni-autobusy-pri-zastaveni-automaticky-vypnou-motor-297434\/?comments=1#comments\" class=\"ml-3 text-body mb-3 mt-4 d-inline-block\" rel=\"nofollow noopener\" target=\"_blank\"><\/p>\n<p>                                                    8 koment\u00e1\u0159\u016f                                                <\/a><\/p>\n","protected":false},"excerpt":{"rendered":"Autobusy budou vozit cestuj\u00edc\u00ed na v\u0161ech link\u00e1ch MHD. Dva nov\u00e9 hybridn\u00ed autobusy voz\u00ed od za\u010d\u00e1tku z\u00e1\u0159\u00ed pasa\u017e\u00e9ry v&hellip;\n","protected":false},"author":2,"featured_media":201835,"comment_status":"","ping_status":"","sticky":false,"template":"","format":"standard","meta":{"footnotes":"","_share_on_mastodon":"0"},"categories":[7],"tags":[4890,46137,43,42,41,40,119],"class_list":["post-201834","post","type-post","status-publish","format-standard","has-post-thumbnail","category-cesko","tag-blansko","tag-cad-blansko","tag-ceska-republika","tag-cesko","tag-czech-republic","tag-czechia","tag-seznam"],"share_on_mastodon":{"url":"https:\/\/pubeurope.com\/@cz\/117208445381520471","error":""},"_links":{"self":[{"href":"https:\/\/www.europesays.com\/cz\/wp-json\/wp\/v2\/posts\/201834","targetHints":{"allow":["GET"]}}],"collection":[{"href":"https:\/\/www.europesays.com\/cz\/wp-json\/wp\/v2\/posts"}],"about":[{"href":"https:\/\/www.europesays.com\/cz\/wp-json\/wp\/v2\/types\/post"}],"author":[{"embeddable":true,"href":"https:\/\/www.europesays.com\/cz\/wp-json\/wp\/v2\/users\/2"}],"replies":[{"embeddable":true,"href":"https:\/\/www.europesays.com\/cz\/wp-json\/wp\/v2\/comments?post=201834"}],"version-history":[{"count":0,"href":"https:\/\/www.europesays.com\/cz\/wp-json\/wp\/v2\/posts\/201834\/revisions"}],"wp:featuredmedia":[{"embeddable":true,"href":"https:\/\/www.europesays.com\/cz\/wp-json\/wp\/v2\/media\/201835"}],"wp:attachment":[{"href":"https:\/\/www.europesays.com\/cz\/wp-json\/wp\/v2\/media?parent=201834"}],"wp:term":[{"taxonomy":"category","embeddable":true,"href":"https:\/\/www.europesays.com\/cz\/wp-json\/wp\/v2\/categories?post=201834"},{"taxonomy":"post_tag","embeddable":true,"href":"https:\/\/www.europesays.com\/cz\/wp-json\/wp\/v2\/tags?post=201834"}],"curies":[{"name":"wp","href":"https:\/\/api.w.org\/{rel}","templated":true}]}}