{"id":201848,"date":"2026-09-03T18:16:14","date_gmt":"2026-09-03T18:16:14","guid":{"rendered":"https:\/\/www.europesays.com\/cz\/201848\/"},"modified":"2026-09-03T18:16:14","modified_gmt":"2026-09-03T18:16:14","slug":"oni-mne-to-nerekli-zapad-buduje-obranu-proti-dezinformacim-babisovo-cesko-naopak-odzbrojuje-a-uz-schytava-rany-hospodarske-noviny","status":"publish","type":"post","link":"https:\/\/www.europesays.com\/cz\/201848\/","title":{"rendered":"\u201eOni mn\u011b to ne\u0159ekli!\u201c Z\u00e1pad buduje obranu proti dezinformac\u00edm, Babi\u0161ovo \u010cesko naopak odzbrojuje a u\u017e schyt\u00e1v\u00e1 r\u00e1ny &#8211; Hospod\u00e1\u0159sk\u00e9 noviny"},"content":{"rendered":"<p><a href=\"https:\/\/news.google.com\/rss\/articles\/CBMi6wFBVV95cUxPTmJPMmUwem1RYWxGS0RZS0Q0akh1cDFfUUNUZXlQNHFmeWc4ZDg2blRoTzNsSVR2N3NIX0s2LXRHZ1BZUk9lTUhfWkhQUWZ4Z1BManR6cnRYV0ZDVXRqX3RHLWQ3N2JpWmxSQXZMWk1BVEZ5OV9mUU4wVzFCdnhFU1NTcnJiUy1wSlZhUlNhQkpHY0tQcWpQdEZrTWZiTEFvbzlQai15V0hFVFNuS25mOXNtX2xucjFUNG5OczlWaXE1VlYwMzBhUUhkNVU1Z2tzeFBabnRWZUNaYTRhVmFzeW1XZ05UMnBVclE0?oc=5\" target=\"_blank\" rel=\"nofollow noopener\">\u201eOni mn\u011b to ne\u0159ekli!\u201c Z\u00e1pad buduje obranu proti dezinformac\u00edm, Babi\u0161ovo \u010cesko naopak odzbrojuje a u\u017e schyt\u00e1v\u00e1 r\u00e1ny<\/a>&nbsp;&nbsp;Hospod\u00e1\u0159sk\u00e9 noviny<a href=\"https:\/\/news.google.com\/rss\/articles\/CBMi0AFBVV95cUxPc2VPV2MwcVEtZ0xUWnJHNEZCQ1V5VG5iY3lxeFJybXpLT3BjZW5pQ084cE44MF9yTC1IRlNDbmNNb3hFbDZWeFZ4eHJ4dGxuYzRsenpyUURRWUlpY2pZWlNlU3QyaDRiNlAxN0JIbmtNRkhoYXdNVzQzMG1sYVQwb0xPdUdCVVZ4bXcza3JOUnc5SjFmSzJhdklOTVY0dzdoT3V2Ulg3bW1SX2ZtNXZjdWZoOGp3aXJua182SmhySDMydWJOaV9JSnFSamFGMjBk?oc=5\" target=\"_blank\" rel=\"nofollow noopener\">Fale\u0161n\u00fd diplomat i zpravodajsk\u00fd server. Operace, jakou \u010cesko je\u0161t\u011b nevid\u011blo<\/a>&nbsp;&nbsp;Seznam Zpr\u00e1vy<a href=\"https:\/\/news.google.com\/rss\/articles\/CBMiwgFBVV95cUxPRjVfUkVmcm14SUJQVjNjLVctT0JtbnI4aGRfU1hrLVlHZlVMTl95eVJkT0ZlWW8yRHVNc1U0Nm9CUi1UNENDclBLM2wtRjRkemFrOEpkcWp2ek1MRWV6QWdUNGY2b29SSGg3bE8wbGhtak03Z3Y2dnhnNWFSLWxDejk5emxLekZMNzZXOGRhYWxnbHhfNHFOMDZoUF96VHE4dzc1MjJfN01qSnhLR1FRSHNlZ240Z3FLTzZtMHpHN2k2QQ?oc=5\" target=\"_blank\" rel=\"nofollow noopener\">Diskuze: M\u00e1m moc bujnou p\u0159edstavivost? Politiky nadzvedlo chov\u00e1n\u00ed Babi\u0161ovy vl\u00e1dy, padlo trestn\u00ed ozn\u00e1men\u00ed<\/a>&nbsp;&nbsp;forum 24<\/p>\n","protected":false},"excerpt":{"rendered":"\u201eOni mn\u011b to ne\u0159ekli!\u201c Z\u00e1pad buduje obranu proti dezinformac\u00edm, Babi\u0161ovo \u010cesko naopak odzbrojuje a u\u017e schyt\u00e1v\u00e1 r\u00e1ny&nbsp;&nbsp;Hospod\u00e1\u0159sk\u00e9 novinyFale\u0161n\u00fd&hellip;\n","protected":false},"author":2,"featured_media":201849,"comment_status":"","ping_status":"","sticky":false,"template":"","format":"standard","meta":{"footnotes":"","_share_on_mastodon":"0"},"categories":[7],"tags":[266,43,42,41,40,3660],"class_list":["post-201848","post","type-post","status-publish","format-standard","has-post-thumbnail","category-cesko","tag-andrej-babis","tag-ceska-republika","tag-cesko","tag-czech-republic","tag-czechia","tag-dezinformace"],"share_on_mastodon":{"url":"https:\/\/pubeurope.com\/@cz\/117208480934131016","error":""},"_links":{"self":[{"href":"https:\/\/www.europesays.com\/cz\/wp-json\/wp\/v2\/posts\/201848","targetHints":{"allow":["GET"]}}],"collection":[{"href":"https:\/\/www.europesays.com\/cz\/wp-json\/wp\/v2\/posts"}],"about":[{"href":"https:\/\/www.europesays.com\/cz\/wp-json\/wp\/v2\/types\/post"}],"author":[{"embeddable":true,"href":"https:\/\/www.europesays.com\/cz\/wp-json\/wp\/v2\/users\/2"}],"replies":[{"embeddable":true,"href":"https:\/\/www.europesays.com\/cz\/wp-json\/wp\/v2\/comments?post=201848"}],"version-history":[{"count":0,"href":"https:\/\/www.europesays.com\/cz\/wp-json\/wp\/v2\/posts\/201848\/revisions"}],"wp:featuredmedia":[{"embeddable":true,"href":"https:\/\/www.europesays.com\/cz\/wp-json\/wp\/v2\/media\/201849"}],"wp:attachment":[{"href":"https:\/\/www.europesays.com\/cz\/wp-json\/wp\/v2\/media?parent=201848"}],"wp:term":[{"taxonomy":"category","embeddable":true,"href":"https:\/\/www.europesays.com\/cz\/wp-json\/wp\/v2\/categories?post=201848"},{"taxonomy":"post_tag","embeddable":true,"href":"https:\/\/www.europesays.com\/cz\/wp-json\/wp\/v2\/tags?post=201848"}],"curies":[{"name":"wp","href":"https:\/\/api.w.org\/{rel}","templated":true}]}}