{"id":201850,"date":"2026-09-03T18:17:17","date_gmt":"2026-09-03T18:17:17","guid":{"rendered":"https:\/\/www.europesays.com\/cz\/201850\/"},"modified":"2026-09-03T18:17:17","modified_gmt":"2026-09-03T18:17:17","slug":"priprava-brna-s-trincem-se-nedohrala-ocelari-odmitli-v-zapase-pokracovat","status":"publish","type":"post","link":"https:\/\/www.europesays.com\/cz\/201850\/","title":{"rendered":"P\u0159\u00edprava Brna s\u00a0T\u0159incem se nedohr\u00e1la, Ocel\u00e1\u0159i odm\u00edtli v\u00a0z\u00e1pase pokra\u010dovat"},"content":{"rendered":"<p class=\"b_bA\">T\u011bch d\u016fvod\u016f (nepokra\u010dovat v\u00a0z\u00e1pase) bylo v\u00edc. Vid\u011bli jste, jak vypadalo dal\u0161\u00ed st\u0159\u00edd\u00e1n\u00ed po tom faulu. To u\u017e asi \u00fapln\u011b nem\u00e1 \u00fa\u010del p\u0159\u00edpravy a\u00a0nesplnilo by to, co by to m\u011blo splnit. Jedna v\u011bc je, \u017ee nechceme riskovat zdrav\u00ed hr\u00e1\u010d\u016f. Dal\u0161\u00ed v\u011bc je, \u017ee tu m\u00e1me hr\u00e1\u010de, kde jsou rodinn\u00e9 vazby, a\u00a0prost\u011b jsme necht\u011bli riskovat n\u011bjak\u00fd st\u0159et, kter\u00fd by nebyl vhodn\u00fd pro p\u0159\u00edpravn\u00e9 utk\u00e1n\u00ed,\u201c nar\u00e1\u017eel kou\u010d T\u0159ince Boris \u017dabka na fakt, \u017ee v\u00a0k\u00e1dru Ocel\u00e1\u0159\u016f figuruje i\u00a0star\u0161\u00ed z\u00a0bratrsk\u00e9 dvojice Kova\u0159\u010d\u00edkov\u00fdch Ond\u0159ej.<\/p>\n<p class=\"b_bA\">Michal Kova\u0159\u010d\u00edk byl po tvrd\u00e9m z\u00e1kroku ramenem do hlavy chv\u00edli v\u00a0bezv\u011bdom\u00ed. \u201eMichal byl p\u0159evezen z\u00e1chrannou slu\u017ebou do nemocnice v\u00a0Bohunic\u00edch, p\u0159i odjezdu s\u00a0l\u00e9ka\u0159i komunikoval a\u00a0byl p\u0159i v\u011bdom\u00ed. Bli\u017e\u0161\u00ed informace p\u0159ineseme po dal\u0161\u00edch vy\u0161et\u0159en\u00edch,\u201c uvedl T\u0159inec.<\/p>\n<p><img fetchpriority=\"high\" height=\"881\"   width=\"1250\" src=\"https:\/\/www.europesays.com\/cz\/wp-content\/uploads\/2026\/09\/michal-kovarcik.jpeg\" loading=\"eager\" decoding=\"sync\" class=\"b_B b_z\"\/>Foto: HC Kometa Brno \/ Ivo Dost\u00e1l<\/p>\n<p class=\"b_bA\">Michal Kova\u0159\u010d\u00edk na led\u011b po z\u00e1kroku Jana \u0160\u010dotky.<\/p>\n<p class=\"b_bA\">Brn\u011bn\u0161t\u00ed m\u011bli pro rozhodnut\u00ed sv\u00e9ho soupe\u0159e pochopen\u00ed. \u201eVysv\u011btlen\u00ed hlavn\u00edho tren\u00e9ra T\u0159ince (Borise \u017dabky) k\u00a0nedohr\u00e1n\u00ed dne\u0161n\u00edho utk\u00e1n\u00ed rozum\u00edm, ch\u00e1pu a\u00a0respektuju. Stejn\u011b jako cel\u00fd n\u00e1\u0161 klub. Nep\u0159ejeme si nic jin\u00e9ho, ne\u017e aby byl Michal Kova\u0159\u010d\u00edk v\u00a0po\u0159\u00e1dku,\u201c prohl\u00e1sil hlavn\u00ed tren\u00e9r a\u00a0majitel Komety Libor Z\u00e1bransk\u00fd.<\/p>\n<p class=\"b_bA\">Na led\u011b se bezprost\u0159edn\u011b po z\u00e1kroku strhla poty\u010dka, do n\u00ed\u017e se ze st\u0159\u00edda\u010dek zapojili i\u00a0obr\u00e1nci Richard Nedomlel za dom\u00e1c\u00ed (je\u0161t\u011b v\u00a0minul\u00e9 sezon\u011b nastupoval za Ocel\u00e1\u0159e) a\u00a0t\u0159ineck\u00fd David Aubrecht. Oba za opu\u0161t\u011bn\u00ed hr\u00e1\u010dsk\u00e9 lavice obdr\u017eeli trest do konce utk\u00e1n\u00ed.<\/p>\n<p class=\"b_bA\">Rozhod\u010d\u00ed z\u00e1krok \u0160\u010dotky jako faul nevyhodnotili, co\u017e se kou\u010di \u017dabkovi pranic nel\u00edbilo. \u201eRozhod\u010d\u00ed se po pauze omlouval, \u017ee nem\u00e1 k\u00a0dispozici ani jeden (opakovan\u00fd) z\u00e1b\u011br\u2026 To mi p\u0159ijde, \u017ee by se nem\u011blo st\u00e1vat,\u201c prohl\u00e1sil \u017dabka <a data-dot=\"atm-link\" target=\"_blank\" rel=\"noopener nofollow\" href=\"https:\/\/hcocelari.cz\/cz\/article\/10731-Boris-Zabka-o-predcasnem-ukonceni-pripravneho-utkani-v-Brne\" class=\"b_V\">pro klubov\u00fd web<\/a>.<\/p>\n<p><img height=\"892\"   width=\"1250\" src=\"https:\/\/www.europesays.com\/cz\/wp-content\/uploads\/2026\/09\/trinec.jpeg\" loading=\"eager\" decoding=\"sync\" class=\"b_B b_z\"\/>Foto: HC Kometa Brno \/ Ivo Dost\u00e1l<\/p>\n<p class=\"b_bA\">T\u0159ine\u010dt\u00ed Ond\u0159ej Kova\u0159\u010d\u00edk s\u00a0Davidem Musilem startuj\u00ed po Janu \u0160\u010dotkovi, po jeho\u017e z\u00e1kroku byl zran\u011bn \u00fato\u010dn\u00edk Ocel\u00e1\u0159\u016f Michal Kova\u0159\u010d\u00edk.<\/p>\n<p class=\"b_bA\">Sv\u00e9 hr\u00e1\u010de st\u00e1hl z\u00a0duelu i\u00a0proto, aby se p\u0159ehnan\u00e1 rivalita mezi ob\u011bma t\u00fdmy nep\u0159enesla do sout\u011b\u017en\u00edch z\u00e1pas\u016f b\u011bhem sezony. \u201eTohle je pr\u00e1v\u011b ten hlavn\u00ed d\u016fvod, kv\u016fli kter\u00e9mu jsme to ud\u011blali\u00a0\u2013 aby se to nestalo. Necht\u011bli jsme, abychom se pak potkali n\u011bkde v\u00a0lize a\u00a0n\u011bkdo se zranil, nebo aby se tam p\u0159eneslo n\u011bco, co jsme pr\u00e1v\u011b necht\u011bli,\u201c dodal \u017dabka.<\/p>\n<p class=\"b_bA\">Jist\u00e9 je, \u017ee Kova\u0159\u010d\u00edk utrp\u011bl ot\u0159es mozku, dal\u0161\u00ed mo\u017en\u00e1 poran\u011bn\u00ed odhal\u00ed CT vy\u0161et\u0159en\u00ed v\u00a0nemocnici. Snad by se ale na\u0161t\u011bst\u00ed nem\u011blo jednat o\u00a0z\u00e1va\u017en\u011bj\u0161\u00ed \u00fajmu na zdrav\u00ed.<\/p>\n<p>P\u0159\u00edpravn\u00e1 hokejov\u00e1 utk\u00e1n\u00ed:Kometa Brno &#8211; Ocel\u00e1\u0159i T\u0159inec 0:0 nedohr\u00e1noEnergie Karlovy Vary &#8211; Verva Litv\u00ednov 3:0 (2:0, 0:0, 1:0)Branky: 8. \u010cernoch, 12. Egle, 60. My\u0161\u00e1k.Dukla Jihlava &#8211; Olomouc 1:0 (0:0, 0:0, 1:0)Branka: 53. Harkabus.V\u00edtkovice Ridera &#8211; VHK Robe Vset\u00edn 3:5 (1:1, 0:2, 2:2)Branky: 13. a 44. \u0160. Str\u00e1nsk\u00fd, 54. Yetman &#8211; 19. a 36. P. Straka, 30. Plos, 56. Costa, 60. Zahradn\u00ed\u010dek.<a data-dot=\"atm-link\" target=\"_self\" href=\"https:\/\/www.sport.cz\/clanek\/hokej-ceska-1-liga-vitez-prvni-ligy-dostane-pred-barazi-novou-vyhodu-ma-mu-pomoci-proti-extraligistovi-5526020\" class=\"b_V g_ig\" rel=\"nofollow noopener\"><img height=\"2731\" width=\"3641\" src=\"https:\/\/www.europesays.com\/cz\/wp-content\/uploads\/2026\/09\/1788459437_231_baraz-dukla-jihlava-litvinov.jpeg\" loading=\"eager\" decoding=\"sync\" class=\"b_B b_z\"\/><\/a><\/p>\n","protected":false},"excerpt":{"rendered":"T\u011bch d\u016fvod\u016f (nepokra\u010dovat v\u00a0z\u00e1pase) bylo v\u00edc. Vid\u011bli jste, jak vypadalo dal\u0161\u00ed st\u0159\u00edd\u00e1n\u00ed po tom faulu. To u\u017e asi&hellip;\n","protected":false},"author":2,"featured_media":201851,"comment_status":"","ping_status":"","sticky":false,"template":"","format":"standard","meta":{"footnotes":"","_share_on_mastodon":"0"},"categories":[10],"tags":[2728,4991,17,21,29,46142,16,6058,2729,18,19,22,20,1296],"class_list":["post-201850","post","type-post","status-publish","format-standard","has-post-thumbnail","category-zpravy","tag-hc-kometa-brno","tag-hc-ocelari-trinec","tag-headlines","tag-hlavni-udalosti","tag-hokej","tag-michal-kovarcik","tag-news","tag-priprava","tag-tipsport-extraliga","tag-top-news","tag-top-stories","tag-udalosti-dne","tag-zpravy","tag-zraneni"],"share_on_mastodon":{"url":"https:\/\/pubeurope.com\/@cz\/117208485076420885","error":""},"_links":{"self":[{"href":"https:\/\/www.europesays.com\/cz\/wp-json\/wp\/v2\/posts\/201850","targetHints":{"allow":["GET"]}}],"collection":[{"href":"https:\/\/www.europesays.com\/cz\/wp-json\/wp\/v2\/posts"}],"about":[{"href":"https:\/\/www.europesays.com\/cz\/wp-json\/wp\/v2\/types\/post"}],"author":[{"embeddable":true,"href":"https:\/\/www.europesays.com\/cz\/wp-json\/wp\/v2\/users\/2"}],"replies":[{"embeddable":true,"href":"https:\/\/www.europesays.com\/cz\/wp-json\/wp\/v2\/comments?post=201850"}],"version-history":[{"count":0,"href":"https:\/\/www.europesays.com\/cz\/wp-json\/wp\/v2\/posts\/201850\/revisions"}],"wp:featuredmedia":[{"embeddable":true,"href":"https:\/\/www.europesays.com\/cz\/wp-json\/wp\/v2\/media\/201851"}],"wp:attachment":[{"href":"https:\/\/www.europesays.com\/cz\/wp-json\/wp\/v2\/media?parent=201850"}],"wp:term":[{"taxonomy":"category","embeddable":true,"href":"https:\/\/www.europesays.com\/cz\/wp-json\/wp\/v2\/categories?post=201850"},{"taxonomy":"post_tag","embeddable":true,"href":"https:\/\/www.europesays.com\/cz\/wp-json\/wp\/v2\/tags?post=201850"}],"curies":[{"name":"wp","href":"https:\/\/api.w.org\/{rel}","templated":true}]}}