{"id":201872,"date":"2026-09-03T18:33:13","date_gmt":"2026-09-03T18:33:13","guid":{"rendered":"https:\/\/www.europesays.com\/cz\/201872\/"},"modified":"2026-09-03T18:33:13","modified_gmt":"2026-09-03T18:33:13","slug":"ifa-2026-mluvit-s-nami-bude-trouba-i-kavovar-ai-meni-spotrebice-k-nepoznani","status":"publish","type":"post","link":"https:\/\/www.europesays.com\/cz\/201872\/","title":{"rendered":"IFA 2026: Mluvit s\u00a0n\u00e1mi bude trouba i\u00a0k\u00e1vovar. AI m\u011bn\u00ed spot\u0159ebi\u010de k\u00a0nepozn\u00e1n\u00ed"},"content":{"rendered":"<p class=\"c_bB\">\u201eU\u017e p\u0159i p\u0159\u00edchodu sem na v\u00fdstavi\u0161t\u011b jsem vid\u011bl, \u017ee v\u0161ichni mluv\u00ed o\u00a0dom\u00e1cnostech a\u00a0o um\u011bl\u00e9 inteligenci v\u00a0dom\u00e1cnosti. A\u00a0samoz\u0159ejm\u011b je tu spousta dom\u00e1c\u00edch spot\u0159ebi\u010d\u016f, tak\u017ee v\u00a0t\u00e9to oblasti uvid\u00edme mnoho inovac\u00ed,\u201c \u0159\u00edk\u00e1 nez\u00e1visl\u00fd technologick\u00fd analytik Andrea Nepori.<\/p>\n<p class=\"c_bB\">Bosch na IFA p\u0159edstavil nap\u0159\u00edklad syst\u00e9m Cook-AI. Ten m\u00e1 u\u017eivatel\u016fm pomoci p\u0159i p\u0159\u00edprav\u011b slo\u017eit\u011bj\u0161\u00edch j\u00eddel. Nab\u00edz\u00ed jednotliv\u00e9 kroky receptu, hl\u00edd\u00e1 \u010das a\u00a0dok\u00e1\u017ee koordinovat n\u011bkolik propojen\u00fdch spot\u0159ebi\u010d\u016f. <\/p>\n<p class=\"c_bB\">\u201eUm\u011bl\u00e1 inteligence poskytuje pokyny, hl\u00edd\u00e1 \u010das a\u00a0koordinuje jednotliv\u00e9 spot\u0159ebi\u010de, ale kontrolu m\u00e1 st\u00e1le v\u00a0rukou u\u017eivatel,\u201c vysv\u011btluje Christoph Luis, viceprezident Bosche pro n\u011bmeck\u00fd maloobchod v\u00a0oblasti elektro. <\/p>\n<p><a data-dot=\"atm-link\" target=\"_self\" href=\"https:\/\/www.novinky.cz\/clanek\/internet-a-pc-hardware-ifa-2026-acer-odhalil-notebook-se-ctyrmi-displeji-i-retro-gramofon-40595935\" class=\"c_I\" rel=\"nofollow noopener\"><img fetchpriority=\"high\" height=\"1080\" width=\"1920\" src=\"https:\/\/www.europesays.com\/cz\/wp-content\/uploads\/2026\/09\/1788460392_552_acer-veletrh-ifa-berlin.jpeg\" loading=\"eager\" decoding=\"sync\" class=\"c_t c_r\"\/><\/a>Rozum\u00ed lidem<\/p>\n<p class=\"c_bB\">Siemens \u0161el je\u0161t\u011b d\u00e1l a\u00a0uk\u00e1zal novou \u201emluv\u00edc\u00ed\u201c troubu. Ta dok\u00e1\u017ee rozum\u011bt b\u011b\u017en\u00e9 mluven\u00e9 \u0159e\u010di a\u00a0u\u017eivatele prov\u00e9st procesem va\u0159en\u00ed bez nutnosti pou\u017e\u00edvat p\u0159edem definovan\u00e9 hlasov\u00e9 p\u0159\u00edkazy nebo dal\u0161\u00ed za\u0159\u00edzen\u00ed. <\/p>\n<p class=\"c_bB\">AI se p\u0159itom nem\u00e1 omezovat jen na kuchy\u0148. Bosch p\u0159edstavil tak\u00e9 inteligentn\u00ed kamerov\u00fd syst\u00e9m, kter\u00fd dok\u00e1\u017ee rozpoznat zn\u00e1m\u00e9 a\u00a0nezn\u00e1m\u00e9 osoby a\u00a0upozornit u\u017eivatele na d\u016fle\u017eit\u00e9 d\u011bn\u00ed. <\/p>\n<p class=\"c_bB\">Siemens p\u0159edstavil tak\u00e9 k\u00e1vovar EQ600, kter\u00fd bude v\u00a0N\u011bmecku propojen s\u00a0hlasovou slu\u017ebou Amazon Alexa Plus. U\u017eivatel s\u00a0n\u00edm bude moci komunikovat p\u0159irozenou \u0159e\u010d\u00ed a\u00a0p\u0159\u00edstroj se z\u00e1rove\u0148 bude u\u010dit z\u00a0jeho n\u00e1vyk\u016f a\u00a0preferenc\u00ed. <\/p>\n<p class=\"c_bB\">\u201eSe sv\u00fdm k\u00e1vovarem m\u016f\u017eete mluvit stejn\u011b jako s\u00a0p\u0159\u00edtelem nebo \u010dlenem rodiny. EQ600\u00a0se u\u010d\u00ed z\u00a0va\u0161ich n\u00e1vyk\u016f t\u00e9m\u011b\u0159 stejn\u011b jako m\u016fj obl\u00edben\u00fd \u010d\u00ed\u0161n\u00edk v\u00a0Caf\u00e9 Ritter ve V\u00eddni, kter\u00fd si spolehliv\u011b pamatuje, jakou sm\u011bs k\u00e1vy m\u00e1m r\u00e1da,\u201c \u0159\u00edk\u00e1 Ulrike Pesta, viceprezidentka Siemensu pro n\u011bmeck\u00fd maloobchod v\u00a0oblasti kuchy\u0148sk\u00fdch spot\u0159ebi\u010d\u016f.<\/p>\n<p class=\"c_bB\">Vedle AI p\u0159edstavily ob\u011b zna\u010dky tak\u00e9 klasickou novou v\u00fdbavu dom\u00e1cnosti\u00a0\u2013 od trub a\u00a0lednic p\u0159es pra\u010dky a\u017e po horkovzdu\u0161n\u00e9 frit\u00e9zy, vysava\u010de a\u00a0k\u00e1vovary.<\/p>\n<p>Firmy mus\u00ed AI lidem \u201eprodat\u201c<\/p>\n<p class=\"c_bB\">Technologick\u00fd analytik Nepori ale upozor\u0148uje, \u017ee v\u00fdrobci maj\u00ed p\u0159ed sebou je\u0161t\u011b jednu p\u0159ek\u00e1\u017eku. Tou je ned\u016fv\u011bra \u010d\u00e1sti ve\u0159ejnosti k\u00a0um\u011bl\u00e9 inteligenci. \u201eLid\u00e9 v\u00a0sou\u010dasnosti nemaj\u00ed o\u00a0um\u011bl\u00e9 inteligenci zrovna nejlep\u0161\u00ed m\u00edn\u011bn\u00ed a\u00a0jej\u00ed pov\u011bst nen\u00ed p\u0159\u00edli\u0161 dobr\u00e1. M\u00e1me z\u00a0AI v\u011bt\u0161\u00ed obavy, ne\u017e jak\u00e9 m\u00e1me nad\u0161en\u00ed z\u00a0toho, co p\u0159ich\u00e1z\u00ed,\u201c \u0159\u00edk\u00e1. <\/p>\n<p class=\"c_bB\">V\u00fdrobci proto podle n\u011bj m\u011bn\u00ed zp\u016fsob, jak\u00fdm o\u00a0AI mluv\u00ed. M\u00edsto technologie, kter\u00e1 m\u00e1 \u010dlov\u011bka nahradit nebo b\u00fdt mocn\u011bj\u0161\u00ed ne\u017e on, se sna\u017e\u00ed vytvo\u0159it obraz um\u011bl\u00e9 inteligence jako pomocn\u00edka. \u201eSna\u017e\u00ed se posunout sd\u011blen\u00ed od n\u011b\u010deho, co je mocn\u011bj\u0161\u00ed ne\u017e my a\u00a0co n\u00e1s nahrad\u00ed, k\u00a0n\u011b\u010demu, co bude na\u0161\u00edm spole\u010dn\u00edkem a\u00a0pomocn\u00edkem,\u201c dod\u00e1v\u00e1 Nepori.<\/p>\n<p class=\"c_bB\">Pr\u00e1v\u011b na tomto principu stav\u00ed leto\u0161n\u00ed novinky Bosche a\u00a0Siemensu. Um\u011bl\u00e1 inteligence nem\u00e1 dom\u00e1c\u00ed spot\u0159ebi\u010de pouze ovl\u00e1dat, ale postupn\u011b se u\u010dit, co jejich majitel\u00e9 pot\u0159ebuj\u00ed\u00a0\u2013 a\u00a0v ide\u00e1ln\u00edm p\u0159\u00edpad\u011b jim ka\u017edodenn\u00ed fungov\u00e1n\u00ed doma skute\u010dn\u011b usnadnit. <\/p>\n<p><a data-dot=\"atm-link\" target=\"_self\" href=\"https:\/\/www.novinky.cz\/clanek\/internet-a-pc-mobil-ifa-2026-samsung-osekal-svuj-nejlepsi-telefon-aby-mohl-novinku-citelne-zlevnit-40595832\" class=\"c_I\" rel=\"nofollow noopener\"><img height=\"1080\" width=\"1920\" src=\"https:\/\/www.europesays.com\/cz\/wp-content\/uploads\/2026\/09\/1788460393_396_berlin-samsung-galaxy-s26-fe-mobil.jpeg\" loading=\"eager\" decoding=\"sync\" class=\"c_t c_r\"\/><\/a><\/p>\n","protected":false},"excerpt":{"rendered":"\u201eU\u017e p\u0159i p\u0159\u00edchodu sem na v\u00fdstavi\u0161t\u011b jsem vid\u011bl, \u017ee v\u0161ichni mluv\u00ed o\u00a0dom\u00e1cnostech a\u00a0o um\u011bl\u00e9 inteligenci v\u00a0dom\u00e1cnosti. A\u00a0samoz\u0159ejm\u011b je&hellip;\n","protected":false},"author":2,"featured_media":201873,"comment_status":"","ping_status":"","sticky":false,"template":"","format":"standard","meta":{"footnotes":"","_share_on_mastodon":"0"},"categories":[12],"tags":[4125,20568,67,68,31855,45891,11905,4195,126,1105],"class_list":["post-201872","post","type-post","status-publish","format-standard","has-post-thumbnail","category-byznys","tag-berlin","tag-bosch","tag-business","tag-byznys","tag-chytra-domacnost","tag-ifa-berlin","tag-siemens","tag-spotrebice","tag-umela-inteligence-ai","tag-veletrh"],"share_on_mastodon":{"url":"https:\/\/pubeurope.com\/@cz\/117208547803608350","error":""},"_links":{"self":[{"href":"https:\/\/www.europesays.com\/cz\/wp-json\/wp\/v2\/posts\/201872","targetHints":{"allow":["GET"]}}],"collection":[{"href":"https:\/\/www.europesays.com\/cz\/wp-json\/wp\/v2\/posts"}],"about":[{"href":"https:\/\/www.europesays.com\/cz\/wp-json\/wp\/v2\/types\/post"}],"author":[{"embeddable":true,"href":"https:\/\/www.europesays.com\/cz\/wp-json\/wp\/v2\/users\/2"}],"replies":[{"embeddable":true,"href":"https:\/\/www.europesays.com\/cz\/wp-json\/wp\/v2\/comments?post=201872"}],"version-history":[{"count":0,"href":"https:\/\/www.europesays.com\/cz\/wp-json\/wp\/v2\/posts\/201872\/revisions"}],"wp:featuredmedia":[{"embeddable":true,"href":"https:\/\/www.europesays.com\/cz\/wp-json\/wp\/v2\/media\/201873"}],"wp:attachment":[{"href":"https:\/\/www.europesays.com\/cz\/wp-json\/wp\/v2\/media?parent=201872"}],"wp:term":[{"taxonomy":"category","embeddable":true,"href":"https:\/\/www.europesays.com\/cz\/wp-json\/wp\/v2\/categories?post=201872"},{"taxonomy":"post_tag","embeddable":true,"href":"https:\/\/www.europesays.com\/cz\/wp-json\/wp\/v2\/tags?post=201872"}],"curies":[{"name":"wp","href":"https:\/\/api.w.org\/{rel}","templated":true}]}}