{"id":201898,"date":"2026-09-03T18:54:16","date_gmt":"2026-09-03T18:54:16","guid":{"rendered":"https:\/\/www.europesays.com\/cz\/201898\/"},"modified":"2026-09-03T18:54:16","modified_gmt":"2026-09-03T18:54:16","slug":"dalsi-auta-do-centra-liberce-radnice-planuje-novy-parkovaci-dum-vznikne-v-nem-i-9-bytu","status":"publish","type":"post","link":"https:\/\/www.europesays.com\/cz\/201898\/","title":{"rendered":"Dal\u0161\u00ed auta do centra Liberce. Radnice pl\u00e1nuje nov\u00fd parkovac\u00ed d\u016fm, vznikne v n\u011bm i 9 byt\u016f"},"content":{"rendered":"<p>\n                                        Nov\u00fd d\u016fm vznikne na m\u00edst\u011b sou\u010dasn\u00e9ho parkovi\u0161t\u011b.                                     <\/p>\n<p>Liberec se rozhodl p\u0159iv\u00e9st do centra dal\u0161\u00ed auta. Radn\u00ed na sv\u00e9m posledn\u00edm zased\u00e1n\u00ed projednali studii v\u00fdstavby parkovac\u00edho domu ve Fr\u00fddlantsk\u00e9 ulici, zhruba 300 metr\u016f od radnice. Studie navrhuje postavit d\u016fm o kapacit\u011b 180 parkovac\u00edch st\u00e1n\u00ed.<\/p>\n<p>M\u011bsto o tom informovalo v tiskov\u00e9 zpr\u00e1v\u011b, detaily k cel\u00e9 stavb\u011b m\u00e1 zve\u0159ejnit z\u00edtra. Podle rozhodnut\u00ed radn\u00edch m\u00e1 Kancel\u00e1\u0159 architektury m\u011bsta p\u0159edlo\u017eit do b\u0159ezna 2027 studii ekonomick\u00e9 proveditelnosti. Do leto\u0161n\u00edho \u0159\u00edjna m\u00e1 kancel\u00e1\u0159 sezn\u00e1mit radn\u00ed s n\u00e1vrhem projektov\u00e9ho t\u00fdmu. Nejpozd\u011bji v \u010dervnu p\u0159\u00ed\u0161t\u00edho roku m\u00e1 za\u010d\u00edt projektov\u00e1 p\u0159\u00edprava.<\/p>\n<p>\u201eJedn\u00e1 se o prvn\u00ed ze s\u00e9rie pl\u00e1novan\u00fdch parkovac\u00edch dom\u016f na \u00fazem\u00ed m\u011bsta, kter\u00e9 pomohou v\u00fdrazn\u011b odleh\u010dit centru a sou\u010dasn\u011b zlep\u0161it bezpe\u010dnost i plynulost dopravy. Jde o modern\u00ed stavbu, je\u017e by m\u011bla respektovat sv\u00e9 okol\u00ed, b\u00fdt polyfunk\u010dn\u00ed a vedle samotn\u00e9ho parkov\u00e1n\u00ed nab\u00eddnout obchody a slu\u017eby sm\u011brem do Fr\u00fddlantsk\u00e9 ulice. Sou\u010d\u00e1st\u00ed objektu bude tak\u00e9 m\u011bstsk\u00e9 bydlen\u00ed,\u201c komentuje n\u00e1m\u011bstek prim\u00e1tora pro architekturu, ve\u0159ejn\u00fd prostor a\u00a0 dopravn\u00ed stavby Ji\u0159\u00ed Jan\u010fourek, kter\u00fd je s\u00e1m autorem architektonick\u00e9 studie.<\/p>\n<p>Parkovac\u00ed d\u016fm je um\u00edst\u011bn na m\u011bstsk\u00fdch pozemc\u00edch na st\u00e1vaj\u00edc\u00edm parkovi\u0161ti pod budovou Aviceny s vjezdem z Fr\u00fddlantsk\u00e9 ulice. Jeho um\u00edst\u011bn\u00ed je situov\u00e1no na budovan\u00e9m m\u011bstsk\u00e9m vnit\u0159n\u00edm okruhu v bl\u00edzkosti historick\u00e9ho centra m\u011bsta.<\/p>\n<p>Na st\u00e1vaj\u00edc\u00ed plo\u0161e je zhruba 50 parkovac\u00edch m\u00edst, v pl\u00e1nu je polyfunk\u010dn\u00ed d\u016fm se 180 parkovac\u00edmi m\u00edsty. Na m\u00edst\u011b vznikne osmipodla\u017en\u00ed polyfunk\u010dn\u00ed budova. V prvn\u00edm a\u017e p\u00e1t\u00e9m nadzemn\u00edm podla\u017e\u00ed jsou navr\u017eeny komer\u010dn\u00ed a parkovac\u00ed plochy, ve t\u0159ech dal\u0161\u00edch patrech bude 9 bytov\u00fdch jednotek s celkovou plochou cca 531 metr\u016f \u010dtvere\u010dn\u00edch. N\u00e1vrh upravuje i vzhled vn\u011bj\u0161\u00edho ve\u0159ejn\u00e9ho prostoru v\u010detn\u011b v\u00fdsadby zelen\u011b.<\/p>\n<p>V Liberci v posledn\u00edch dvou letech vznikly v centru dva velk\u00e9 parkovac\u00ed domy. Jeden u s\u00eddla Libereck\u00e9ho kraje, druh\u00fd u nemocnice.<\/p>\n<p>                                                        Tagy<\/p>\n<p>                                                                                                                                                                                                                            <a href=\"https:\/\/zdopravy.cz\/tag\/liberec\/\" type=\"button\" class=\"btn btn-secondary mb-1 btn-sm\" rel=\"nofollow noopener\" target=\"_blank\"><br \/>\n                                                                liberec                                                            <\/a><br \/>\n                                                                                                                                                                                                                                <a href=\"https:\/\/zdopravy.cz\/tag\/parkovaci-dum-frydlantska\/\" type=\"button\" class=\"btn btn-secondary mb-1 btn-sm\" rel=\"nofollow noopener\" target=\"_blank\"><br \/>\n                                                                parkovac\u00ed d\u016fm Fr\u00fddlantsk\u00e1                                                            <\/a><\/p>\n<p>                                                <a href=\"https:\/\/zdopravy.cz\/dalsi-auta-do-centra-liberce-radnice-planuje-novy-parkovaci-dum-vznikne-v-nem-i-9-bytu-297516\/?comments=1#comments\" class=\"ml-3 text-body mb-3 mt-4 d-inline-block\" rel=\"nofollow noopener\" target=\"_blank\"><\/p>\n<p>                                                    15 koment\u00e1\u0159\u016f                                                <\/a><\/p>\n","protected":false},"excerpt":{"rendered":"Nov\u00fd d\u016fm vznikne na m\u00edst\u011b sou\u010dasn\u00e9ho parkovi\u0161t\u011b. Liberec se rozhodl p\u0159iv\u00e9st do centra dal\u0161\u00ed auta. Radn\u00ed na sv\u00e9m&hellip;\n","protected":false},"author":2,"featured_media":201899,"comment_status":"","ping_status":"","sticky":false,"template":"","format":"standard","meta":{"footnotes":"","_share_on_mastodon":"0"},"categories":[7],"tags":[43,42,41,40,1817,46150,119],"class_list":["post-201898","post","type-post","status-publish","format-standard","has-post-thumbnail","category-cesko","tag-ceska-republika","tag-cesko","tag-czech-republic","tag-czechia","tag-liberec","tag-parkovaci-dum-frydlantska","tag-seznam"],"share_on_mastodon":{"url":"https:\/\/pubeurope.com\/@cz\/117208630279086916","error":""},"_links":{"self":[{"href":"https:\/\/www.europesays.com\/cz\/wp-json\/wp\/v2\/posts\/201898","targetHints":{"allow":["GET"]}}],"collection":[{"href":"https:\/\/www.europesays.com\/cz\/wp-json\/wp\/v2\/posts"}],"about":[{"href":"https:\/\/www.europesays.com\/cz\/wp-json\/wp\/v2\/types\/post"}],"author":[{"embeddable":true,"href":"https:\/\/www.europesays.com\/cz\/wp-json\/wp\/v2\/users\/2"}],"replies":[{"embeddable":true,"href":"https:\/\/www.europesays.com\/cz\/wp-json\/wp\/v2\/comments?post=201898"}],"version-history":[{"count":0,"href":"https:\/\/www.europesays.com\/cz\/wp-json\/wp\/v2\/posts\/201898\/revisions"}],"wp:featuredmedia":[{"embeddable":true,"href":"https:\/\/www.europesays.com\/cz\/wp-json\/wp\/v2\/media\/201899"}],"wp:attachment":[{"href":"https:\/\/www.europesays.com\/cz\/wp-json\/wp\/v2\/media?parent=201898"}],"wp:term":[{"taxonomy":"category","embeddable":true,"href":"https:\/\/www.europesays.com\/cz\/wp-json\/wp\/v2\/categories?post=201898"},{"taxonomy":"post_tag","embeddable":true,"href":"https:\/\/www.europesays.com\/cz\/wp-json\/wp\/v2\/tags?post=201898"}],"curies":[{"name":"wp","href":"https:\/\/api.w.org\/{rel}","templated":true}]}}