{"id":201929,"date":"2026-09-03T19:16:14","date_gmt":"2026-09-03T19:16:14","guid":{"rendered":"https:\/\/www.europesays.com\/cz\/201929\/"},"modified":"2026-09-03T19:16:14","modified_gmt":"2026-09-03T19:16:14","slug":"polsko-kvuli-rusku-posiluje-ochranu-vzdusneho-prostoru","status":"publish","type":"post","link":"https:\/\/www.europesays.com\/cz\/201929\/","title":{"rendered":"Polsko kv\u016fli Rusku posiluje ochranu vzdu\u0161n\u00e9ho prostoru"},"content":{"rendered":"<p class=\"c_bB\">\u201ePo posledn\u00edch rusk\u00fdch provokac\u00edch a\u00a0aktech agrese jsem se rozhodl roz\u0161\u00ed\u0159it ochranu na\u0161eho vzdu\u0161n\u00e9ho prostoru. Zvy\u0161ujeme aktivitu na\u0161ich vzdu\u0161n\u00fdch sil, v\u010detn\u011b letoun\u016f F-16\u00a0a\u00a0vrtuln\u00edk\u016f,\u201c <a data-dot=\"atm-link\" target=\"_blank\" rel=\"noopener nofollow\" href=\"https:\/\/x.com\/KosiniakKamysz\" class=\"c_I\">napsal<\/a> Kosiniak-Kamysz na s\u00edti X.<\/p>\n<p class=\"c_bB\">\u201ePosledn\u00ed t\u00fddny uk\u00e1zaly, \u017ee provokace z\u00a0Ruska maj\u00ed mnoho podob a\u00a0p\u0159edstavuj\u00ed hrozbu na m\u00edstech, kter\u00e1 byla dosud pova\u017eov\u00e1na za bezpe\u010dn\u00e1. Polsko neust\u00e1le monitoruje situaci na v\u00fdchodn\u00ed hranici. Posilujeme tak\u00e9 syst\u00e9my rychl\u00e9 reakce na hrozby v\u00a0cel\u00e9m Polsku,\u201c dodal polsk\u00fd ministr obrany.<\/p>\n<p class=\"c_bB\">Zjevn\u011b tak nar\u00e1\u017eel na ned\u00e1vn\u00e9 ozn\u00e1men\u00ed n\u011bmeck\u00e9 vl\u00e1dy, \u017ee za srpnov\u00fdm pokusem o\u00a0\u00fatok na leti\u0161ti v\u00a0Lipsku st\u00e1lo Rusko. Mezi zem\u011bmi, kter\u00e9 si pot\u00e9 p\u0159edvolaly rusk\u00e9ho velvyslance bylo i\u00a0Polsko &#8211; tamn\u00ed ministerstvo zahrani\u010d\u00ed mu p\u0159edalo \u201ed\u016frazn\u00fd protest proti rusk\u00e9mu st\u00e1tn\u00edmu terorismu a\u00a0eskalaci hybridn\u00edch operac\u00ed\u201c.<\/p>\n<p><a data-dot=\"atm-link\" target=\"_self\" href=\"https:\/\/www.novinky.cz\/clanek\/domaci-macinka-odmitl-vysvetleni-ruske-velvyslankyne-40595879\" class=\"c_I\" rel=\"nofollow noopener\"><img fetchpriority=\"high\" height=\"900\" width=\"1600\" src=\"https:\/\/www.europesays.com\/cz\/wp-content\/uploads\/2026\/09\/1788462973_429_velvyslankyne-macinka.jpeg\" loading=\"eager\" decoding=\"sync\" class=\"c_t c_r\"\/><\/a><\/p>\n<p class=\"c_bB\">Polsko soused\u00ed s\u00a0Ruskem, B\u011bloruskem, kter\u00e9 je bl\u00edzk\u00fdm spojencem Moskvy, i\u00a0Ukrajinou. Ta se p\u00e1t\u00fdm rokem br\u00e1n\u00ed rusk\u00e9 agresi a\u00a0Polsko ji v\u00a0tom podporuje.<\/p>\n<p class=\"c_bB\">Server onet.pl p\u0159ipom\u00edn\u00e1, \u017ee v\u00a0posledn\u00edch dnech v\u00a0Polsku nastaly po\u017e\u00e1ry na dvou m\u00edstech, kde se vyr\u00e1b\u011bj\u00ed nebo skladuj\u00ed bezpilotn\u00ed syst\u00e9my a\u00a0sou\u010d\u00e1stky do vzdu\u0161n\u00fdch objekt\u016f. Polsk\u00e9 slu\u017eby vy\u0161et\u0159uj\u00ed, zda za t\u011bmito po\u017e\u00e1ry nestoj\u00ed Rusko.<\/p>\n<p class=\"c_bB\">Z\u00e1rove\u0148 polsk\u00e9 letectvo dvakr\u00e1t za tento t\u00fdden nad Baltsk\u00fdm mo\u0159em zachytilo rusk\u00fd pr\u016fzkumn\u00fd letoun. Ve \u010dtvrtek \u0161lo podle Kosiniaka-Kamysze o\u00a0stroj Il-20, kter\u00fd se nach\u00e1zel asi 40\u00a0kilometr\u016f severn\u011b od p\u0159\u00edmo\u0159sk\u00e9ho letoviska Ustka. Let\u011bl s\u00a0vypnut\u00fdm transpond\u00e9rem a\u00a0znamenal ohro\u017een\u00ed pro civiln\u00ed letadla. Podobn\u00fd incident se stal tak\u00e9 v\u00a0pond\u011bl\u00ed, p\u00ed\u0161e agentura DPA.<\/p>\n<p><a data-dot=\"atm-link\" target=\"_self\" href=\"https:\/\/www.novinky.cz\/clanek\/zahranicni-evropa-tusk-za-pozarem-tovarny-na-drony-stoji-rusko-40595769\" class=\"c_I\" rel=\"nofollow noopener\"><img height=\"2304\" width=\"4096\" src=\"https:\/\/www.europesays.com\/cz\/wp-content\/uploads\/2026\/09\/1788462974_586_029e.jpeg\" loading=\"eager\" decoding=\"sync\" class=\"c_t c_r\"\/><\/a><\/p>\n","protected":false},"excerpt":{"rendered":"\u201ePo posledn\u00edch rusk\u00fdch provokac\u00edch a\u00a0aktech agrese jsem se rozhodl roz\u0161\u00ed\u0159it ochranu na\u0161eho vzdu\u0161n\u00e9ho prostoru. Zvy\u0161ujeme aktivitu na\u0161ich vzdu\u0161n\u00fdch&hellip;\n","protected":false},"author":2,"featured_media":201930,"comment_status":"","ping_status":"","sticky":false,"template":"","format":"standard","meta":{"footnotes":"","_share_on_mastodon":"0"},"categories":[3],"tags":[940,109,108,106,1537,117,61],"class_list":["post-201929","post","type-post","status-publish","format-standard","has-post-thumbnail","category-evropa","tag-armada","tag-europa","tag-europe","tag-evropa","tag-obrana","tag-polsko","tag-rusko"],"share_on_mastodon":{"url":"https:\/\/pubeurope.com\/@cz\/117208717205830587","error":""},"_links":{"self":[{"href":"https:\/\/www.europesays.com\/cz\/wp-json\/wp\/v2\/posts\/201929","targetHints":{"allow":["GET"]}}],"collection":[{"href":"https:\/\/www.europesays.com\/cz\/wp-json\/wp\/v2\/posts"}],"about":[{"href":"https:\/\/www.europesays.com\/cz\/wp-json\/wp\/v2\/types\/post"}],"author":[{"embeddable":true,"href":"https:\/\/www.europesays.com\/cz\/wp-json\/wp\/v2\/users\/2"}],"replies":[{"embeddable":true,"href":"https:\/\/www.europesays.com\/cz\/wp-json\/wp\/v2\/comments?post=201929"}],"version-history":[{"count":0,"href":"https:\/\/www.europesays.com\/cz\/wp-json\/wp\/v2\/posts\/201929\/revisions"}],"wp:featuredmedia":[{"embeddable":true,"href":"https:\/\/www.europesays.com\/cz\/wp-json\/wp\/v2\/media\/201930"}],"wp:attachment":[{"href":"https:\/\/www.europesays.com\/cz\/wp-json\/wp\/v2\/media?parent=201929"}],"wp:term":[{"taxonomy":"category","embeddable":true,"href":"https:\/\/www.europesays.com\/cz\/wp-json\/wp\/v2\/categories?post=201929"},{"taxonomy":"post_tag","embeddable":true,"href":"https:\/\/www.europesays.com\/cz\/wp-json\/wp\/v2\/tags?post=201929"}],"curies":[{"name":"wp","href":"https:\/\/api.w.org\/{rel}","templated":true}]}}