{"id":201933,"date":"2026-09-03T19:20:24","date_gmt":"2026-09-03T19:20:24","guid":{"rendered":"https:\/\/www.europesays.com\/cz\/201933\/"},"modified":"2026-09-03T19:20:24","modified_gmt":"2026-09-03T19:20:24","slug":"druhe-dite-mame-jine-plany-rika-marek-adamczyk-idnes-cz","status":"publish","type":"post","link":"https:\/\/www.europesays.com\/cz\/201933\/","title":{"rendered":"Druh\u00e9 d\u00edt\u011b? M\u00e1me jin\u00e9 pl\u00e1ny, \u0159\u00edk\u00e1 Marek Adamczyk &#8211; iDNES.cz"},"content":{"rendered":"<p><a href=\"https:\/\/news.google.com\/rss\/articles\/CBMiyAFBVV95cUxQSXJ3Tk9IU2ZXLUthU2U4UXdIcTNYWlBMNzY1TTZ1dU40eHJweElBMTZjZTNHX0tOYlF0U1czTHhqQjdBMm5TUzJRclFzemZaYl9MS0d2cDR3bHlfZE12a3p1XzJxODNTVERjcTJISTJ0UjZvNlRmOE9xekhDcDdycDlCU283T1owX3JHeHd4RGUwSUctSm05YWtuSmtrcnRQQm1Xc3doUlNMelRJTU94X0tLQnFQWEZFTDQxN1gza0t1b1NuUi1hXw?oc=5\" target=\"_blank\" rel=\"nofollow noopener\">Druh\u00e9 d\u00edt\u011b? M\u00e1me jin\u00e9 pl\u00e1ny, \u0159\u00edk\u00e1 Marek Adamczyk<\/a>&nbsp;&nbsp;iDNES.cz<a href=\"https:\/\/news.google.com\/rss\/articles\/CBMirgFBVV95cUxNM245WXlMMGRNbEpkT1BQbW1yRG5DQ200djM4eFBITDBxSktsTThJbVFyekFZTGRpVy00NVNaU1dpVzR3alhFdFhEeTRVVlA1X213N0pLLVF4RVFSUE1uWUNac1dsMHBZSEE3azNWSzZ6OGJvYi0zTklRTi04SEs3RXVoVFRNeFBEQ0NfYXFSU2VhQ3dEX1BCV3R1TzNGRkdHTEE5cWZSNGZjSGJaOXc?oc=5\" target=\"_blank\" rel=\"nofollow noopener\">Stopka u Adamczykov\u00fdch: Nad\u011bje na druh\u00e9 d\u00edt\u011b v trosk\u00e1ch<\/a>&nbsp;&nbsp;Ahaonline.cz<a href=\"https:\/\/news.google.com\/rss\/articles\/CBMi-AFBVV95cUxNNzUwNXdLc3NHOGs0WXdwWDlpaF92dldJOTBGSGxBYThmUlJGdkdpQThLZ0ZqT0JYYzlEblYxNC1tV3ZWY2xEV2RUYzVocUNhcVNaNkdzQlJOUTZEOG5teXZiTkpxZW1kNFUzWGZiT1ItT0x0ak0yTEJkb1hsV2ttb0lIb1dVZmZBc1o4d2J4Wl96V2NpVTlQX2hvbkxpSkNYRUg4d3JhdDFjTEVVcmpDRlZ2bjdUdXQ5Z055ZUpzS3JXU0xwenZwRnJIWDBHWkJXMVFCUmd5ZzRjeTVVTzZLZldybUtVdG1Ba0VYS1BOeXVnd0ZlcE9hQg?oc=5\" target=\"_blank\" rel=\"nofollow noopener\">Adamczyk otev\u0159en\u011b o rodin\u011b i pr\u00e1ci s AI: Um\u011bl\u00e9 avatary podle n\u011bj herce nenahrad\u00ed<\/a>&nbsp;&nbsp;Expres.cz<a href=\"https:\/\/news.google.com\/rss\/articles\/CBMiuwFBVV95cUxQdmdVOXZmODYtNjN3TVNFd2xfeFBpc0hJMUp4RVlfS0t5dkcxTkJaaF9BWFZzUGVuR2Z1TGZxOHltQXJrc2xlOUwwWUxSXzYzMnNIbXlmdjBya0ZuSHZ5T3J4U3pfMmZIelRldXV6emFSZ1ByRzZ2LWU4SHF3Xy1CVkh3bmVoUW1mcWwyRnEzc1ZST0MxZDRWaFcyT3ZmcWhKZGNYLVlaXzk0TFpqek9idzUyczIzV01CTmZN?oc=5\" target=\"_blank\" rel=\"nofollow noopener\">Velk\u00e9 obavy Marka Adamczyka. Po narozen\u00ed syna ho d\u011bs\u00ed z\u00e1sadn\u00ed v\u011bc<\/a>&nbsp;&nbsp;www.prahanadlani.cz<a href=\"https:\/\/news.google.com\/rss\/articles\/CBMiqAFBVV95cUxNdVRlcTZFaERMaXpDUGR2SjdlRGVEMnlZcXpZTFZDbGZnNjlzYklMVVBrcVFFaUNYcG5ienhTYjBVY2ltR090SEtPS0VPYWZHR1d0dXpaMzRQUWQya0swdkdpdVUwY191eTFmMjV6OXJTOThrRmZYT0owU2xXakRvVmVNeTYzQVpaTllibUNXR0ZBal95bTU4S3R1WUVvSnZZVDhWQWVISWo?oc=5\" target=\"_blank\" rel=\"nofollow noopener\">GALERIE: Stopka u Adamczykov\u00fdch: Nad\u011bje na druh\u00e9 d\u00edt\u011b v trosk\u00e1ch | FOTO 1<\/a>&nbsp;&nbsp;Ahaonline.cz<\/p>\n","protected":false},"excerpt":{"rendered":"Druh\u00e9 d\u00edt\u011b? M\u00e1me jin\u00e9 pl\u00e1ny, \u0159\u00edk\u00e1 Marek Adamczyk&nbsp;&nbsp;iDNES.czStopka u Adamczykov\u00fdch: Nad\u011bje na druh\u00e9 d\u00edt\u011b v trosk\u00e1ch&nbsp;&nbsp;Ahaonline.czAdamczyk otev\u0159en\u011b o&hellip;\n","protected":false},"author":2,"featured_media":201934,"comment_status":"","ping_status":"","sticky":false,"template":"","format":"standard","meta":{"footnotes":"","_share_on_mastodon":"0"},"categories":[14],"tags":[79,349,5355,80],"class_list":["post-201933","post","type-post","status-publish","format-standard","has-post-thumbnail","category-zabava","tag-entertainment","tag-herec","tag-marek-adamczyk","tag-zabava"],"share_on_mastodon":{"url":"https:\/\/pubeurope.com\/@cz\/117208732256078021","error":""},"_links":{"self":[{"href":"https:\/\/www.europesays.com\/cz\/wp-json\/wp\/v2\/posts\/201933","targetHints":{"allow":["GET"]}}],"collection":[{"href":"https:\/\/www.europesays.com\/cz\/wp-json\/wp\/v2\/posts"}],"about":[{"href":"https:\/\/www.europesays.com\/cz\/wp-json\/wp\/v2\/types\/post"}],"author":[{"embeddable":true,"href":"https:\/\/www.europesays.com\/cz\/wp-json\/wp\/v2\/users\/2"}],"replies":[{"embeddable":true,"href":"https:\/\/www.europesays.com\/cz\/wp-json\/wp\/v2\/comments?post=201933"}],"version-history":[{"count":0,"href":"https:\/\/www.europesays.com\/cz\/wp-json\/wp\/v2\/posts\/201933\/revisions"}],"wp:featuredmedia":[{"embeddable":true,"href":"https:\/\/www.europesays.com\/cz\/wp-json\/wp\/v2\/media\/201934"}],"wp:attachment":[{"href":"https:\/\/www.europesays.com\/cz\/wp-json\/wp\/v2\/media?parent=201933"}],"wp:term":[{"taxonomy":"category","embeddable":true,"href":"https:\/\/www.europesays.com\/cz\/wp-json\/wp\/v2\/categories?post=201933"},{"taxonomy":"post_tag","embeddable":true,"href":"https:\/\/www.europesays.com\/cz\/wp-json\/wp\/v2\/tags?post=201933"}],"curies":[{"name":"wp","href":"https:\/\/api.w.org\/{rel}","templated":true}]}}