{"id":201935,"date":"2026-09-03T19:23:14","date_gmt":"2026-09-03T19:23:14","guid":{"rendered":"https:\/\/www.europesays.com\/cz\/201935\/"},"modified":"2026-09-03T19:23:14","modified_gmt":"2026-09-03T19:23:14","slug":"serie-znasilneni-okolo-nadrazi-v-norimberku-policie-zatkla-syrany","status":"publish","type":"post","link":"https:\/\/www.europesays.com\/cz\/201935\/","title":{"rendered":"S\u00e9rie zn\u00e1siln\u011bn\u00ed okolo n\u00e1dra\u017e\u00ed v\u00a0Norimberku. Policie zatkla Sy\u0159any"},"content":{"rendered":"<p class=\"c_bB\">\u201ePo zn\u00e1siln\u011bn\u00ed \u010dtrn\u00e1ctilet\u00e9 d\u00edvky zatkla policie v\u00a0Norimberku dva podez\u0159el\u00e9. Dal\u0161\u00ed mu\u017e byl zat\u010den za \u00fadajn\u00e9 dod\u00e1v\u00e1n\u00ed drog nezletil\u00fdm,\u201c informoval naposledy ve \u010dtvrtek web ve\u0159ejnopr\u00e1vn\u00ed stanice <a data-dot=\"atm-link\" target=\"_blank\" rel=\"noopener nofollow\" href=\"https:\/\/www.br.de\/nachrichten\/bayern\/eko-kajal-festnahmen-nach-vergewaltigung-einer-14-jaehrigen,VU9CF1I\" class=\"c_I\">Bayerischer Rundfunk<\/a> s\u00a0t\u00edm, \u017ee incident byl nahl\u00e1\u0161en v\u00a0pond\u011bl\u00ed.<\/p>\n<p class=\"c_bB\">\u201eB\u011bhem n\u00e1sledn\u00e9ho p\u00e1tr\u00e1n\u00ed policist\u00e9 zatkli podez\u0159el\u00e9ho 16let\u00e9ho Sy\u0159ana. Druh\u00fd podez\u0159el\u00fd, 18let\u00fd Sy\u0159an, byl zat\u010den v\u00a0\u00fater\u00fd odpoledne,\u201c popsal server. \u201ePodle dosavadn\u00edch zji\u0161t\u011bn\u00ed byla \u010dtrn\u00e1ctilet\u00e1 d\u00edvka po nab\u00eddnut\u00ed elektronick\u00e9 cigarety nucena k\u00a0sexu\u00e1ln\u00edm praktik\u00e1m. Mu\u017ei ji pot\u00e9 m\u011bli v\u00a0parku zn\u00e1silnit, d\u00edvka pot\u0159ebovala l\u00e9ka\u0159sk\u00e9 o\u0161et\u0159en\u00ed,\u201c dodal web.<\/p>\n<p class=\"c_bB\">Zm\u00edn\u011bn\u00fd t\u0159et\u00ed zat\u010den\u00fd je 29let\u00fd mu\u017e p\u016fvodem z\u00a0Palestiny a\u00a0bez st\u00e1tn\u00ed p\u0159\u00edslu\u0161nosti. \u201eJe podez\u0159el\u00fd z\u00a0opakovan\u00e9ho dod\u00e1v\u00e1n\u00ed omamn\u00fdch l\u00e1tek nezletil\u00fdm,\u201c dodala stanice s\u00a0t\u00edm, \u017ee mu\u017e se v\u00a0srpnu sna\u017eil prchnout p\u0159ed policejn\u00ed hl\u00eddkou. \u201eB\u011bhem \u00fat\u011bku sko\u010dil z\u00a0m\u011bstsk\u00fdch hradeb do p\u0159\u00edkopu. Utrp\u011bl mnoho\u010detn\u00e9 zlomeniny a\u00a0musel b\u00fdt hospitalizov\u00e1n,\u201c  poznamenal server s\u00a0t\u00edm, \u017ee zatyka\u010d byl vyd\u00e1n a\u017e pozd\u011bji na z\u00e1klad\u011b shrom\u00e1\u017ed\u011bn\u00fdch d\u016fkaz\u016f.<\/p>\n<p><a data-dot=\"atm-link\" target=\"_self\" href=\"https:\/\/www.novinky.cz\/clanek\/zahranicni-evropa-na-vlastni-nebezpeci-nejhorsim-mistem-drazdan-je-vlakove-nadrazi-40545599\" class=\"c_I\" rel=\"nofollow noopener\"><img height=\"1012\" width=\"1800\" src=\"https:\/\/www.europesays.com\/cz\/wp-content\/uploads\/2026\/09\/drazdany-hlavni-nadrazi.jpeg\" loading=\"lazy\" decoding=\"async\" class=\"c_t c_r c_l\"\/><\/a><\/p>\n<p class=\"c_bB\">Ve \u010dtvrtek p\u0159itom web den\u00edku <a data-dot=\"atm-link\" target=\"_blank\" rel=\"noopener nofollow\" href=\"https:\/\/www.bild.de\/regional\/nuernberg\/nuernberg-syrer-nach-vergewaltigungen-und-drogenhandel-festgenommen-6a6c66e25aee44c118a94bae\" class=\"c_I\">Bild<\/a> z\u00e1rove\u0148 informoval, \u017ee v\u00a0Norimberku byli zat\u010deni jin\u00ed dva Sy\u0159an\u00e9 ve v\u011bku 26\u00a0a\u00a028\u00a0let. \u201eOba mu\u017ei jsou obvin\u011bni, \u017ee nez\u00e1visle na sob\u011b pod\u00e1vali drogy nezletil\u00fdm d\u00edvk\u00e1m a\u00a0pot\u00e9, co byly d\u00edvky pod vlivem tvrd\u00fdch drog, je zn\u00e1silnili,\u201c citoval server policejn\u00edho mluv\u010d\u00edho Michaela Petzolda.<\/p>\n<p class=\"c_bB\">Obdobn\u00e9 incidenty &#8211; zn\u00e1siln\u011bn\u00ed nezletil\u00fdch \u010di mlad\u00fdch d\u00edvek po pod\u00e1n\u00ed omamn\u00fdch l\u00e1tek &#8211; jsou p\u0159itom v\u00a0okol\u00ed norimbersk\u00e9ho vlakov\u00e9ho n\u00e1dra\u017e\u00ed hl\u00e1\u0161eny opakovan\u011b a\u00a0s\u00e9ri\u00ed incident\u016f se u\u017e dokonce n\u011bkolik m\u011bs\u00edc\u016f zab\u00fdv\u00e1 speci\u00e1ln\u00ed vy\u0161et\u0159ovac\u00ed komise s\u00a0n\u00e1zvem \u201eEKO Kajal\u201c. <\/p>\n<p class=\"c_bB\">V souvislosti s\u00a0p\u0159\u00edpady u\u017e bylo vyd\u00e1no nejm\u00e9n\u011b 18\u00a0zatyka\u010d\u016f, p\u0159i\u010dem\u017e 12\u00a0lid\u00ed je moment\u00e1ln\u011b ve vazb\u011b, informoval Bild. \u201ePolicie uvedla, \u017ee podez\u0159el\u00ed jsou p\u0159ev\u00e1\u017en\u011b syrsk\u00e9ho, p\u00e1kist\u00e1nsk\u00e9ho a\u00a0severoafrick\u00e9ho p\u016fvodu,\u201c podotkl region\u00e1ln\u00ed web <a data-dot=\"atm-link\" target=\"_blank\" rel=\"noopener nofollow\" href=\"https:\/\/www.nordbayern.de\/nuernberg\/polizeibericht\/nach-vergewaltigung-einer-14-jahrigen-nahe-des-plarrers-polizei-nimmt-drei-weitere-verdachtige-fest-1.15264728\" class=\"c_I\">Nordbayern<\/a>. Soudn\u00ed verdikty v\u00a0t\u011bchto p\u0159\u00edpadech zat\u00edm nepadly.<\/p>\n<p><a data-dot=\"atm-link\" target=\"_self\" href=\"https:\/\/www.novinky.cz\/clanek\/zahranicni-evropa-zadne-znasilneni-nevidim-nemecky-zalobce-pustil-na-svobodu-chlapce-od-kterych-divky-utikaly-polonahe-a-zbite-40583486\" class=\"c_I\" rel=\"nofollow noopener\"><img height=\"2301\" width=\"4092\" src=\"https:\/\/www.europesays.com\/cz\/wp-content\/uploads\/2026\/09\/nemecko-policie.jpeg\" loading=\"lazy\" decoding=\"async\" class=\"c_t c_r c_l\"\/><\/a><\/p>\n","protected":false},"excerpt":{"rendered":"\u201ePo zn\u00e1siln\u011bn\u00ed \u010dtrn\u00e1ctilet\u00e9 d\u00edvky zatkla policie v\u00a0Norimberku dva podez\u0159el\u00e9. Dal\u0161\u00ed mu\u017e byl zat\u010den za \u00fadajn\u00e9 dod\u00e1v\u00e1n\u00ed drog nezletil\u00fdm,\u201c&hellip;\n","protected":false},"author":2,"featured_media":201936,"comment_status":"","ping_status":"","sticky":false,"template":"","format":"standard","meta":{"footnotes":"","_share_on_mastodon":"0"},"categories":[11],"tags":[2117,1260,375,2404,28624,54,1304,53,52,2152],"class_list":["post-201935","post","type-post","status-publish","format-standard","has-post-thumbnail","category-svet","tag-drogy","tag-migrace","tag-nemecko","tag-nezletili","tag-norimberk","tag-svet","tag-syrie","tag-world","tag-world-news","tag-znasilneni"],"share_on_mastodon":{"url":"https:\/\/pubeurope.com\/@cz\/117208744571117371","error":""},"_links":{"self":[{"href":"https:\/\/www.europesays.com\/cz\/wp-json\/wp\/v2\/posts\/201935","targetHints":{"allow":["GET"]}}],"collection":[{"href":"https:\/\/www.europesays.com\/cz\/wp-json\/wp\/v2\/posts"}],"about":[{"href":"https:\/\/www.europesays.com\/cz\/wp-json\/wp\/v2\/types\/post"}],"author":[{"embeddable":true,"href":"https:\/\/www.europesays.com\/cz\/wp-json\/wp\/v2\/users\/2"}],"replies":[{"embeddable":true,"href":"https:\/\/www.europesays.com\/cz\/wp-json\/wp\/v2\/comments?post=201935"}],"version-history":[{"count":0,"href":"https:\/\/www.europesays.com\/cz\/wp-json\/wp\/v2\/posts\/201935\/revisions"}],"wp:featuredmedia":[{"embeddable":true,"href":"https:\/\/www.europesays.com\/cz\/wp-json\/wp\/v2\/media\/201936"}],"wp:attachment":[{"href":"https:\/\/www.europesays.com\/cz\/wp-json\/wp\/v2\/media?parent=201935"}],"wp:term":[{"taxonomy":"category","embeddable":true,"href":"https:\/\/www.europesays.com\/cz\/wp-json\/wp\/v2\/categories?post=201935"},{"taxonomy":"post_tag","embeddable":true,"href":"https:\/\/www.europesays.com\/cz\/wp-json\/wp\/v2\/tags?post=201935"}],"curies":[{"name":"wp","href":"https:\/\/api.w.org\/{rel}","templated":true}]}}