{"id":201939,"date":"2026-09-03T19:25:13","date_gmt":"2026-09-03T19:25:13","guid":{"rendered":"https:\/\/www.europesays.com\/cz\/201939\/"},"modified":"2026-09-03T19:25:13","modified_gmt":"2026-09-03T19:25:13","slug":"do-belehradu-bylo-podle-medii-prepraveno-telo-valecneho-zlocince-mladice","status":"publish","type":"post","link":"https:\/\/www.europesays.com\/cz\/201939\/","title":{"rendered":"Do B\u011blehradu bylo podle m\u00e9di\u00ed p\u0159epraveno t\u011blo v\u00e1le\u010dn\u00e9ho zlo\u010dince Mladi\u0107e"},"content":{"rendered":"<p class=\"e_bX\">V B\u011blehrad\u011b ve \u010dtvrtek podle srbsk\u00fdch m\u00e9di\u00ed p\u0159ist\u00e1lo letadlo, kter\u00e9 z\u00a0Haagu p\u0159epravovalo t\u011blo v\u00e1le\u010dn\u00e9ho zlo\u010dince Ratka Mladi\u0107e. Ten zem\u0159el ve v\u011bzen\u00ed, kde si odpyk\u00e1val do\u017eivotn\u00ed trest za zlo\u010diny sp\u00e1chan\u00e9 za v\u00e1lky v\u00a0Bosn\u011b v\u00a090.\u00a0letech minul\u00e9ho stolet\u00ed. Podle m\u00e9di\u00ed se bude v\u00a0srbsk\u00e9m hlavn\u00edm m\u011bst\u011b na za\u010d\u00e1tku p\u0159\u00ed\u0161t\u00edho t\u00fddne konat jeho poh\u0159eb.<\/p>\n<p class=\"e_bX\">Mechanismus OSN pro mezin\u00e1rodn\u00ed trestn\u00ed tribun\u00e1ly ve \u010dtvrtek odpoledne uvedl, \u017ee p\u0159edal Mladi\u010dovo t\u011blo jeho bl\u00edzk\u00fdm. O\u00a0p\u0159ed\u00e1n\u00ed t\u011bla v\u00a0Nizozemsku informoval i\u00a0srbsk\u00fd prezident Aleksandar Vu\u010di\u0107. Mechanismus OSN uvedl, \u017ee t\u011blo p\u0159edal v\u00a0souladu s\u00a0mezin\u00e1rodn\u00edm pr\u00e1vem. <a data-dot=\"atm-link\" target=\"_blank\" rel=\"noopener nofollow\" href=\"https:\/\/www.irmct.org\/en\/news\/international-residual-mechanism-criminal-tribunals-hands-over-remains-ratko-mladic-next-kin\" class=\"e_n\">P\u0159ipomn\u011bl<\/a> i\u00a0ned\u00e1vn\u00e9 prohl\u00e1\u0161en\u00ed gener\u00e1ln\u00edho tajemn\u00edka OSN Ant\u00f3nia Guterrese, kter\u00fd odsoudil jak\u00e9koliv oslavov\u00e1n\u00ed v\u00e1le\u010dn\u00fdch zlo\u010dinc\u016f.<\/p>\n<p class=\"e_bX\">Srbsk\u00fd prezident Vu\u010di\u0107 ve \u010dtvrtek \u0159ekl, \u017ee Mladi\u0107ova rodina ozn\u00e1m\u00ed, jak se hodl\u00e1 rozlou\u010dit s\u00a0b\u00fdval\u00fdm velitelem vojsk bosensk\u00fdch Srb\u016f, napsala agentura AFP. \u00da\u0159ady jim v\u00a0tom zaru\u010d\u00ed sou\u010dinnost vzhledem k\u00a0tomu, \u017ee by se akt\u016f mohly z\u00fa\u010dastnit des\u00edtky tis\u00edc lid\u00ed. \u201ePro na\u0161e slu\u017eby to bude extr\u00e9mn\u011b t\u011b\u017ek\u00fd \u00fakol,\u201c uvedl prezident. Minul\u00fd t\u00fdden srbsk\u00fd ministr spravedlnosti Nenad Vuji\u0107 uvedl, \u017ee Mladi\u0107 bude poh\u0159ben s\u00a0nejvy\u0161\u0161\u00edmi vojensk\u00fdmi a\u00a0st\u00e1tn\u00edmi poctami, co\u017e vyvolalo kritiku nap\u0159\u00edklad Evropsk\u00e9 komise. Ve \u010dtvrtek o\u00a0st\u00e1tn\u00edch poct\u00e1ch Vu\u010di\u0107 explicitn\u011b nemluvil.<\/p>\n<p class=\"e_bX\">Podle srbsk\u00fdch bulv\u00e1rn\u00edch m\u00e9di\u00ed se v\u00a0sobotu uskute\u010dn\u00ed ve\u0159ejn\u00e9 pocty Mladi\u010dovi a\u00a0v pond\u011bl\u00ed pak poh\u0159eb. <\/p>\n<p class=\"e_bX\">T\u011blo p\u0159epravil do Srbska vl\u00e1dn\u00ed speci\u00e1l, uvedla agentura AP. Rakev zahalenou do vlajky podle z\u00e1b\u011br\u016f z\u00a0m\u00edsta p\u0159enesli z\u00a0letadla voj\u00e1ci. Na leti\u0161ti byl vedle bl\u00edzk\u00fdch tak\u00e9 ministr spravedlnosti Vuji\u0107. Kolona voz\u016f pak z\u00a0leti\u0161t\u011b odjela do vojensk\u00e9ho zdravotnick\u00e9ho za\u0159\u00edzen\u00ed, kde se uskute\u010dn\u00ed pitva. Pod\u00e9l cesty zdravily proj\u00ed\u017ed\u011bj\u00edc\u00ed vozy des\u00edtky lid\u00ed, n\u011bkte\u0159\u00ed m\u011bli i\u00a0improvizovan\u00e9 transparenty.<\/p>\n<p class=\"e_bX\">Mladi\u0107 je pova\u017eov\u00e1n za jednoho z\u00a0hlavn\u00edch akt\u00e9r\u016f krvav\u00fdch etnick\u00fdch \u010distek prov\u00e1zej\u00edc\u00edch v\u00e1lku v\u00a0mnohon\u00e1rodnostn\u00ed Bosn\u011b, kter\u00e1 si vy\u017e\u00e1dala kolem 100\u00a0tis\u00edc lidsk\u00fdch \u017eivot\u016f. Zhruba 2,2\u00a0milionu lid\u00ed bylo vyhn\u00e1no z\u00a0domov\u016f nebo bylo nuceno je opustit. Nicm\u00e9n\u011b mnoho Srb\u016f ho nep\u0159estalo chovat v\u00a0\u00fact\u011b.<\/p>\n<p class=\"e_bX\">Po v\u00e1lce Mladi\u0107 roky unikal spravedlnosti. Zat\u010den byl a\u017e v\u00a0roce 2011\u00a0na severu Srbska a\u00a0nedlouho pot\u00e9 vyd\u00e1n Mezin\u00e1rodn\u00edmu trestn\u00edmu tribun\u00e1lu pro b\u00fdvalou Jugosl\u00e1vii (ICTY). Ten ho v\u00a0roce 2017\u00a0odsoudil na do\u017eivot\u00ed za \u0159adu zlo\u010din\u016f, mimo jin\u00e9 za genocidu v\u00a0souvislosti s\u00a0masakrem ve Srebrenici, za terorizov\u00e1n\u00ed civilist\u016f p\u0159i obl\u00e9h\u00e1n\u00ed Sarajeva, za zlo\u010diny proti lidskosti a\u00a0za etnick\u00e9 \u010distky v\u00a0\u0159ad\u00e1ch bosensk\u00fdch Muslim\u016f (dnes Bos\u0148\u00e1k\u016f) a\u00a0bosensk\u00fdch Chorvat\u016f b\u011bhem v\u00e1lky v\u00a0Bosn\u011b v\u00a0letech 1992\u00a0a\u017e 1995.\u00a0V\u00a0roce 2021\u00a0Mechanismus OSN pro mezin\u00e1rodn\u00ed trestn\u00ed tribun\u00e1ly po Mladi\u0107ov\u011b odvol\u00e1n\u00ed trest potvrdil.<\/p>\n<p class=\"e_bX\">Ve Srebrenici v\u00a0\u010dervenci 1995\u00a0bosenskosrb\u0161t\u00ed voj\u00e1ci pod Mladi\u0107ov\u00fdm veden\u00edm povra\u017edili osm\u00a0tis\u00edc\u00a0muslim\u016f &#8211; tento masakr je ozna\u010dov\u00e1n za nejhor\u0161\u00ed v\u00a0Evrop\u011b od druh\u00e9 sv\u011btov\u00e9 v\u00e1lky. Obl\u00e9h\u00e1n\u00ed Sarajeva trvalo 44\u00a0m\u011bs\u00edc\u016f a\u00a0podle ofici\u00e1ln\u00edch bosensk\u00fdch \u00fadaj\u016f bylo ve m\u011bst\u011b zabito v\u00edce ne\u017e 11\u00a0500\u00a0lid\u00ed, v\u010detn\u011b n\u011bkolika stovek d\u011bt\u00ed.<\/p>\n<p><a data-dot=\"mol-article-card-media\" aria-hidden=\"true\" tabindex=\"-1\" href=\"https:\/\/www.seznamzpravy.cz\/clanek\/zahranicni-mladic-zemrel-kult-zustava-pro-cast-srbu-je-stale-hrdinou-rika-historik-314059\" class=\"e_n f_l8\" rel=\"nofollow noopener\" target=\"_blank\"><img fetchpriority=\"high\" height=\"772\"   width=\"1373\" src=\"https:\/\/www.europesays.com\/cz\/wp-content\/uploads\/2026\/09\/mladic.jpeg\" loading=\"eager\" decoding=\"sync\" class=\"e_aa e_Z\"\/><\/a><a data-dot=\"mol-article-card-media\" aria-hidden=\"true\" tabindex=\"-1\" href=\"https:\/\/www.seznamzpravy.cz\/clanek\/zahranicni-nevrazdil-jen-mladic-ale-proboha-kdo-zacal-314097\" class=\"e_n f_l8\" rel=\"nofollow noopener\" target=\"_blank\"><img height=\"1809\"   width=\"3216\" src=\"https:\/\/www.europesays.com\/cz\/wp-content\/uploads\/2026\/09\/ratko-mladic.jpeg\" loading=\"eager\" decoding=\"sync\" class=\"e_aa e_Z\"\/><\/a><\/p>\n","protected":false},"excerpt":{"rendered":"V B\u011blehrad\u011b ve \u010dtvrtek podle srbsk\u00fdch m\u00e9di\u00ed p\u0159ist\u00e1lo letadlo, kter\u00e9 z\u00a0Haagu p\u0159epravovalo t\u011blo v\u00e1le\u010dn\u00e9ho zlo\u010dince Ratka Mladi\u0107e. Ten&hellip;\n","protected":false},"author":2,"featured_media":201940,"comment_status":"","ping_status":"","sticky":false,"template":"","format":"standard","meta":{"footnotes":"","_share_on_mastodon":"0"},"categories":[10],"tags":[17,21,16,908,44759,3193,18,19,22,20],"class_list":["post-201939","post","type-post","status-publish","format-standard","has-post-thumbnail","category-zpravy","tag-headlines","tag-hlavni-udalosti","tag-news","tag-pohreb","tag-ratko-mladic","tag-srbsko","tag-top-news","tag-top-stories","tag-udalosti-dne","tag-zpravy"],"share_on_mastodon":{"url":"https:\/\/pubeurope.com\/@cz\/117208752178671110","error":""},"_links":{"self":[{"href":"https:\/\/www.europesays.com\/cz\/wp-json\/wp\/v2\/posts\/201939","targetHints":{"allow":["GET"]}}],"collection":[{"href":"https:\/\/www.europesays.com\/cz\/wp-json\/wp\/v2\/posts"}],"about":[{"href":"https:\/\/www.europesays.com\/cz\/wp-json\/wp\/v2\/types\/post"}],"author":[{"embeddable":true,"href":"https:\/\/www.europesays.com\/cz\/wp-json\/wp\/v2\/users\/2"}],"replies":[{"embeddable":true,"href":"https:\/\/www.europesays.com\/cz\/wp-json\/wp\/v2\/comments?post=201939"}],"version-history":[{"count":0,"href":"https:\/\/www.europesays.com\/cz\/wp-json\/wp\/v2\/posts\/201939\/revisions"}],"wp:featuredmedia":[{"embeddable":true,"href":"https:\/\/www.europesays.com\/cz\/wp-json\/wp\/v2\/media\/201940"}],"wp:attachment":[{"href":"https:\/\/www.europesays.com\/cz\/wp-json\/wp\/v2\/media?parent=201939"}],"wp:term":[{"taxonomy":"category","embeddable":true,"href":"https:\/\/www.europesays.com\/cz\/wp-json\/wp\/v2\/categories?post=201939"},{"taxonomy":"post_tag","embeddable":true,"href":"https:\/\/www.europesays.com\/cz\/wp-json\/wp\/v2\/tags?post=201939"}],"curies":[{"name":"wp","href":"https:\/\/api.w.org\/{rel}","templated":true}]}}