{"id":201947,"date":"2026-09-03T19:34:14","date_gmt":"2026-09-03T19:34:14","guid":{"rendered":"https:\/\/www.europesays.com\/cz\/201947\/"},"modified":"2026-09-03T19:34:14","modified_gmt":"2026-09-03T19:34:14","slug":"tragicky-konflikt-v-praze-muz-pobodal-partnerku-ta-zranenim-podlehla","status":"publish","type":"post","link":"https:\/\/www.europesays.com\/cz\/201947\/","title":{"rendered":"Tragick\u00fd konflikt v Praze: Mu\u017e pobodal partnerku, ta zran\u011bn\u00edm podlehla"},"content":{"rendered":"<p>\n                        Na ubytovn\u011b v pra\u017esk\u00e9m Hloub\u011bt\u00edn\u011b do\u0161lo v noci na \u010dtvrtek ke konfliktu mezi partnery, kter\u00fd skon\u010dil smrt\u00ed \u017eeny. Mu\u017e podle agentury Aktu.cz po vyost\u0159en\u00e9 h\u00e1dce bodl svou partnerku, kter\u00e1 na n\u00e1sledky zran\u011bn\u00ed v nemocnici zem\u0159ela. Informaci pro redakci CNN Prima NEWS potvrdila policejn\u00ed mluv\u010d\u00ed Eva Krop\u00e1\u010dov\u00e1.\n                    <\/p>\n<p>Ke smrti \u017eeny do\u0161lo v\u00a0noci ze st\u0159edy na \u010dtvrtek. \u201eKolem p\u016fl t\u0159et\u00ed r\u00e1no jsme p\u0159ijali ozn\u00e1men\u00ed o tom, \u017ee v ulici Sl\u00e9va\u010dsk\u00e1 na ubytovn\u011b do\u0161lo ke konfliktu mezi partnery. Tento konflikt vygradoval a\u017e k\u00a0fyzick\u00e9mu napaden\u00ed, kdy partner bodl svoji partnerku,\u201c uvedla pro CNN Prima NEWS Krop\u00e1\u010dov\u00e1.<\/p>\n<p>\u010cT\u011aTE TAK\u00c9: <a target=\"_blank\" href=\"https:\/\/cnn.iprima.cz\/otce-ceskeho-punku-ze-tri-sester-drsne-zavrazdili-opili-mladici-hlavu-mu-zaslapali-do-zeme-447397\" rel=\"nofollow noopener\">Otce \u010desk\u00e9ho punku ze T\u0159\u00ed sester drsn\u011b zavra\u017edili opil\u00ed mlad\u00edci. Hlavu mu za\u0161lapali do zem\u011b<\/a><\/p>\n<p>\u017dena byla na m\u00edst\u011b resuscitov\u00e1na a n\u00e1sledn\u011b ji p\u0159evezli z\u00e1chran\u00e1\u0159i do nemocnice. Tam ale n\u00e1sledk\u016fm t\u011b\u017ek\u00fdch poran\u011bn\u00ed podlehla.<\/p>\n<p>\u201eV sou\u010dasn\u00e9 chv\u00edli kriminalist\u00e9 ve v\u011bci zah\u00e1jili \u00fakony trestn\u00edho \u0159\u00edzen\u00ed pro podez\u0159en\u00ed z trestn\u00e9ho \u010dinu vra\u017eda a st\u00e1le pracuj\u00ed na cel\u00e9m p\u0159\u00edpadu. Na m\u00edst\u011b byl zadr\u017een podez\u0159el\u00fd mu\u017e, kter\u00fd v sou\u010dasn\u00e9 chv\u00edli bude podroben v\u00fdslechu a dal\u0161\u00edm \u00fakon\u016fm,\u201c dodala Krop\u00e1\u010dov\u00e1.<\/p>\n<p>MOHLO BY V\u00c1S ZAJ\u00cdMAT: <a target=\"_blank\" href=\"https:\/\/cnn.iprima.cz\/na-svobode-vrah-nekl-dlouho-nepobyl-z-domova-senioru-planoval-unos-a-skoncil-ve-vazbe-452935\" rel=\"nofollow noopener\">Neuv\u011b\u0159iteln\u00fd p\u0159\u00edb\u011bh \u010desk\u00e9ho s\u00e9riov\u00e9ho vraha. Poprav\u011b unikl o vl\u00e1sek, te\u010f pl\u00e1noval dal\u0161\u00ed zlo\u010din<\/a><\/p>\n","protected":false},"excerpt":{"rendered":"Na ubytovn\u011b v pra\u017esk\u00e9m Hloub\u011bt\u00edn\u011b do\u0161lo v noci na \u010dtvrtek ke konfliktu mezi partnery, kter\u00fd skon\u010dil smrt\u00ed \u017eeny.&hellip;\n","protected":false},"author":2,"featured_media":201948,"comment_status":"","ping_status":"","sticky":false,"template":"","format":"standard","meta":{"footnotes":"","_share_on_mastodon":"0"},"categories":[7],"tags":[43,42,41,40,19264,1635,1789,346,99,1231,351,1230,38466,1644,1296],"class_list":["post-201947","post","type-post","status-publish","format-standard","has-post-thumbnail","category-cesko","tag-ceska-republika","tag-cesko","tag-czech-republic","tag-czechia","tag-hloubetin","tag-konflikt","tag-napadeni","tag-nemocnice","tag-praha","tag-pravo-a-spravedlnost","tag-smrt","tag-trestna-cinnost","tag-ubytovna","tag-vrazda","tag-zraneni"],"share_on_mastodon":{"url":"https:\/\/pubeurope.com\/@cz\/117208787726709978","error":""},"_links":{"self":[{"href":"https:\/\/www.europesays.com\/cz\/wp-json\/wp\/v2\/posts\/201947","targetHints":{"allow":["GET"]}}],"collection":[{"href":"https:\/\/www.europesays.com\/cz\/wp-json\/wp\/v2\/posts"}],"about":[{"href":"https:\/\/www.europesays.com\/cz\/wp-json\/wp\/v2\/types\/post"}],"author":[{"embeddable":true,"href":"https:\/\/www.europesays.com\/cz\/wp-json\/wp\/v2\/users\/2"}],"replies":[{"embeddable":true,"href":"https:\/\/www.europesays.com\/cz\/wp-json\/wp\/v2\/comments?post=201947"}],"version-history":[{"count":0,"href":"https:\/\/www.europesays.com\/cz\/wp-json\/wp\/v2\/posts\/201947\/revisions"}],"wp:featuredmedia":[{"embeddable":true,"href":"https:\/\/www.europesays.com\/cz\/wp-json\/wp\/v2\/media\/201948"}],"wp:attachment":[{"href":"https:\/\/www.europesays.com\/cz\/wp-json\/wp\/v2\/media?parent=201947"}],"wp:term":[{"taxonomy":"category","embeddable":true,"href":"https:\/\/www.europesays.com\/cz\/wp-json\/wp\/v2\/categories?post=201947"},{"taxonomy":"post_tag","embeddable":true,"href":"https:\/\/www.europesays.com\/cz\/wp-json\/wp\/v2\/tags?post=201947"}],"curies":[{"name":"wp","href":"https:\/\/api.w.org\/{rel}","templated":true}]}}