{"id":201951,"date":"2026-09-03T19:38:08","date_gmt":"2026-09-03T19:38:08","guid":{"rendered":"https:\/\/www.europesays.com\/cz\/201951\/"},"modified":"2026-09-03T19:38:08","modified_gmt":"2026-09-03T19:38:08","slug":"mistr-sveta-krejci-vypadl-na-svetovem-poharu-v-parizi-v-kvalifikaci-kajakaru","status":"publish","type":"post","link":"https:\/\/www.europesays.com\/cz\/201951\/","title":{"rendered":"Mistr sv\u011bta Krej\u010d\u00ed vypadl na Sv\u011btov\u00e9m poh\u00e1ru v\u00a0Pa\u0159\u00ed\u017ei v\u00a0kvalifikaci kajak\u00e1\u0159\u016f"},"content":{"rendered":"<p class=\"b_bA\">Krej\u010d\u00ed v\u00a0t\u00e9to sezon\u011b po \u00favodn\u00edm druh\u00e9m m\u00edst\u011b v\u00a0Tacenu vyhr\u00e1l dal\u0161\u00ed dva z\u00e1vody Sv\u011btov\u00e9ho poh\u00e1ru a\u00a0vede celkov\u00e9 po\u0159ad\u00ed seri\u00e1lu. Skv\u011blou formu pak potvrdil v\u00a0\u010dervenci triumfem na mistrovstv\u00ed sv\u011bta v\u00a0Oklahoma City. N\u00e1vrat do SP se mu ale nevyda\u0159il. V\u00a0kvalifikaci dostal 50\u00a0trestn\u00fdch sekund za neregul\u00e9rn\u00ed pr\u016fjezd sedm\u00e9 branky, \u010d\u00edm\u017e p\u0159i\u0161el o\u00a0\u0161anci na postup, a\u00a0dal\u0161\u00ed t\u0159i \u201epades\u00e1tky\u201c obdr\u017eel v\u00a0posledn\u00edch t\u0159ech brank\u00e1ch. Celkov\u011b m\u011bl na nejrychlej\u0161\u00edho mu\u017ee kvalifikace Itala Giovanniho de Gennara ztr\u00e1tu 203,82\u00a0sekundy.<\/p>\n<p class=\"b_bA\">Kv\u016fli dne\u0161n\u00edmu v\u00fdpadku Krej\u010d\u00ed p\u0159ijde o\u00a0pr\u016fb\u011b\u017en\u00e9 veden\u00ed v\u00a0seri\u00e1lu. Do fin\u00e1le toti\u017e z\u00a0posledn\u00ed dvan\u00e1ct\u00e9 pozice proklouzl jeho nejbli\u017e\u0161\u00ed pron\u00e1sledovatel Xabier Ferrazzi z\u00a0It\u00e1lie, jen\u017e na n\u011bj ztr\u00e1c\u00ed deset bod\u016f. U\u017e bude nejh\u016f\u0159e dvan\u00e1ct\u00fd, tak\u017ee si p\u0159ip\u00ed\u0161e minim\u00e1ln\u011b 31\u00a0bod\u016f.<\/p>\n<p class=\"b_bA\">Do boje o\u00a0medaile se ze sedm\u00e9ho m\u00edsta navzdory dv\u011bma trestn\u00fdm sekund\u00e1m kvalifikoval mistr sv\u011bta z\u00a0roku 2022\u00a0P\u0159indi\u0161. Na De Gennara ztratil 3,01\u00a0sekundy. Naopak Prskavec navzdory \u010dist\u00e9 j\u00edzd\u011b obsadil nepostupov\u00e9 15.\u00a0m\u00edsto. Od fin\u00e1lov\u00e9 dvan\u00e1ctky ho d\u011blilo 1,76\u00a0sekundy.<\/p>\n<p><a data-dot=\"atm-link\" target=\"_self\" href=\"https:\/\/www.sport.cz\/clanek\/vodni-sporty-flamikova-s-podrazilem-do-boju-o-medaile-na-ms-nepostoupili-ceka-je-finale-b-5521209\" class=\"b_V g_ig\" rel=\"nofollow noopener\"><img fetchpriority=\"high\" height=\"1198\" width=\"1598\" src=\"https:\/\/www.europesays.com\/cz\/wp-content\/uploads\/2026\/09\/1788464288_424_veslovani.jpeg\" loading=\"eager\" decoding=\"sync\" class=\"b_B b_z\"\/><\/a><\/p>\n","protected":false},"excerpt":{"rendered":"Krej\u010d\u00ed v\u00a0t\u00e9to sezon\u011b po \u00favodn\u00edm druh\u00e9m m\u00edst\u011b v\u00a0Tacenu vyhr\u00e1l dal\u0161\u00ed dva z\u00e1vody Sv\u011btov\u00e9ho poh\u00e1ru a\u00a0vede celkov\u00e9 po\u0159ad\u00ed seri\u00e1lu.&hellip;\n","protected":false},"author":2,"featured_media":201952,"comment_status":"","ping_status":"","sticky":false,"template":"","format":"standard","meta":{"footnotes":"","_share_on_mastodon":"0"},"categories":[15],"tags":[37443,27778,94,93],"class_list":["post-201951","post","type-post","status-publish","format-standard","has-post-thumbnail","category-sport","tag-jakub-krejci","tag-kajak","tag-sport","tag-sports"],"share_on_mastodon":{"url":"https:\/\/pubeurope.com\/@cz\/117208803941781739","error":""},"_links":{"self":[{"href":"https:\/\/www.europesays.com\/cz\/wp-json\/wp\/v2\/posts\/201951","targetHints":{"allow":["GET"]}}],"collection":[{"href":"https:\/\/www.europesays.com\/cz\/wp-json\/wp\/v2\/posts"}],"about":[{"href":"https:\/\/www.europesays.com\/cz\/wp-json\/wp\/v2\/types\/post"}],"author":[{"embeddable":true,"href":"https:\/\/www.europesays.com\/cz\/wp-json\/wp\/v2\/users\/2"}],"replies":[{"embeddable":true,"href":"https:\/\/www.europesays.com\/cz\/wp-json\/wp\/v2\/comments?post=201951"}],"version-history":[{"count":0,"href":"https:\/\/www.europesays.com\/cz\/wp-json\/wp\/v2\/posts\/201951\/revisions"}],"wp:featuredmedia":[{"embeddable":true,"href":"https:\/\/www.europesays.com\/cz\/wp-json\/wp\/v2\/media\/201952"}],"wp:attachment":[{"href":"https:\/\/www.europesays.com\/cz\/wp-json\/wp\/v2\/media?parent=201951"}],"wp:term":[{"taxonomy":"category","embeddable":true,"href":"https:\/\/www.europesays.com\/cz\/wp-json\/wp\/v2\/categories?post=201951"},{"taxonomy":"post_tag","embeddable":true,"href":"https:\/\/www.europesays.com\/cz\/wp-json\/wp\/v2\/tags?post=201951"}],"curies":[{"name":"wp","href":"https:\/\/api.w.org\/{rel}","templated":true}]}}