{"id":201955,"date":"2026-09-03T19:42:14","date_gmt":"2026-09-03T19:42:14","guid":{"rendered":"https:\/\/www.europesays.com\/cz\/201955\/"},"modified":"2026-09-03T19:42:14","modified_gmt":"2026-09-03T19:42:14","slug":"ctvrt-milionu-palestincu-rocne-ben-gvir-predstavil-plan-na-vysidleni-gazy","status":"publish","type":"post","link":"https:\/\/www.europesays.com\/cz\/201955\/","title":{"rendered":"\u010ctvrt milionu Palestinc\u016f ro\u010dn\u011b, Ben Gvir p\u0159edstavil pl\u00e1n na vys\u00eddlen\u00ed Gazy"},"content":{"rendered":"<p class=\"e_bX\">Izraelsk\u00fd krajn\u011b pravicov\u00fd ministr n\u00e1rodn\u00ed bezpe\u010dnosti Itamar Ben Gvir p\u0159edstavil pl\u00e1n na vys\u00eddlen\u00ed Palestinc\u016f z\u00a0P\u00e1sma Gazy. Za rok jich m\u00e1 odej\u00edt 250\u00a0000, za dal\u0161\u00edch \u0161est pak prakticky cel\u00e9 palestinsk\u00e9 obyvatelstvo, p\u00ed\u0161e agentura AFP. O\u00a0vys\u00eddlen\u00ed Palestinc\u016f, kter\u00e9 izrael\u0161t\u00ed p\u0159edstavitel\u00e9 ozna\u010duj\u00ed za \u201emigraci\u201c, mluvil ve st\u0159edu tak\u00e9 izraelsk\u00fd ministr obrany Jisrael Kac. Podle n\u011bj se \u010dek\u00e1 na souhlas Spojen\u00fdch st\u00e1t\u016f se z\u00e1m\u011brem.<\/p>\n<p class=\"e_bX\">Podle Ben Gvira pl\u00e1n po\u010d\u00edt\u00e1 s\u00a0t\u00edm, \u017ee z\u00a0P\u00e1sma Gazy do sedmi let odejde 1,9\u00a0milionu lid\u00ed, tedy prakticky kompletn\u00ed p\u0159ibli\u017en\u011b dva miliony Palestinc\u016f, kte\u0159\u00ed v\u00a0oblasti nyn\u00ed \u017eij\u00ed. Ministr tvrdil, \u017ee existuj\u00ed zem\u011b, kter\u00e9 souhlas\u00ed s\u00a0p\u0159em\u00edst\u011bn\u00edm Palestinc\u016f na sv\u00e9 \u00fazem\u00ed. Ne\u0159ekl ale kter\u00e9.<\/p>\n<p><a data-dot=\"mol-article-card-media\" aria-hidden=\"true\" tabindex=\"-1\" href=\"https:\/\/www.seznamzpravy.cz\/clanek\/zahranicni-izrael-je-pripraven-odsunout-palestince-z-gazy-ale-ceka-na-usa-314473\" class=\"e_n f_l8\" rel=\"nofollow noopener\" target=\"_blank\"><img fetchpriority=\"high\" height=\"2304\"   width=\"4096\" src=\"https:\/\/www.europesays.com\/cz\/wp-content\/uploads\/2026\/09\/1788464533_408_israel-katz-jisrael-kac.jpeg\" loading=\"eager\" decoding=\"sync\" class=\"e_aa e_Z\"\/><\/a><\/p>\n<p class=\"e_bX\">Izraelsk\u00fd ministr obrany Kac tento t\u00fdden uvedl, \u017ee odchod Palestinc\u016f jinam je realistick\u00fdm \u0159e\u0161en\u00edm pro P\u00e1smo Gazy, kter\u00e9 siln\u011b poni\u010dilo t\u0159\u00edlet\u00e9 vojensk\u00e9 ta\u017een\u00ed Izraele. To za\u010dalo po rozs\u00e1hl\u00e9m teroristick\u00e9m \u00fatoku 7.\u00a0\u0159\u00edjna 2023\u00a0hnut\u00ed Ham\u00e1s a\u00a0jeho spojenc\u016f na jih Izraele.<\/p>\n<p class=\"e_bX\">Izrael\u0161t\u00ed p\u0159edstavitel\u00e9 nyn\u00ed tvrd\u00ed, \u017ee Palestinci se po t\u0159ech letech boj\u016f cht\u011bj\u00ed z\u00a0P\u00e1sma Gazy vyst\u011bhovat. Nen\u00ed ale jasn\u00e9, jak k\u00a0takov\u00e9mu z\u00e1v\u011bru dosp\u011bli, p\u0159ipom\u00edn\u00e1 AFP. Podle Kace by Spojen\u00e9 st\u00e1ty m\u011bly dojednat, kter\u00e9 zem\u011b Palestince p\u0159ijmou.<\/p>\n<p class=\"e_bX\">Pokud by se pl\u00e1n uskute\u010dnil, byl by ve velk\u00e9 m\u00ed\u0159e realizov\u00e1n a\u017e po \u0159\u00edjnov\u00fdch parlamentn\u00edch volb\u00e1ch v\u00a0Izraeli. Ben Gvir v\u00a0nich kandiduje se svou stranou \u017didovsk\u00e1 s\u00edla a\u00a0zam\u011b\u0159uje se na radik\u00e1ln\u00ed izraelsk\u00e9 voli\u010dstvo, o\u00a0jeho\u017e hlasy usiluj\u00ed i\u00a0dal\u0161\u00ed men\u0161\u00ed strany.<\/p>\n<p><a data-dot=\"mol-article-card-media\" aria-hidden=\"true\" tabindex=\"-1\" href=\"https:\/\/www.seznamzpravy.cz\/clanek\/zahranicni-posledni-telefonat-pak-prisla-voda-rodiny-hledaji-pohresovane-poutniky-314540\" class=\"e_n f_l8\" rel=\"nofollow noopener\" target=\"_blank\"><img height=\"2304\"   width=\"4096\" src=\"https:\/\/www.europesays.com\/cz\/wp-content\/uploads\/2026\/09\/1788464534_643_nepal-povodne.jpeg\" loading=\"eager\" decoding=\"sync\" class=\"e_aa e_Z\"\/><\/a><a data-dot=\"mol-article-card-media\" aria-hidden=\"true\" tabindex=\"-1\" href=\"https:\/\/www.seznamzpravy.cz\/clanek\/zahranicni-vzpoura-na-simsonu-zombie-ndr-rozvraci-nemecko-314423\" class=\"e_n f_l8\" rel=\"nofollow noopener\" target=\"_blank\"><img height=\"2304\"   width=\"4096\" src=\"https:\/\/www.europesays.com\/cz\/wp-content\/uploads\/2026\/09\/1788464534_735_simson-hocke.jpeg\" loading=\"eager\" decoding=\"sync\" class=\"e_aa e_Z\"\/><\/a><\/p>\n","protected":false},"excerpt":{"rendered":"Izraelsk\u00fd krajn\u011b pravicov\u00fd ministr n\u00e1rodn\u00ed bezpe\u010dnosti Itamar Ben Gvir p\u0159edstavil pl\u00e1n na vys\u00eddlen\u00ed Palestinc\u016f z\u00a0P\u00e1sma Gazy. Za rok&hellip;\n","protected":false},"author":2,"featured_media":201956,"comment_status":"","ping_status":"","sticky":false,"template":"","format":"standard","meta":{"footnotes":"","_share_on_mastodon":"0"},"categories":[11],"tags":[638,17768,2002,54,53,52],"class_list":["post-201955","post","type-post","status-publish","format-standard","has-post-thumbnail","category-svet","tag-izrael","tag-palestinci","tag-pasmo-gazy","tag-svet","tag-world","tag-world-news"],"share_on_mastodon":{"url":"https:\/\/pubeurope.com\/@cz\/117208819576349969","error":""},"_links":{"self":[{"href":"https:\/\/www.europesays.com\/cz\/wp-json\/wp\/v2\/posts\/201955","targetHints":{"allow":["GET"]}}],"collection":[{"href":"https:\/\/www.europesays.com\/cz\/wp-json\/wp\/v2\/posts"}],"about":[{"href":"https:\/\/www.europesays.com\/cz\/wp-json\/wp\/v2\/types\/post"}],"author":[{"embeddable":true,"href":"https:\/\/www.europesays.com\/cz\/wp-json\/wp\/v2\/users\/2"}],"replies":[{"embeddable":true,"href":"https:\/\/www.europesays.com\/cz\/wp-json\/wp\/v2\/comments?post=201955"}],"version-history":[{"count":0,"href":"https:\/\/www.europesays.com\/cz\/wp-json\/wp\/v2\/posts\/201955\/revisions"}],"wp:featuredmedia":[{"embeddable":true,"href":"https:\/\/www.europesays.com\/cz\/wp-json\/wp\/v2\/media\/201956"}],"wp:attachment":[{"href":"https:\/\/www.europesays.com\/cz\/wp-json\/wp\/v2\/media?parent=201955"}],"wp:term":[{"taxonomy":"category","embeddable":true,"href":"https:\/\/www.europesays.com\/cz\/wp-json\/wp\/v2\/categories?post=201955"},{"taxonomy":"post_tag","embeddable":true,"href":"https:\/\/www.europesays.com\/cz\/wp-json\/wp\/v2\/tags?post=201955"}],"curies":[{"name":"wp","href":"https:\/\/api.w.org\/{rel}","templated":true}]}}