{"id":201979,"date":"2026-09-03T20:02:14","date_gmt":"2026-09-03T20:02:14","guid":{"rendered":"https:\/\/www.europesays.com\/cz\/201979\/"},"modified":"2026-09-03T20:02:14","modified_gmt":"2026-09-03T20:02:14","slug":"rozhovory-davam-i-alternativnim-mediim-rika-macinka-k-rozhovoru-anonymovi-ochranka-nepochybila-idnes-cz","status":"publish","type":"post","link":"https:\/\/www.europesays.com\/cz\/201979\/","title":{"rendered":"Rozhovory d\u00e1v\u00e1m i alternativn\u00edm m\u00e9di\u00edm, \u0159\u00edk\u00e1 Macinka k rozhovoru anonymovi. Ochranka nepochybila &#8211; iDNES.cz"},"content":{"rendered":"<p><a href=\"https:\/\/news.google.com\/rss\/articles\/CBMinAFBVV95cUxORXc3a2I0WEV3UTJWdXU0UU8xbnk5bjF4QV93ZG9IQ2NWQ3A4eEtYX0pFakZQSTVFM19RZU1oZG9fY3NXa3Q5bk9VOTBFT0xkak03ekM3SHJRSTdnM1FIVG4wQVVGY1duLXoyNVN3a0RsenRrWEN5WmhGQmxvMHJZblhfOWlHSXc5S3lkUy1fOXpBS0FLTjg3WlZsVWc?oc=5\" target=\"_blank\" rel=\"nofollow noopener\">Rozhovory d\u00e1v\u00e1m i alternativn\u00edm m\u00e9di\u00edm, \u0159\u00edk\u00e1 Macinka k rozhovoru anonymovi. Ochranka nepochybila<\/a>&nbsp;&nbsp;iDNES.cz<a href=\"https:\/\/news.google.com\/rss\/articles\/CBMisAFBVV95cUxQaGQ2Z3dKanBtNnd3VUFhVlFaaUd4a3VRYktVNVEwVU5pRjEzc2EzLVkydmVwblYxckJZU1V3QXcya3c3bUNrX2xqb1ZpQzdUY0JDZkxmV0lJN0FadmEtRUNFUDloZ05TZ293dGE2Rlp3RHoxVW5sYXBPb2doUmpreWdZVVo4UEJpY1JoWnRteDl6aGgtdW9iY0Q0NXdycFZuTmVZNGRkZ3pPdnZYOHJZWA?oc=5\" target=\"_blank\" rel=\"nofollow noopener\">TMBK: Macinka to nevzd\u00e1v\u00e1. Rozhovor se zamaskovan\u00fdm Pauknerem bude<\/a>&nbsp;&nbsp;Seznam Zpr\u00e1vy<a href=\"https:\/\/news.google.com\/rss\/articles\/CBMixwFBVV95cUxOejhrclIzcERjV1dNR1o1TzRBQ2xpZ3R1RGFnZ0VHTlBGWTRQV19JbnY4dnZSaHBJWnd4ZnpCZnRORGpuNS12Q21UOU9jY19TWGp1TndFU1RWUUhZcFZqa0RaS3V3SU9PMUtuSUpOcEkwZ2lSOFE0OWlrbk5uaHp6aTFZR01VZXg4b1VFR1RsTGRxSll3aFc0eUJpNkNWWGk4QWdmOS1pSC1XWEhldlBoQVM4aUtnTHRvcGQ2X3MzWWRSVEc5WXhV?oc=5\" target=\"_blank\" rel=\"nofollow noopener\">\u201eNe\u0161lo o standardn\u00ed situaci.\u201c Policie prov\u011b\u0159\u00ed postup Macinkovy ochranky b\u011bhem sch\u016fzky s fale\u0161n\u00fdm Pauknerem<\/a>&nbsp;&nbsp;denikn.cz<a href=\"https:\/\/news.google.com\/rss\/articles\/CBMigwFBVV95cUxNRll3RUxNTmE3SUllR1VpUENOU3V3YU42VXkzMWp6Z2Vwb1RvN0FMOUNJV0x3S0ZFclZiLWZIUlBvZkFIUXcyMFFmXzM2YkhHZmh2V1JYaWs5NFFHU1dFaWFCVGlSQ1p6dWprWkpqNXZRREtDeDhWM0FXZXIxajJCT251bw?oc=5\" target=\"_blank\" rel=\"nofollow noopener\">Hovory v kukle: Hrozn\u00ed jste, pane Macinko. Hrozn\u00ed trag\u00e9di<\/a>&nbsp;&nbsp;forum 24<a href=\"https:\/\/news.google.com\/rss\/articles\/CBMisAFBVV95cUxOUWtpWTFneU9oenRPSFVDcDYydU9rVm4tOERCY1ZUOC0wYXFwaXl5ZW4yRTF4Z29TM2VwMk5mMTREU1B4MnEwQnNIaFlobXhoSTBhU0h2V3Q4OURFMFQzSHp1bjRCZEpYeUNUZ3RiZjZqWmF5cFp0X295UmhFRkQxUlVQeC1tS2xsX2lFLWZtV2FjMTkwb0RNU0tHODA1aFZzR01KNDNXMFd6ZUM0dFJSMA?oc=5\" target=\"_blank\" rel=\"nofollow noopener\">Ochrann\u00e1 slu\u017eba \u0159e\u0161\u00ed Macink\u016fv rozhovor se zakuklencem<\/a>&nbsp;&nbsp;Seznam Zpr\u00e1vy<\/p>\n","protected":false},"excerpt":{"rendered":"Rozhovory d\u00e1v\u00e1m i alternativn\u00edm m\u00e9di\u00edm, \u0159\u00edk\u00e1 Macinka k rozhovoru anonymovi. Ochranka nepochybila&nbsp;&nbsp;iDNES.czTMBK: Macinka to nevzd\u00e1v\u00e1. Rozhovor se zamaskovan\u00fdm&hellip;\n","protected":false},"author":2,"featured_media":201980,"comment_status":"","ping_status":"","sticky":false,"template":"","format":"standard","meta":{"footnotes":"","_share_on_mastodon":"0"},"categories":[10],"tags":[297,266,17,21,16,418,1967,1525,18,19,22,20],"class_list":["post-201979","post","type-post","status-publish","format-standard","has-post-thumbnail","category-zpravy","tag-alena-schillerova","tag-andrej-babis","tag-headlines","tag-hlavni-udalosti","tag-news","tag-petr-macinka","tag-rozhovor","tag-studium","tag-top-news","tag-top-stories","tag-udalosti-dne","tag-zpravy"],"share_on_mastodon":{"url":"https:\/\/pubeurope.com\/@cz\/117208897883918572","error":""},"_links":{"self":[{"href":"https:\/\/www.europesays.com\/cz\/wp-json\/wp\/v2\/posts\/201979","targetHints":{"allow":["GET"]}}],"collection":[{"href":"https:\/\/www.europesays.com\/cz\/wp-json\/wp\/v2\/posts"}],"about":[{"href":"https:\/\/www.europesays.com\/cz\/wp-json\/wp\/v2\/types\/post"}],"author":[{"embeddable":true,"href":"https:\/\/www.europesays.com\/cz\/wp-json\/wp\/v2\/users\/2"}],"replies":[{"embeddable":true,"href":"https:\/\/www.europesays.com\/cz\/wp-json\/wp\/v2\/comments?post=201979"}],"version-history":[{"count":0,"href":"https:\/\/www.europesays.com\/cz\/wp-json\/wp\/v2\/posts\/201979\/revisions"}],"wp:featuredmedia":[{"embeddable":true,"href":"https:\/\/www.europesays.com\/cz\/wp-json\/wp\/v2\/media\/201980"}],"wp:attachment":[{"href":"https:\/\/www.europesays.com\/cz\/wp-json\/wp\/v2\/media?parent=201979"}],"wp:term":[{"taxonomy":"category","embeddable":true,"href":"https:\/\/www.europesays.com\/cz\/wp-json\/wp\/v2\/categories?post=201979"},{"taxonomy":"post_tag","embeddable":true,"href":"https:\/\/www.europesays.com\/cz\/wp-json\/wp\/v2\/tags?post=201979"}],"curies":[{"name":"wp","href":"https:\/\/api.w.org\/{rel}","templated":true}]}}