{"id":202003,"date":"2026-09-03T20:21:20","date_gmt":"2026-09-03T20:21:20","guid":{"rendered":"https:\/\/www.europesays.com\/cz\/202003\/"},"modified":"2026-09-03T20:21:20","modified_gmt":"2026-09-03T20:21:20","slug":"macinka-odmitl-vysvetleni-ruske-velvyslankyne-k-incidentum-v-lipsku-2","status":"publish","type":"post","link":"https:\/\/www.europesays.com\/cz\/202003\/","title":{"rendered":"Macinka odm\u00edtl vysv\u011btlen\u00ed rusk\u00e9 velvyslankyn\u011b k incident\u016fm v Lipsku"},"content":{"rendered":"<p>&#13;<br \/>\n  Komer\u010dn\u00ed prezentace Aktual.: 3.09.2026 15:15&#13;<br \/>\n  Vyd\u00e1no: 3.09.2026, 13:40&#13;\n<\/p>\n<p class=\"big\" itemprop=\"description\">    Praha &#8211; Ministr zahrani\u010dn\u00edch v\u011bc\u00ed Petr Macinka (Motorist\u00e9) odm\u00edtl vysv\u011btlen\u00ed rusk\u00e9 velvyslankyn\u011b v \u010cR Anny Ponomarevov\u00e9 , \u017ee obvin\u011bn\u00ed Ruska z incident\u016f v Lipsku jsou provokac\u00ed slou\u017e\u00edc\u00ed jin\u00fdm z\u00e1jm\u016fm. Z\u00e1rove\u0148 j\u00ed ozn\u00e1mil, \u017ee i v reakci na ned\u00e1vn\u00e9 zp\u0159\u00edsn\u011bn\u00ed podm\u00ednek pro diplomatickou misi \u010cR v Moskv\u011b zavede \u010cesko pro diplomatick\u00fd i technick\u00fd person\u00e1l Ruska akreditovan\u00fd na \u010desk\u00e9m \u00fazem\u00ed recipro\u010dn\u00ed opat\u0159en\u00ed, kter\u00e9 tyto podm\u00ednky vyrovn\u00e1. \u010cTK o tom informoval mluv\u010d\u00ed ministerstva zahrani\u010d\u00ed Adam \u010c\u00f6rg\u0151.<\/p>\n<p>Macinka si velvyslankyni p\u0159edvolal pot\u00e9, co N\u011bmecko ofici\u00e1ln\u011b p\u0159isoudilo Rusku odpov\u011bdnost za srpnov\u00fd \u00fatok na leti\u0161t\u011b Lipsko\/Halle. N\u011bmeck\u00e1 zji\u0161t\u011bn\u00ed ozna\u010dil ministr ve st\u0159edu za alarmuj\u00edc\u00ed a avizoval, \u017ee o nich chce jednat i s \u010desk\u00fdmi zpravodajsk\u00fdmi slu\u017ebami.<\/p>\n<p>Vysv\u011btlen\u00ed Ponomarevov\u00e9 Macinka odm\u00edtl na z\u00e1klad\u011b informac\u00ed poskytnut\u00fdch n\u011bmeckou stranou, ale tak\u00e9 na z\u00e1klad\u011b zji\u0161t\u011bn\u00ed dvou \u010desk\u00fdch tajn\u00fdch slu\u017eeb. Ministr apeloval na deeskalaci situace a vyzval Rusko, aby iniciativn\u011b p\u0159i\u0161lo s n\u00e1vrhy, kter\u00e9 povedou k m\u00edru.<\/p>\n<p>Macinka m\u00edn\u00ed, \u017ee recipro\u010dn\u00ed opat\u0159en\u00ed povedou k vyrovn\u00e1n\u00ed se s re\u017eimem, kter\u00e9mu ji\u017e nyn\u00ed podl\u00e9haj\u00ed \u010de\u0161t\u00ed diplomat\u00e9 v Rusku, tedy nap\u0159\u00edklad povinnost\u00ed dop\u0159edu oznamovat sv\u00e9 cesty a zas\u00edl\u00e1n\u00ed n\u00f3t. &#8222;Nejde p\u0159itom o nejp\u0159\u00edsn\u011bj\u0161\u00ed variantu, kterou n\u00e1m umo\u017e\u0148uje evropsk\u00e1 legislativa,&#8220; \u0159ekl dnes ministr novin\u00e1\u0159\u016fm p\u0159ed \u00da\u0159adem vl\u00e1dy \u010cR, kde jednal se z\u00e1stupci vl\u00e1dn\u00edho hnut\u00ed ANO o rozpo\u010dtu. Na \u00faprav\u011b se podle n\u011bj pracovalo del\u0161\u00ed dobu mimo jin\u00e9 i ve spolupr\u00e1ci s tajn\u00fdmi slu\u017ebami tak, aby byly s v\u00fdsledkem tak\u00e9 spokojen\u00e9.<\/p>\n<p>Opat\u0159en\u00ed se tvo\u0159\u00ed na \u00farovni ministerstva a nemus\u00ed se dostat na jedn\u00e1n\u00ed vl\u00e1dy, p\u0159esto o nich chce Macinka s \u010dleny kabinetu je\u0161t\u011b hovo\u0159it. Nov\u00e1 pravidla by mohla za\u010d\u00edt platit v horizontu n\u011bkolika dn\u00ed a\u017e t\u00fddn\u016f, tedy ji\u017e v pr\u016fb\u011bhu z\u00e1\u0159\u00ed.<\/p>\n<p>Rusk\u00e9 velvyslanectv\u00ed v \u010cR ve sv\u00e9m <a href=\"https:\/\/www.facebook.com\/AmbRusCz\/posts\/pfbid0ML6eVDNFiXzA9zJQNZTksKfUSfWuKCcDu4xYuaX3bQ9PD6PW8G63JguNLWwXSoBEl\" target=\"_blank\" rel=\"nofollow noopener\">vyj\u00e1d\u0159en\u00ed<\/a> na facebooku napsalo, \u017ee Macinka &#8222;tlumo\u010dil spole\u010dn\u00fd postoj Evropsk\u00e9 unie k zmi\u0148ovan\u00e9mu incidentu&#8220;. Velvyslankyn\u011b obvin\u011bn\u00ed d\u016frazn\u011b odm\u00edt\u00e1 a p\u0159irovn\u00e1v\u00e1 je mimo jin\u00e9 k \u010desk\u00e9 kauze Vrb\u011btice, kterou podle n\u00ed Evropan\u00e9 sv\u00e9ho \u010dasu vyu\u017eili k podn\u011bcov\u00e1n\u00ed rusofobie a ni\u010den\u00ed vztah\u016f s Ruskem. \u010cesk\u00e9 \u00fa\u0159ady v dubnu 2021 ozn\u00e1mily, \u017ee do v\u00fdbuch\u016f muni\u010dn\u00edch sklad\u016f ve Vrb\u011btic\u00edch v roce 2014 byli zapojeni p\u0159\u00edslu\u0161n\u00edci rusk\u00e9 vojensk\u00e9 rozv\u011bdky GRU. Podle dne\u0161n\u00edho vyj\u00e1d\u0159en\u00ed velvyslanectv\u00ed ale rusk\u00e1 stopa nebyla prok\u00e1z\u00e1na.<\/p>\n<p>Rusko je podle n\u011bmeck\u00e9ho ministerstva vnitra zodpov\u011bdn\u00e9 za \u0161pion\u00e1\u017en\u00ed a sabot\u00e1\u017en\u00ed akce po cel\u00e9 Evrop\u011b, v\u010detn\u011b srpnov\u00e9ho dronov\u00e9ho incidentu na leti\u0161ti Lipsko\/Halle. N\u011bmeck\u00e9 \u00fa\u0159ady jej ozna\u010duj\u00ed za sou\u010d\u00e1st zn\u00e1m\u00e9ho vzorce rusk\u00fdch hybridn\u00edch operac\u00ed. \u00datok podle ministerstva provedli naverbovan\u00ed agenti najat\u00ed rusk\u00fdmi st\u00e1tn\u00edmi org\u00e1ny. N\u011bmecko kv\u016fli \u00fatoku p\u0159ijme \u0159adu bezpe\u010dnostn\u00edch opat\u0159en\u00ed, mimo jin\u00e9 uzav\u0159e rusk\u00fd gener\u00e1ln\u00ed konzul\u00e1t v Bonnu a Rusk\u00fd d\u016fm v Berl\u00edn\u011b.<\/p>\n<p>Mluv\u010d\u00ed rusk\u00e9ho ministerstva zahrani\u010d\u00ed Marija Zacharovov\u00e1 naopak obvinila n\u011bmeck\u00e9 \u00fa\u0159ady, \u017ee si vymyslely z\u00e1minku, aby gener\u00e1ln\u00ed konzul\u00e1t a Rusk\u00fd d\u016fm mohly zav\u0159\u00edt.<\/p>\n<p>Ponomarevov\u00e1 ofici\u00e1ln\u011b zah\u00e1jila p\u016fsoben\u00ed v \u010cesku v \u010dervnu. Vyst\u0159\u00eddala Alexandra Zmejevsk\u00e9ho, kter\u00e9ho rusk\u00fd prezident Vladimir Putin z postu ofici\u00e1ln\u011b odvolal loni v prosinci.<\/p>\n<p class=\"tags\">&#13;<br \/>\n<a href=\"https:\/\/www.ceskenoviny.cz\/tema\/rusko\/59\" class=\"tag blue\" itemprop=\"about\" rel=\"tag nofollow noopener\" target=\"_blank\">Rusko<\/a>&#13;<br \/>\n&#13;<br \/>\n&#13;<br \/>\n&#13;<br \/>\n<a href=\"https:\/\/www.ceskenoviny.cz\/tema\/nemecko\/33\" class=\"tag blue\" itemprop=\"about\" rel=\"tag nofollow noopener\" target=\"_blank\">N\u011bmecko<\/a>&#13;<br \/>\n&#13;<br \/>\n&#13;<br \/>\n&#13;<br \/>\n<a href=\"https:\/\/www.ceskenoviny.cz\/tema\/cr\/1\" class=\"tag blue\" itemprop=\"about\" rel=\"tag nofollow noopener\" target=\"_blank\">\u010cR<\/a>&#13;<br \/>\n&#13;<br \/>\n&#13;<br \/>\n&#13;<br \/>\n<a href=\"https:\/\/www.ceskenoviny.cz\/tema\/diplomacie\/304\" class=\"tag blue\" itemprop=\"about\" rel=\"tag nofollow noopener\" target=\"_blank\">diplomacie<\/a>&#13;<br \/>\n&#13;<br \/>\n&#13;<br \/>\n&#13;<br \/>\n<a href=\"https:\/\/www.ceskenoviny.cz\/tema\/fles\/1719\" class=\"tag blue\" itemprop=\"about\" rel=\"tag nofollow noopener\" target=\"_blank\">FLE\u0160<\/a>&#13;<br \/>\n&#13;<br \/>\n&#13;<br \/>\n&#13;<br \/>\n &#13;<\/p>\n","protected":false},"excerpt":{"rendered":"&#13; Komer\u010dn\u00ed prezentace Aktual.: 3.09.2026 15:15&#13; Vyd\u00e1no: 3.09.2026, 13:40&#13; Praha &#8211; Ministr zahrani\u010dn\u00edch v\u011bc\u00ed Petr Macinka (Motorist\u00e9) odm\u00edtl&hellip;\n","protected":false},"author":2,"featured_media":202004,"comment_status":"","ping_status":"","sticky":false,"template":"","format":"standard","meta":{"footnotes":"","_share_on_mastodon":"0"},"categories":[10],"tags":[302,304,305,298,303,752,1428,17,21,375,16,61,18,19,22,20],"class_list":["post-202003","post","type-post","status-publish","format-standard","has-post-thumbnail","category-zpravy","tag-ceskenoviny-cz","tag-cn","tag-cn-cz","tag-cr","tag-ctk","tag-diplomacie","tag-fles","tag-headlines","tag-hlavni-udalosti","tag-nemecko","tag-news","tag-rusko","tag-top-news","tag-top-stories","tag-udalosti-dne","tag-zpravy"],"share_on_mastodon":{"url":"https:\/\/pubeurope.com\/@cz\/117208972318600920","error":""},"_links":{"self":[{"href":"https:\/\/www.europesays.com\/cz\/wp-json\/wp\/v2\/posts\/202003","targetHints":{"allow":["GET"]}}],"collection":[{"href":"https:\/\/www.europesays.com\/cz\/wp-json\/wp\/v2\/posts"}],"about":[{"href":"https:\/\/www.europesays.com\/cz\/wp-json\/wp\/v2\/types\/post"}],"author":[{"embeddable":true,"href":"https:\/\/www.europesays.com\/cz\/wp-json\/wp\/v2\/users\/2"}],"replies":[{"embeddable":true,"href":"https:\/\/www.europesays.com\/cz\/wp-json\/wp\/v2\/comments?post=202003"}],"version-history":[{"count":0,"href":"https:\/\/www.europesays.com\/cz\/wp-json\/wp\/v2\/posts\/202003\/revisions"}],"wp:featuredmedia":[{"embeddable":true,"href":"https:\/\/www.europesays.com\/cz\/wp-json\/wp\/v2\/media\/202004"}],"wp:attachment":[{"href":"https:\/\/www.europesays.com\/cz\/wp-json\/wp\/v2\/media?parent=202003"}],"wp:term":[{"taxonomy":"category","embeddable":true,"href":"https:\/\/www.europesays.com\/cz\/wp-json\/wp\/v2\/categories?post=202003"},{"taxonomy":"post_tag","embeddable":true,"href":"https:\/\/www.europesays.com\/cz\/wp-json\/wp\/v2\/tags?post=202003"}],"curies":[{"name":"wp","href":"https:\/\/api.w.org\/{rel}","templated":true}]}}