{"id":202007,"date":"2026-09-03T20:24:10","date_gmt":"2026-09-03T20:24:10","guid":{"rendered":"https:\/\/www.europesays.com\/cz\/202007\/"},"modified":"2026-09-03T20:24:10","modified_gmt":"2026-09-03T20:24:10","slug":"jak-clovek-nasaje-vitezstvi-touzi-slavit-zase-dynamo-chce-patrit-ke-spicce-evropy-idnes-cz","status":"publish","type":"post","link":"https:\/\/www.europesays.com\/cz\/202007\/","title":{"rendered":"Jak \u010dlov\u011bk nasaje v\u00edt\u011bzstv\u00ed, tou\u017e\u00ed slavit zase. Dynamo chce pat\u0159it ke \u0161pi\u010dce Evropy &#8211; iDNES.cz"},"content":{"rendered":"<p><a href=\"https:\/\/news.google.com\/rss\/articles\/CBMipgFBVV95cUxQbmlmNWJoQklnU0lvZkVmVDJrUXA0NVhNaWVCSWNCSno0RDU5Y0Fmb3V1YmI0d19vVENFNTVNZVJhTmJvSkRaWG5xMXltakdibEZmQ1RQNl8yVUpLbmlTdHFDbzlUTkw3RjBvdS10eWJqdHl1R21uVzlXcFN4SVBmUzlKazF3dU55NlJ5NGxDQm9oZ3EyRE16VUh3Sk8wOUU2OElRTXZ3?oc=5\" target=\"_blank\" rel=\"nofollow noopener\">Jak \u010dlov\u011bk nasaje v\u00edt\u011bzstv\u00ed, tou\u017e\u00ed slavit zase. Dynamo chce pat\u0159it ke \u0161pi\u010dce Evropy<\/a>&nbsp;&nbsp;iDNES.cz<a href=\"https:\/\/news.google.com\/rss\/articles\/CBMi3wFBVV95cUxQTjdsb2ZvRXVrc1YzOGtVcFV4S0c3cC02cTN5VmN0WS1RYWJXMnZRZnFfR1NmanVqZm5ka1RLRS15eEpocXc1QWdQcGtJSjdiaktudTJhV1dhcEZGY3Q4elJ1ckZtU2pkcjZtVFpENldOMkl5ZTJCdUVNRjZScjhRX2U1clZodS13U0RibGlLbC1WU2FnaFVqU3F5cFJVblp1QkRsaTFab2ZSUmpfblUyRVVqcDkzeU01RGFPU1BpdHBDVUZENlBoN3ZRWEJ2TnRXeG5HTS1XdmtsRGkza0h3?oc=5\" target=\"_blank\" rel=\"nofollow noopener\">Skoro p\u016flmiliardov\u00e9 Pardubice. D\u011bdek se br\u00e1n\u00ed na\u0159\u010den\u00ed, \u017ee pok\u0159ivuje hokejov\u00fd trh<\/a>&nbsp;&nbsp;Sport.cz<a href=\"https:\/\/news.google.com\/rss\/articles\/CBMixgFBVV95cUxQbVZiUFdWRUpnM19YeUFaNmxiWTBNTC02YkFHaC1TcHlPck1JQ3lvcXI4SThzd2NzQThBTDVlUnltSUk1Xy1UWHQ4TTF6WW03M2lINU84WVFLNDE4b255Qi16dTdnRFUzRmJ0UktFMURaZVBsQ3djRGQzWjNCLVY0LUxrb3dJcnpPNVFyYmdKd2pGSzRReEV0RVZfdElhRGtwRC1HWWZWVEFVM2FoZ3Fib0h5aFhwdzdBYWlsQ0dhOG9xN2JrVEE?oc=5\" target=\"_blank\" rel=\"nofollow noopener\">Rozpo\u010det t\u00e9m\u011b\u0159 500 milion\u016f, titul a v\u00edt\u011bzstv\u00ed v Lize mistr\u016f? Jak vypad\u00e1 Dynamo Pardubice p\u0159ed startem sez\u00f3ny<\/a>&nbsp;&nbsp;Ruik<a href=\"https:\/\/news.google.com\/rss\/articles\/CBMipwFBVV95cUxQQkF0cEZCX0dXLWdnYThGQUVacXBLTFVHMVNZMDRleUNkdl9ReWpmbkMzc2tpdl8wNTNqT2wxTU5WbG9vU2lxUTh5ZzF3TW1jVlk0SW81UDhscGNFQXM0YmVYTkNhS0d6TE5Ybk5MdlB0Snh3TlpCXzRiVm44dDZHQ05NMTJQS3B0OUtjVlhtOEV4RDJlcldxQU9OU2xNeXI0Ujh3UkpIYw?oc=5\" target=\"_blank\" rel=\"nofollow noopener\">D\u011bdek se br\u00e1nil: \u017de k\u0159iv\u00edme trh? To je jako \u0159e\u0161it cenu housek&#8230; M\u00e1me sv\u016fj byznys pl\u00e1n<\/a>&nbsp;&nbsp;iDNES.cz<a href=\"https:\/\/news.google.com\/rss\/articles\/CBMizAFBVV95cUxPYWRKZHRndmlmbjdaWXFCVTJoS3JwZXZDUnFHNkVQa2J2YnJMTTVuOTBfdjVVWUZrTjVHWS1uQVhfUFZmcFJXTjkxb3IyeDRIby11SkdKSGtCUi0xck9Qa2F2NjR4eUpub01YQ1hxaGNyZ214aXV1c2s4MldiMF94UXN4LVNTek1ZeVpDc19UeXpoVmFOQnJGLUtrMFlaQUk1UUdrMEo4aVV3WUU1YmM2c3lvejdhSldjNWZtLWJUZVhCUGt6QjFWU1YxQno?oc=5\" target=\"_blank\" rel=\"nofollow noopener\">Stavebn\u00ed \u00fa\u0159ad povolil ob\u0159\u00ed ar\u00e9nu v Pardubic\u00edch. Ve \u010dtvrti Nov\u00e1 Cihelna m\u00e1 st\u00e1t do konce roku 2030<\/a>&nbsp;&nbsp;iROZHLAS<\/p>\n","protected":false},"excerpt":{"rendered":"Jak \u010dlov\u011bk nasaje v\u00edt\u011bzstv\u00ed, tou\u017e\u00ed slavit zase. Dynamo chce pat\u0159it ke \u0161pi\u010dce Evropy&nbsp;&nbsp;iDNES.czSkoro p\u016flmiliardov\u00e9 Pardubice. D\u011bdek se br\u00e1n\u00ed&hellip;\n","protected":false},"author":2,"featured_media":202008,"comment_status":"","ping_status":"","sticky":false,"template":"","format":"standard","meta":{"footnotes":"","_share_on_mastodon":"0"},"categories":[15],"tags":[17638,13359,9140,7556,94,93,13454],"class_list":["post-202007","post","type-post","status-publish","format-standard","has-post-thumbnail","category-sport","tag-david-tomasek","tag-dynamo-pardubice","tag-filip-pesan","tag-hokejova-liga-mistru","tag-sport","tag-sports","tag-tomas-nosek"],"share_on_mastodon":{"url":"https:\/\/pubeurope.com\/@cz\/117208984217863069","error":""},"_links":{"self":[{"href":"https:\/\/www.europesays.com\/cz\/wp-json\/wp\/v2\/posts\/202007","targetHints":{"allow":["GET"]}}],"collection":[{"href":"https:\/\/www.europesays.com\/cz\/wp-json\/wp\/v2\/posts"}],"about":[{"href":"https:\/\/www.europesays.com\/cz\/wp-json\/wp\/v2\/types\/post"}],"author":[{"embeddable":true,"href":"https:\/\/www.europesays.com\/cz\/wp-json\/wp\/v2\/users\/2"}],"replies":[{"embeddable":true,"href":"https:\/\/www.europesays.com\/cz\/wp-json\/wp\/v2\/comments?post=202007"}],"version-history":[{"count":0,"href":"https:\/\/www.europesays.com\/cz\/wp-json\/wp\/v2\/posts\/202007\/revisions"}],"wp:featuredmedia":[{"embeddable":true,"href":"https:\/\/www.europesays.com\/cz\/wp-json\/wp\/v2\/media\/202008"}],"wp:attachment":[{"href":"https:\/\/www.europesays.com\/cz\/wp-json\/wp\/v2\/media?parent=202007"}],"wp:term":[{"taxonomy":"category","embeddable":true,"href":"https:\/\/www.europesays.com\/cz\/wp-json\/wp\/v2\/categories?post=202007"},{"taxonomy":"post_tag","embeddable":true,"href":"https:\/\/www.europesays.com\/cz\/wp-json\/wp\/v2\/tags?post=202007"}],"curies":[{"name":"wp","href":"https:\/\/api.w.org\/{rel}","templated":true}]}}