{"id":202017,"date":"2026-09-03T20:33:08","date_gmt":"2026-09-03T20:33:08","guid":{"rendered":"https:\/\/www.europesays.com\/cz\/202017\/"},"modified":"2026-09-03T20:33:08","modified_gmt":"2026-09-03T20:33:08","slug":"ruzena-lysenkova-listonoska-blahova-z-chaluparu-byla-babickou-ani-geislerove-zarila-na-divadle","status":"publish","type":"post","link":"https:\/\/www.europesays.com\/cz\/202017\/","title":{"rendered":"R\u016f\u017eena Lysenkov\u00e1: Listono\u0161ka Bl\u00e1hov\u00e1 z\u00a0Chalup\u00e1\u0159\u016f byla babi\u010dkou Ani Geislerov\u00e9, z\u00e1\u0159ila na divadle"},"content":{"rendered":"<p class=\"e_cz\">\u201eO herc\u00edch se \u0159\u00edk\u00e1, \u017ee musej\u00ed hr\u00e1t hlavou, srdcem i\u00a0smysly. Mn\u011b sed\u011bly v\u017edycky ty role, kde jsem mohla uplatnit v\u00edce to srdce a\u00a0smysly,\u201c \u0159\u00edk\u00e1vala o\u00a0sob\u011b here\u010dka.<\/p>\n<p>Poch\u00e1zela z\u00a0Ma\u010farska<\/p>\n<p class=\"e_cz\">R\u016f\u017eena Lysenkov\u00e1 se narodila  16.\u00a0prosince 1918\u00a0v\u00a0Di\u00f3sgy\u0151ru u\u00a0Miskolce, kter\u00fd tehdy rod\u00edc\u00ed se \u010ceskoslovensko \u0159adilo mezi sv\u00e9 \u00fazemn\u00ed n\u00e1roky v\u016f\u010di Uhersku. V\u00a0oblasti tehdy \u017eilo a\u00a0pracovalo mnoho \u010desk\u00fdch rodin. Di\u00f3sgy\u0151r byl v\u00fdznamn\u00fdm pr\u016fmyslov\u00fdm centrem s\u00a0velk\u00fdmi \u017eelez\u00e1rnami a\u00a0stroj\u00edrnami, kam odch\u00e1zelo za prac\u00ed mnoho \u010desk\u00fdch odborn\u00edk\u016f a\u00a0d\u011bln\u00edk\u016f. Hranice se definitivn\u011b ust\u00e1lily a\u017e Trianonskou smlouvou v\u00a0roce 1920, kter\u00e1 region p\u0159i\u0159kla Ma\u010farsku. <\/p>\n<p class=\"e_cz\">D\u011btstv\u00ed R\u016f\u017eena Lysenkov\u00e1 pro\u017eila ji\u017e v\u00a0\u010cech\u00e1ch, kde pozd\u011bji navzdory protest\u016fm sv\u00fdch rodi\u010d\u016f vystudovala pra\u017eskou St\u00e1tn\u00ed konzervato\u0159 u\u00a0Anny Iblov\u00e9 a\u00a0Ji\u0159\u00edho Plach\u00e9ho. U\u017e za studi\u00ed statovala v\u00a0N\u00e1rodn\u00edm divadle, ale anga\u017em\u00e1 u\u00a0kamenn\u00fdch divadel zprvu odm\u00edtala a\u00a0rad\u011bji dala p\u0159ednost ko\u010dovn\u00fdm spole\u010dnostem. Nejprve p\u016fsobila u\u00a0 Divadeln\u00ed spole\u010dnosti Franti\u0161ka Sece, n\u00e1sledn\u011b u\u00a0St\u0159edo\u010desk\u00e9 \u010dinohry Josefa Burdy. \u201ePak p\u0159i\u0161la l\u00e9ta u\u00a0Burdovy \u010dinohry, s\u00a0jednou z\u00a0nejkr\u00e1sn\u011bj\u0161\u00edch rol\u00ed, kter\u00e9 jsem kdy hr\u00e1la, Zuzanou Voj\u00ed\u0159ovou. Do m\u00edst, kde jsem tenkr\u00e1t hr\u00e1vala, jezd\u00edm dnes na estr\u00e1dy a\u00a0na divadeln\u00ed z\u00e1jezdy, setk\u00e1v\u00e1m se se sv\u00fdmi tehdej\u0161\u00edmi div\u00e1ky a\u00a0nesm\u00edrn\u011b m\u011b t\u011b\u0161\u00ed, \u017ee na m\u011b dodnes vzpom\u00ednaj\u00ed. Za ta l\u00e9ta na m\u011b nezapomn\u011bli, tak jako j\u00e1 nikdy nemohu zapomenout na chv\u00edli vz\u00e1cn\u00e9ho kontaktu mezi hercem a\u00a0hledi\u0161t\u011bm. Proto m\u00e1m estr\u00e1dy tak r\u00e1da, zav\u00e1d\u011bj\u00ed m\u011b mezi lidi, kte\u0159\u00ed se nestyd\u00ed za projev citu, za dojet\u00ed,\u201c vzpom\u00ednala Lysenkov\u00e1 na dobu sv\u00fdch divadeln\u00edch za\u010d\u00e1tk\u016f.<\/p>\n<p>Byla skv\u011blou potvorou<\/p>\n<p class=\"e_cz\">Po v\u00e1lce si na\u0161la prvn\u00ed anga\u017em\u00e1 v\u00a0Praze ve Vinohradsk\u00e9m divadle. Obecenstvo ji milovalo jako  rozko\u0161nou pan\u00ed Urbanovou z\u00a0Jeden\u00e1ct\u00e9ho p\u0159ik\u00e1z\u00e1n\u00ed v\u00a0Radokov\u011b inscenaci v\u00a0souboru Divadla st\u00e1tn\u00edho filmu. Role sv\u016fdnic j\u00ed z\u016fstaly na dlouhou dobu i\u00a0na sc\u00e9n\u011b M\u011bstsk\u00fdch divadel pra\u017esk\u00fdch, kde p\u016fsobila od roku 1952.\u00a0\u010casto hr\u00e1la p\u011bkn\u00e9 potvory, ka\u017ed\u00e9 ale dala rys lidskosti. V\u00a0M\u011bstsk\u00fdch divadel pra\u017esk\u00fdch p\u016fsobila a\u017e do roku 1982.Vystupovala tak\u00e9 s\u00a0ochotn\u00edky, na z\u00e1jezdech a\u00a0na estr\u00e1d\u00e1ch.<\/p>\n<p class=\"e_cz\">Film p\u0159\u00edli\u0161 v\u00a0l\u00e1sce nem\u011bla, p\u0159esto v\u00a0n\u011bm \u00fa\u010dinkovala pom\u011brn\u011b \u010dasto, nikdy v\u0161ak v\u00a0hlavn\u00ed roli. Jedna takov\u00e1 j\u00ed unikla hned na po\u010d\u00e1tku kari\u00e9ry. Na konci v\u00e1lky m\u011bla b\u00fdt obsazena do tituln\u00ed \u00falohy ve V\u00e1vrov\u011b filmu Rozina sebranec, nakonec ale byla nahrazena Mari\u00ed Gl\u00e1zrovou. Na st\u0159\u00edbrn\u00e9m pl\u00e1tn\u011b tak debutovala a\u017e v\u00a0roce 1949\u00a0malou rol\u00ed sekret\u00e1\u0159ky v\u00a0parodii Pytl\u00e1kova schovanka aneb \u0160lechetn\u00fd milion\u00e1\u0159. V\u00a0pades\u00e1t\u00fdch letech \u010dasto ztv\u00e1r\u0148ovala postavy man\u017eelek a\u00a0matek. Div\u00e1ci ji mohli vid\u011bt ve filmech jako Mu\u017e v\u00a0pov\u011bt\u0159\u00ed  \u010di \u0160t\u011b\u0148ata. V\u011bt\u0161\u00ed \u00falohu z\u00e1vistiv\u00e9 man\u017eelky Karla Pokorn\u00e9ho, Bo\u017eeny, ztv\u00e1rnila v\u00a0Kad\u00e1rov\u011b a\u00a0Klosov\u011b sati\u0159e T\u0159i p\u0159\u00e1n\u00ed. V\u00a0\u0161est\u00e9 dek\u00e1d\u011b na ni \u010dekaly op\u011bt rozsahov\u011b nevelk\u00e9 role ve sn\u00edmc\u00edch D\u00e1ma na kolej\u00edch \u010di Odv\u00e1\u017en\u00e1 sle\u010dna. <\/p>\n<p class=\"e_cz\">Svoji druhou v\u00fdraznou roli pak ztv\u00e1rnila v\u00a0komedii V\u00e1clava Lohnisk\u00e9ho Panenstv\u00ed a\u00a0krimin\u00e1l, kde si zahr\u00e1la postavu matky hlavn\u00ed hrdinky Ji\u0159iny Kotrbcov\u00e9 v\u00a0pod\u00e1n\u00ed Lucie \u017dulov\u00e9. Ho\u0159k\u00e1 komedie vypr\u00e1v\u00ed o\u00a0p\u0159ita\u017eliv\u00e9 a\u00a0vyz\u00fdvav\u00e9 \u0161estn\u00e1ctilet\u00e9 d\u00edvce, je\u017e se postar\u00e1 o\u00a0rozruch h\u00fdbaj\u00edc\u00ed cel\u00fdm mal\u00fdm m\u011bste\u010dkem, kdy\u017e ze zn\u00e1siln\u011bn\u00ed obvin\u00ed sv\u00e9ho \u0161armantn\u00edho str\u00fd\u010dka, kter\u00e9ho se p\u0159edt\u00edm marn\u011b pokou\u0161ela sv\u00e9st. Naho\u0159kl\u00e1 komedie, jedin\u00fd film re\u017e\u00edrovan\u00fd hercem V\u00e1clavem Lohnisk\u00fdm, se op\u00edr\u00e1 o\u00a0\u017eiveln\u00e9 herectv\u00ed jak Vladim\u00edra Men\u0161\u00edka v\u00a0roli v\u00fd\u0159e\u010dn\u00e9ho str\u00fd\u010dka, tak Lucie \u017dulov\u00e9 jako po\u0165ouchl\u00e9 sv\u016fdnice. Ale ani R\u016f\u017eena Lysenkov\u00e1 se mezi nimi neztratila.<\/p>\n<p>Dceru pojmenovala po sv\u00e9 milovan\u00e9 roli<\/p>\n<p class=\"e_cz\">V sedmdes\u00e1t\u00fdch letech se div\u00e1k\u016fm p\u0159ipomn\u011bla v\u00a0krimifilmu Pumpa\u0159i od Zlat\u00e9 podkovy coby matka Stejskalov\u00e1, z\u00a0osm\u00e9 dek\u00e1dy lze p\u0159ipomenout film Veronika, v\u00a0n\u011bm\u017e hr\u00e1la bytnou. T\u00edmto filmem se tak\u00e9 s\u00a0velk\u00fdm pl\u00e1tnem rozlou\u010dila. Ji\u017e od \u0161edes\u00e1t\u00fdch let j\u00ed ale pravideln\u00e9 p\u0159\u00edle\u017eitosti poskytovala i\u00a0televize. Hr\u00e1la v\u00a0cel\u00e9 \u0159ad\u011b televizn\u00edch film\u016f. Do div\u00e1ck\u00e9 pam\u011bti se zapsala p\u0159edev\u0161\u00edm d\u00edky seri\u00e1l\u016fm. Objevila se v\u00a0titulech jako T\u0159i chlapi v\u00a0chalup\u011b, P\u00edse\u0148 pro Rudolfa III., H\u0159\u00ed\u0161n\u00ed lid\u00e9 M\u011bsta pra\u017esk\u00e9ho, Chalup\u00e1\u0159i, \u017dena za pultem, In\u017een\u00fdrsk\u00e1 odysea, Mal\u00fd pitaval z\u00a0velk\u00e9ho m\u011bsta, Panoptikum M\u011bsta pra\u017esk\u00e9ho \u010di Dobrodru\u017estv\u00ed kriminalistiky. \u00dapln\u011b naposledy se div\u00e1k\u016fm p\u0159edstavila v\u00a0televizn\u00edm filmu \u010cas je\u0159abin v\u00a0roce 1997.<\/p>\n<p class=\"e_cz\">R\u016f\u017eena Lysenkov\u00e1 p\u0159i sv\u00e9 hereck\u00e9 profesi sta\u010dila \u017e\u00edt rodinn\u00fd \u017eivot a\u00a0s man\u017eelem vychovat dv\u011b d\u011bti. Jej\u00ed syn Petr Geisler byl novin\u00e1\u0159em a\u00a0japanologem, dcera Zuzana Geislerov\u00e1 je here\u010dkou. Se svoj\u00ed matkou se se\u0161la v\u00a0roce 1984\u00a0v\u00a0televizn\u00ed detektivce Jak se rozlou\u010dit s\u00a0Odettkou. Kdysi na toto t\u00e9ma v\u00a0souvislosti se svoj\u00ed matkou \u0159ekla: \u201eP\u0159edstavte si, \u017ee z\u00a0t\u00e9 Odettky si nic nepamatuju, jen to, \u017ee to byla detektivka\u2026 Ale cht\u011bla jsem v\u00e1m \u0159\u00edct, nev\u00edm, jak moc je to zaj\u00edmav\u00e9, \u017ee j\u00e1 se jmenuji po Zuzan\u011b Voj\u00ed\u0159ov\u00e9, t\u00e1ta j\u00ed v\u00a0t\u00e9 roli vid\u011bl poprv\u00e9 na jevi\u0161ti, a\u00a0m\u016fj bratr Petr, co\u017e je otec Ani a\u00a0Ester, je zase pojmenov\u00e1n podle Petra Voka z\u00a0Ro\u017emberka\u2026 Otec byl prost\u011b romantik!\u201c<\/p>\n<p class=\"e_cz\">V rodinn\u00e9 hereck\u00e9 tradici pokra\u010duj\u00ed i\u00a0R\u016f\u017eeniny vnu\u010dky, Petrovy dcery, Anna Geislerov\u00e1 a\u00a0Ester Geislerov\u00e1.<\/p>\n<p class=\"e_cz\">R\u016f\u017eena Lysenkov\u00e1 se do\u017eila po\u017eehnan\u00e9ho v\u011bku devades\u00e1ti \u010dty\u0159 let, ke konci \u017eivota byla ji\u017e ale t\u011b\u017ece nemocn\u00e1 a\u00a0\u017eila v\u00a0\u00fastran\u00ed. Zem\u0159ela 6.\u00a0z\u00e1\u0159\u00ed 2013\u00a0v\u00a0Praze.<\/p>\n","protected":false},"excerpt":{"rendered":"\u201eO herc\u00edch se \u0159\u00edk\u00e1, \u017ee musej\u00ed hr\u00e1t hlavou, srdcem i\u00a0smysly. Mn\u011b sed\u011bly v\u017edycky ty role, kde jsem mohla&hellip;\n","protected":false},"author":2,"featured_media":202018,"comment_status":"","ping_status":"","sticky":false,"template":"","format":"standard","meta":{"footnotes":"","_share_on_mastodon":"0"},"categories":[15],"tags":[1093,441,1448,650,1073,94,93,437,1087],"class_list":["post-202017","post","type-post","status-publish","format-standard","has-post-thumbnail","category-sport","tag-filmy","tag-historie","tag-kultura","tag-lide","tag-pribeh","tag-sport","tag-sports","tag-zajimavosti","tag-zeny"],"share_on_mastodon":{"url":"https:\/\/pubeurope.com\/@cz\/117209019754437942","error":""},"_links":{"self":[{"href":"https:\/\/www.europesays.com\/cz\/wp-json\/wp\/v2\/posts\/202017","targetHints":{"allow":["GET"]}}],"collection":[{"href":"https:\/\/www.europesays.com\/cz\/wp-json\/wp\/v2\/posts"}],"about":[{"href":"https:\/\/www.europesays.com\/cz\/wp-json\/wp\/v2\/types\/post"}],"author":[{"embeddable":true,"href":"https:\/\/www.europesays.com\/cz\/wp-json\/wp\/v2\/users\/2"}],"replies":[{"embeddable":true,"href":"https:\/\/www.europesays.com\/cz\/wp-json\/wp\/v2\/comments?post=202017"}],"version-history":[{"count":0,"href":"https:\/\/www.europesays.com\/cz\/wp-json\/wp\/v2\/posts\/202017\/revisions"}],"wp:featuredmedia":[{"embeddable":true,"href":"https:\/\/www.europesays.com\/cz\/wp-json\/wp\/v2\/media\/202018"}],"wp:attachment":[{"href":"https:\/\/www.europesays.com\/cz\/wp-json\/wp\/v2\/media?parent=202017"}],"wp:term":[{"taxonomy":"category","embeddable":true,"href":"https:\/\/www.europesays.com\/cz\/wp-json\/wp\/v2\/categories?post=202017"},{"taxonomy":"post_tag","embeddable":true,"href":"https:\/\/www.europesays.com\/cz\/wp-json\/wp\/v2\/tags?post=202017"}],"curies":[{"name":"wp","href":"https:\/\/api.w.org\/{rel}","templated":true}]}}