{"id":202019,"date":"2026-09-03T20:34:14","date_gmt":"2026-09-03T20:34:14","guid":{"rendered":"https:\/\/www.europesays.com\/cz\/202019\/"},"modified":"2026-09-03T20:34:14","modified_gmt":"2026-09-03T20:34:14","slug":"na-slovensku-opet-otevira-muzeum-moderniho-umeni-andyho-warhola","status":"publish","type":"post","link":"https:\/\/www.europesays.com\/cz\/202019\/","title":{"rendered":"Na Slovensku op\u011bt otev\u00edr\u00e1 Muzeum modern\u00edho um\u011bn\u00ed Andyho Warhola"},"content":{"rendered":"<p class=\"c_bB\">K slavnostn\u00edmu ofici\u00e1ln\u00edmu otev\u0159en\u00ed muzea do\u0161lo ve \u010dtvrtek, ve\u0159ejnost ho m\u016f\u017ee nav\u0161t\u00edvit od p\u00e1tku 4.\u00a0z\u00e1\u0159\u00ed.\u00a0Op\u011btovn\u00e9ho otev\u0159en\u00ed muzea se osobn\u011b z\u00fa\u010dastnil tak\u00e9 Donald Warhola, synovec kr\u00e1le pop artu, a\u00a0tak\u00e9 slovensk\u00fd prezident Peter Pellegrini.<\/p>\n<p class=\"c_bB\">Muzeum bylo v\u00a0roce 2023\u00a0kv\u016fli havarijn\u00edmu stavu uzav\u0159eno. Do budovy zat\u00e9kala de\u0161\u0165ov\u00e1 voda a\u00a0probl\u00e9my byly tak\u00e9 s\u00a0elektroinstalac\u00ed. Kompletn\u00ed rekonstrukce b\u00fdval\u00e9ho domu kultury a\u00a0jeho okol\u00ed vy\u0161la na 16\u00a0milion\u016f eur (386\u00a0milion\u016f korun). <\/p>\n<p class=\"c_bB\">Cel\u00e1 budova nyn\u00ed z\u00edskala zven\u010d\u00ed modern\u00ed vzhled, byl obnoven interi\u00e9r, vznikly nov\u00e9 ateli\u00e9ry i\u00a0prostory pro vzd\u011bl\u00e1vac\u00ed programy. Na st\u0159e\u0161e budovy je um\u00edst\u011bn\u00fd amfite\u00e1tr, kter\u00fd bude slou\u017eit ke koncert\u016fm, projekc\u00edm a\u00a0diskus\u00edm. \u201eRekonstrukce toti\u017e propojila origin\u00e1ln\u00ed um\u011bn\u00ed, modern\u00ed architekturu, digit\u00e1ln\u00ed technologie, ale i\u00a0vzd\u011bl\u00e1v\u00e1n\u00ed a\u00a0kulturn\u00ed turismus,\u201c cituje web <a data-dot=\"atm-link\" target=\"_blank\" rel=\"noopener nofollow\" href=\"https:\/\/www.aktuality.sk\/clanok\/K2c5ZNt\/medzilaborce-otvaraju-zrenovovane-warholovo-muzeum-prisiel-aj-donald-warhola-synovec-umelca\/\" class=\"c_I\">aktuality.sk<\/a> \u0159editele muzea Martina Cubjaka.<\/p>\n<p class=\"c_bB\">\u201eJsem moc r\u00e1d, \u017ee po letech intenzivn\u00ed a\u00a0n\u00e1ro\u010dn\u00e9 pr\u00e1ce m\u016f\u017eeme ve\u0159ejnosti odevzdat zrekonstruovan\u00fd a\u00a0z\u00e1rove\u0148 unik\u00e1tn\u00ed prostor, kter\u00fd d\u016fstojn\u011b prezentuje odkaz jednoho z\u00a0nejv\u00fdznamn\u011bj\u0161\u00edch um\u011blc\u016f 20.\u00a0stolet\u00ed,\u201c uvedl Milan Majersk\u00fd, p\u0159edseda Pre\u0161ovsk\u00e9ho samospr\u00e1vn\u00e9ho kraje.<\/p>\n<p>Rodina poch\u00e1zela z\u00a0Mikov\u00e9<\/p>\n<p class=\"c_bB\">Rodi\u010de kr\u00e1le pop artu byli Rus\u00edni a\u00a0poch\u00e1zeli z\u00a0obce Mikov\u00e1 na severov\u00fdchod\u011b Slovenska. Do Ameriky rodinu vyhnala b\u00edda. Otec Andrej odjel do Spojen\u00fdch st\u00e1t\u016f je\u0161t\u011b p\u0159ed prvn\u00ed sv\u011btovou v\u00e1lkou a\u00a0man\u017eelka J\u00falia ho n\u00e1sledovala po jej\u00edm skon\u010den\u00ed. Andy a\u00a0jeho star\u0161\u00ed brat\u0159i se narodili v\u00a0Pittsburghu. Otec pracoval v\u00a0dole a\u00a0zem\u0159el pom\u011brn\u011b mlad\u00fd v\u00a0roce 1942.<\/p>\n<p class=\"c_bB\">Andy se narodil jako Andrew Warhola. Vystudoval Pictorial Design na Carnegie Institute of Technology v\u00a0Pittsburghu a\u00a0n\u00e1sledn\u011b se p\u0159est\u011bhoval do New Yorku. Tady si zm\u011bnil jm\u00e9no na Andy Warhol.<\/p>\n<p class=\"c_bB\">Muzeum v\u00a0Medzilaborc\u00edch vzniklo v\u00a0roce 1991, jen \u010dty\u0159i roky po smrti Andyho Warhola.<\/p>\n<p><a data-dot=\"atm-link\" target=\"_self\" href=\"https:\/\/www.novinky.cz\/clanek\/cestovani-slovenske-medzilaborce-dychaji-warholem-169140\" class=\"c_I\" rel=\"nofollow noopener\"><img fetchpriority=\"high\" height=\"450\" width=\"798\" src=\"https:\/\/www.europesays.com\/cz\/wp-content\/uploads\/2026\/09\/o4UBik9.jpeg\" loading=\"eager\" decoding=\"sync\" class=\"c_t c_r\"\/><\/a><\/p>\n","protected":false},"excerpt":{"rendered":"K slavnostn\u00edmu ofici\u00e1ln\u00edmu otev\u0159en\u00ed muzea do\u0161lo ve \u010dtvrtek, ve\u0159ejnost ho m\u016f\u017ee nav\u0161t\u00edvit od p\u00e1tku 4.\u00a0z\u00e1\u0159\u00ed.\u00a0Op\u011btovn\u00e9ho otev\u0159en\u00ed muzea se&hellip;\n","protected":false},"author":2,"featured_media":202020,"comment_status":"","ping_status":"","sticky":false,"template":"","format":"standard","meta":{"footnotes":"","_share_on_mastodon":"0"},"categories":[14],"tags":[32659,79,1373,45,80],"class_list":["post-202019","post","type-post","status-publish","format-standard","has-post-thumbnail","category-zabava","tag-andy-warhol","tag-entertainment","tag-rekonstrukce","tag-slovensko","tag-zabava"],"share_on_mastodon":{"url":"https:\/\/pubeurope.com\/@cz\/117209023767816544","error":""},"_links":{"self":[{"href":"https:\/\/www.europesays.com\/cz\/wp-json\/wp\/v2\/posts\/202019","targetHints":{"allow":["GET"]}}],"collection":[{"href":"https:\/\/www.europesays.com\/cz\/wp-json\/wp\/v2\/posts"}],"about":[{"href":"https:\/\/www.europesays.com\/cz\/wp-json\/wp\/v2\/types\/post"}],"author":[{"embeddable":true,"href":"https:\/\/www.europesays.com\/cz\/wp-json\/wp\/v2\/users\/2"}],"replies":[{"embeddable":true,"href":"https:\/\/www.europesays.com\/cz\/wp-json\/wp\/v2\/comments?post=202019"}],"version-history":[{"count":0,"href":"https:\/\/www.europesays.com\/cz\/wp-json\/wp\/v2\/posts\/202019\/revisions"}],"wp:featuredmedia":[{"embeddable":true,"href":"https:\/\/www.europesays.com\/cz\/wp-json\/wp\/v2\/media\/202020"}],"wp:attachment":[{"href":"https:\/\/www.europesays.com\/cz\/wp-json\/wp\/v2\/media?parent=202019"}],"wp:term":[{"taxonomy":"category","embeddable":true,"href":"https:\/\/www.europesays.com\/cz\/wp-json\/wp\/v2\/categories?post=202019"},{"taxonomy":"post_tag","embeddable":true,"href":"https:\/\/www.europesays.com\/cz\/wp-json\/wp\/v2\/tags?post=202019"}],"curies":[{"name":"wp","href":"https:\/\/api.w.org\/{rel}","templated":true}]}}