{"id":202025,"date":"2026-09-03T20:39:12","date_gmt":"2026-09-03T20:39:12","guid":{"rendered":"https:\/\/www.europesays.com\/cz\/202025\/"},"modified":"2026-09-03T20:39:12","modified_gmt":"2026-09-03T20:39:12","slug":"ezkarta-nove-ukaze-vysledky-vysetreni-i-to-na-jakou-prevenci-mate-narok","status":"publish","type":"post","link":"https:\/\/www.europesays.com\/cz\/202025\/","title":{"rendered":"EZKarta nov\u011b uk\u00e1\u017ee v\u00fdsledky vy\u0161et\u0159en\u00ed i\u00a0to, na jakou prevenci m\u00e1te n\u00e1rok"},"content":{"rendered":"<p class=\"c_bB\">Novou verzi EZKarty p\u0159edstavilo ve \u010dtvrtek ministerstvo zdravotnictv\u00ed, stejn\u00e1 data jsou dostupn\u00e1 rovn\u011b\u017e na webu <a data-dot=\"atm-link\" target=\"_blank\" rel=\"noopener nofollow\" href=\"https:\/\/www.ezdravi.gov.cz\/\" class=\"c_I\">eZdrav\u00ed<\/a>. <\/p>\n<p class=\"c_bB\">\u201eKa\u017ed\u00fd tam najde, co absolvoval, na co m\u00e1 n\u00e1rok a\u00a0na co bude m\u00edt n\u00e1rok v\u00a0budoucnu,\u201c uvedl ministr zdravotnictv\u00ed Adam Vojt\u011bch (za ANO). Aplikace \u010derp\u00e1 \u00fadaje o\u00a0v\u00fdsledc\u00edch laboratorn\u00edch vy\u0161et\u0159en\u00ed za posledn\u00edch p\u011bt let.<\/p>\n<p class=\"c_bB\">Nap\u0159\u00edklad u\u00a0preventivn\u00edch vy\u0161et\u0159en\u00ed, kter\u00e9 maj\u00ed pomoci v\u010das odhalit n\u00e1dory, takzvan\u00fdch screening\u016f, mlad\u0161\u00ed lid\u00e9 uvid\u00ed, kdy nejd\u0159\u00edve mohou vy\u0161et\u0159en\u00ed podstoupit. U\u00a0rakoviny tlust\u00e9ho st\u0159eva a\u00a0kone\u010dn\u00edku nebo prsu je to od 45\u00a0let, u\u00a0rakoviny prostaty od 50\u00a0let.<\/p>\n<p class=\"c_bB\">EZKarta nov\u011b zobrazuje rovn\u011b\u017e informace o\u00a0darov\u00e1n\u00ed krve, l\u00e9ka\u0159sk\u00e9 posudky \u010di propou\u0161t\u011bc\u00ed zpr\u00e1vy z\u00a0nemocnic, kter\u00e9 u\u017e jsou do syst\u00e9mu zapojeny. Ministerstvo po\u010d\u00edt\u00e1 s\u00a0dal\u0161\u00edm roz\u0161i\u0159ov\u00e1n\u00edm jej\u00edch funkc\u00ed, v\u00a0budoucnu by p\u0159es ni m\u011blo b\u00fdt mo\u017en\u00e9 vyu\u017e\u00edvat tak\u00e9 elektronick\u00e9 \u017e\u00e1danky.<\/p>\n<p class=\"c_bB\">Premi\u00e9r Andrej Babi\u0161 (ANO) na tiskov\u00e9 konferenci \u0159ekl, \u017ee za z\u00e1sadn\u00ed pova\u017euje pr\u00e1v\u011b e-\u017e\u00e1danky. \u201eAbychom p\u0159esn\u011b v\u011bd\u011bli, jak dlouho se \u010dek\u00e1 na vy\u0161et\u0159en\u00ed, na CT nebo magnetickou rezonanci,\u201c \u0159ekl p\u0159edseda vl\u00e1dy. <\/p>\n<p class=\"c_bB\">Ty by m\u011bly b\u00fdt povinn\u00e9 od \u010dervence 2027, pot\u0159eba je je\u0161t\u011b schv\u00e1len\u00ed novely z\u00e1kona o\u00a0elektronizaci zdravotnictv\u00ed. Vojt\u011bch ho chce vl\u00e1d\u011b p\u0159edlo\u017eit do konce z\u00e1\u0159\u00ed.<\/p>\n<p><a data-dot=\"atm-link\" target=\"_self\" href=\"https:\/\/www.novinky.cz\/clanek\/domaci-konec-papirovych-zadanek-od-lekare-na-dohled-vlada-schvalila-digitalizaci-zdravotnictvi-40491449\" class=\"c_I\" rel=\"nofollow noopener\"><img fetchpriority=\"high\" height=\"2868\" width=\"5100\" src=\"https:\/\/www.europesays.com\/cz\/wp-content\/uploads\/2026\/09\/kBFYl.jpeg\" loading=\"eager\" decoding=\"sync\" class=\"c_t c_r\"\/><\/a><\/p>\n","protected":false},"excerpt":{"rendered":"Novou verzi EZKarty p\u0159edstavilo ve \u010dtvrtek ministerstvo zdravotnictv\u00ed, stejn\u00e1 data jsou dostupn\u00e1 rovn\u011b\u017e na webu eZdrav\u00ed. \u201eKa\u017ed\u00fd tam&hellip;\n","protected":false},"author":2,"featured_media":202026,"comment_status":"","ping_status":"","sticky":false,"template":"","format":"standard","meta":{"footnotes":"","_share_on_mastodon":"0"},"categories":[10],"tags":[646,266,26657,17,21,343,16,18,19,22,342,20],"class_list":["post-202025","post","type-post","status-publish","format-standard","has-post-thumbnail","category-zpravy","tag-adam-vojtech","tag-andrej-babis","tag-elektronizace","tag-headlines","tag-hlavni-udalosti","tag-ministerstvo-zdravotnictvi-mzcr","tag-news","tag-top-news","tag-top-stories","tag-udalosti-dne","tag-zdravotnictvi","tag-zpravy"],"share_on_mastodon":{"url":"https:\/\/pubeurope.com\/@cz\/117209043272583787","error":""},"_links":{"self":[{"href":"https:\/\/www.europesays.com\/cz\/wp-json\/wp\/v2\/posts\/202025","targetHints":{"allow":["GET"]}}],"collection":[{"href":"https:\/\/www.europesays.com\/cz\/wp-json\/wp\/v2\/posts"}],"about":[{"href":"https:\/\/www.europesays.com\/cz\/wp-json\/wp\/v2\/types\/post"}],"author":[{"embeddable":true,"href":"https:\/\/www.europesays.com\/cz\/wp-json\/wp\/v2\/users\/2"}],"replies":[{"embeddable":true,"href":"https:\/\/www.europesays.com\/cz\/wp-json\/wp\/v2\/comments?post=202025"}],"version-history":[{"count":0,"href":"https:\/\/www.europesays.com\/cz\/wp-json\/wp\/v2\/posts\/202025\/revisions"}],"wp:featuredmedia":[{"embeddable":true,"href":"https:\/\/www.europesays.com\/cz\/wp-json\/wp\/v2\/media\/202026"}],"wp:attachment":[{"href":"https:\/\/www.europesays.com\/cz\/wp-json\/wp\/v2\/media?parent=202025"}],"wp:term":[{"taxonomy":"category","embeddable":true,"href":"https:\/\/www.europesays.com\/cz\/wp-json\/wp\/v2\/categories?post=202025"},{"taxonomy":"post_tag","embeddable":true,"href":"https:\/\/www.europesays.com\/cz\/wp-json\/wp\/v2\/tags?post=202025"}],"curies":[{"name":"wp","href":"https:\/\/api.w.org\/{rel}","templated":true}]}}