{"id":202047,"date":"2026-09-03T21:07:22","date_gmt":"2026-09-03T21:07:22","guid":{"rendered":"https:\/\/www.europesays.com\/cz\/202047\/"},"modified":"2026-09-03T21:07:22","modified_gmt":"2026-09-03T21:07:22","slug":"afd-miri-k-prvnimu-premierovi-v-dejinach-nikdo-sem-uz-neprijde-stavet-tovarnu-varuje-merz","status":"publish","type":"post","link":"https:\/\/www.europesays.com\/cz\/202047\/","title":{"rendered":"AfD m\u00ed\u0159\u00ed k prvn\u00edmu premi\u00e9rovi v d\u011bjin\u00e1ch. Nikdo sem u\u017e nep\u0159ijde stav\u011bt tov\u00e1rnu, varuje Merz"},"content":{"rendered":"<p>Pravicov\u011b populistick\u00e1 Alternativa pro N\u011bmecko (AfD) m\u00e1 nakro\u010deno k historick\u00e9mu mezn\u00edku. Po ned\u011bln\u00edch volb\u00e1ch v Sasku-Anhaltsku by mohla m\u00edt sv\u00e9ho prvn\u00edho zemsk\u00e9ho premi\u00e9ra. Strana t\u011b\u017e\u00ed z odporu nemal\u00e9 \u010d\u00e1sti N\u011bmc\u016f v\u016f\u010di imigraci, strachu z drah\u00fdch energi\u00ed, deindustrializace a \u00fapadku nejv\u011bt\u0161\u00ed evropsk\u00e9 ekonomiky a <a href=\"https:\/\/www.e15.cz\/zahranicni\/geopolitika\/vychodni-nemecko-nikdy-nedohnalo-zapadniho-bratra-dnes-mu-dychaji-na-zada-i-sebevedomi-polaci-1433480\" rel=\"nofollow noopener\" target=\"_blank\">v b\u00fdval\u00e9 NDR tak\u00e9 z v\u011bdom\u00ed majetkov\u00e9 nerovnosti<\/a>. Mainstreamov\u00ed politici a byznysmeni ale voli\u010de varuj\u00ed, \u017ee AfD probl\u00e9my regionu nevy\u0159e\u0161\u00ed. Podle nich by jej\u00ed vl\u00e1da naopak vedla k odlivu investor\u016f, kvalifikovan\u00fdch pracovn\u00edk\u016f a nov\u00e9 z\u00e1vislosti na rusk\u00e9m plynu.\u00a0<\/p>\n<p>Radik\u00e1ln\u00ed pravice je p\u0159ed kl\u00e1n\u00edm jasn\u00fdm favoritem, v pr\u016fzkumech se pohybuje kolem 40 procent. Druh\u00e1 CDU m\u00e1 na ni v n\u011bkter\u00fdch \u0161et\u0159en\u00edch ztr\u00e1tu a\u017e 20 procentn\u00edch bod\u016f. Volebn\u00ed l\u00eddr partaje Ulrich Siegmund tak m\u00e1 re\u00e1lnou \u0161anci \u0159\u00eddit politiku severov\u00fdchodn\u00edho regionu. AfD by ale musela z\u00edskat absolutn\u00ed v\u011bt\u0161inu v zemsk\u00e9m sn\u011bmu, proto\u017ee ostatn\u00ed uskupen\u00ed spolupr\u00e1ci s n\u00ed vylu\u010duj\u00ed. \u201eNap\u00ed\u0161eme zde historii,\u201c <a href=\"https:\/\/apnews.com\/article\/germany-saxony-anhalt-election-far-right-afd-3162fbdd71e6f745eeb239e294c15548\" rel=\"nofollow noopener\" target=\"_blank\">slibuje<\/a> Siegmund voli\u010d\u016fm.\u00a0<\/p>\n<p>Deportace, segregace a boj s neziskovkami<\/p>\n<p>\u201eKampa\u0148 AfD \u0161lape jako hodinky, a to jak logisticky, tak i z hlediska politick\u00e9 strategie. Je to nabl\u00fdskan\u00fd marketing jejich vlastn\u00ed politiky,\u201c p\u0159ipustil pro <a href=\"https:\/\/www.dw.com\/en\/ulrich-siegmund-wants-to-make-saxony-anhalt-a-model-for-afd-rule\/a-78579499\" rel=\"nofollow noopener\" target=\"_blank\">Deutsche Welle<\/a> David Begrich z organizace Miteinander, kter\u00e1 bojuje proti pravicov\u00e9mu extremismu. Strana N\u011bmc\u016fm nab\u00edz\u00ed zd\u00e1nliv\u011b jednoduchou vizi \u2013 n\u00e1vrat do minulosti. Tedy do \u00e9ry p\u0159ed masovou imigrac\u00ed, \u0159e\u0161en\u00edm pr\u00e1v sexu\u00e1ln\u00edch men\u0161in, energetickou revoluc\u00ed, kter\u00e1 znamenala konec j\u00e1dra a p\u0159\u00edklon k zelen\u00fdm zdroj\u016fm, a zlatou \u00e9rou n\u011bmeck\u00e9ho pr\u016fmyslu.\u00a0<\/p>\n<p>Otev\u0159en\u011b propaguje vl\u00e1dn\u00ed pl\u00e1n na prvn\u00ed stovku dn\u00ed, kter\u00fd po\u010d\u00edt\u00e1 nap\u0159\u00edklad s okam\u017eit\u00fdm zah\u00e1jen\u00edm deportac\u00ed ileg\u00e1l\u016f, segregac\u00ed d\u011bt\u00ed imigrant\u016f ve \u0161kol\u00e1ch a koncem financov\u00e1n\u00ed n\u011bkter\u00fdch neziskov\u00fdch organizac\u00ed i ve\u0159ejnopr\u00e1vn\u00edch m\u00e9di\u00ed.\u00a0<\/p>\n<p>\u201eNikdo se tady nemus\u00ed b\u00e1t, pr\u00e1v\u011b naopak. Ka\u017ed\u00fd \u010destn\u00fd \u010dlov\u011bk v Sasku-Anhaltsku bude m\u00edt prosp\u011bch z vl\u00e1dy veden\u00e9 AfD,\u201c prohla\u0161uje v\u0161ak Siegmund. Strana p\u0159itom douf\u00e1, \u017ee pozd\u011bji v z\u00e1\u0159\u00ed j\u00ed p\u0159ibude v\u00edt\u011bzstv\u00ed i v Meklenbursku-P\u0159edn\u00edm Pomo\u0159ansku a tyto \u00fasp\u011bchy j\u00ed nakonec umetou cestu do vl\u00e1dy v Berl\u00edn\u011b.\u00a0<\/p>\n<p>N\u00edzk\u00e9 dan\u011b a konec byrokracie<\/p>\n<p>M\u00e1 proto i ambici\u00f3zn\u00ed ekonomick\u00fd a energetick\u00fd program, kter\u00fdm chce oslovit v\u0161echny N\u011bmce znepokojen\u00e9 hospod\u00e1\u0159sk\u00fdmi probl\u00e9my zem\u011b. \u201eV Sasku-Anhaltsku za\u017eijeme pod veden\u00edm vl\u00e1dy AfD ekonomick\u00fd rozmach. Vzniknou nov\u00e1 pracovn\u00ed m\u00edsta a bude se rozv\u00edjet tvorba hodnot,\u201c slibuje zemsk\u00fd volebn\u00ed l\u00eddr.\u00a0<\/p>\n<p>Strana slibuje da\u0148ov\u00e9 \u0161krty a konec byrokratick\u00e9 z\u00e1t\u011b\u017ee. Z\u00e1rove\u0148 slibuje i podporu rodin ve snaze o zv\u00fd\u0161en\u00ed porodnosti na v\u00fdchod\u011b, kter\u00fd demografick\u00e9 probl\u00e9my zasahuj\u00ed nejtvrd\u011bji. P\u0159edpokl\u00e1d\u00e1 se, \u017ee populace dvoumilionov\u00e9ho Saska-Anhaltska se do roku 2040 smrskne a\u017e o dal\u0161\u00edch 15 procent ve srovn\u00e1n\u00ed s rokem 2022.\u00a0<\/p>\n<p>Kampa\u0148 AfD i podle odp\u016frc\u016f \u0161lape jako hodinky, strana ale pot\u0159ebuje k \u00fasp\u011bchu v\u011bt\u0161inu. | Zdroj: Profimedia<\/p>\n<p>AfD z\u00e1rove\u0148 nechce p\u0159ipustit nov\u00e9 zadlu\u017eov\u00e1n\u00ed, co\u017e bude obt\u00ed\u017en\u011b realizovateln\u00e9. Ned\u00e1vn\u00e1 <a href=\"https:\/\/www.iwh-halle.de\/presse\/pressemitteilungen\/detail\/studie-belegt-milliardenluecke-im-wahlprogramm-der-afd-sachsen-anhalt\" rel=\"nofollow noopener\" target=\"_blank\">studie<\/a> Halle Institute for Economic Research tvrd\u00ed, \u017ee vl\u00e1da AfD by Sasko-Anhaltsko p\u0159ivedla k ro\u010dn\u00edmu rozpo\u010dtov\u00e9mu schodku nejm\u00e9n\u011b 2,2 miliardy eur. Spolkov\u00e1 zem\u011b ji\u017e nyn\u00ed m\u00e1 jedno z nejv\u011bt\u0161\u00edch zadlu\u017een\u00ed na obyvatele v N\u011bmecku.\u00a0<\/p>\n<p>Xenofobie podle kritik\u016f vy\u00fast\u00ed v hospod\u00e1\u0159skou katastrofu<\/p>\n<p>Kritici partaje z \u0159ad politik\u016f, byznysmen\u016f i odborn\u00edk\u016f varuj\u00ed, \u017ee svou xenofobi\u00ed prohloub\u00ed nedostatek pracovn\u00edk\u016f v n\u011bkter\u00fdch oborech a zcela odrad\u00ed investory. \u201eZdravotn\u00ed sestry, l\u00e9ka\u0159i, stavebn\u00ed d\u011bln\u00edci, mnoz\u00ed z nich by zva\u017eovali pr\u00e1ci jinde,\u201c podotkl pro <a href=\"https:\/\/www.france24.com\/en\/live-news\/20260901-germany-s-far-right-afd-promises-boom-but-economists-fear-worst\" rel=\"nofollow noopener\" target=\"_blank\">AFP<\/a> Reint Gropp ze zm\u00edn\u011bn\u00e9ho institutu. \u201eNedok\u00e1\u017eu si p\u0159edstavit, \u017ee by mezin\u00e1rodn\u00ed investo\u0159i cht\u011bli p\u0159ij\u00edt a zalo\u017eit novou tov\u00e1rnu po boku zemsk\u00e9ho premi\u00e9ra z AfD,\u201c varoval kancl\u00e9\u0159 Friedrich Merz.\u00a0<\/p>\n<p>\u201ePopulistick\u00e9 strany p\u0159edst\u00edraj\u00ed, \u017ee maj\u00ed jednoduch\u00e1 \u0159e\u0161en\u00ed. Ve skute\u010dnosti propaguj\u00ed koncepty, kter\u00e9 jsou v rozporu se z\u00e1kladem na\u0161eho \u00fasp\u011bchu: otev\u0159enost\u00ed, rozmanitost\u00ed, silnou Evropou, spolehliv\u00fdmi institucemi a mezin\u00e1rodn\u00ed spoluprac\u00ed,\u201c p\u0159isadil si p\u0159ed volbami podle <a href=\"https:\/\/www.bloomberg.com\/news\/articles\/2026-09-02\/deutsche-bank-ceo-warns-of-populism-ahead-of-key-state-elections\" rel=\"nofollow noopener\" target=\"_blank\">Bloombergu<\/a> i \u0161\u00e9f Deutsche Bank Christian Sewing.\u00a0<\/p>\n<p>Sou\u010dasn\u00fd premi\u00e9r Saska-Anhaltska a volebn\u00ed l\u00eddr CDU Sven Schulze ozna\u010duje hospod\u00e1\u0159skou politiku AfD za &#8222;naprost\u00fd nesmysl&#8220;. | Zdroj: Profimedia<\/p>\n<p>Siegmund v\u0161ak podobnou kritiku odm\u00edt\u00e1. Naopak tvrd\u00ed, \u017ee AfD dok\u00e1\u017ee p\u0159it\u00e1hnout velk\u00e9 spole\u010dnosti d\u00edky jistot\u011b dlouhodob\u00e9ho pl\u00e1nov\u00e1n\u00ed bez klimatick\u00fdch z\u00e1vazk\u016f a po\u017eadavk\u016f na kv\u00f3ty. Odpor k zelen\u00e9 energii a n\u00e1vrat k j\u00e1dru alespo\u0148 ve form\u011b v\u00fdvoje nov\u00fdch technologi\u00ed jsou d\u016fle\u017eitou sou\u010d\u00e1st\u00ed energetick\u00fdch idej\u00ed strany. Slibuje moratorium na nov\u00e9 v\u011btrn\u00e9 turb\u00edny a tak\u00e9 pokra\u010dov\u00e1n\u00ed t\u011b\u017eby lignitu.\u00a0<\/p>\n<p>Rusko v srdc\u00edch v\u00fdchodn\u00edch N\u011bmc\u016f<\/p>\n<p><a href=\"https:\/\/www.e15.cz\/zahranicni\/geopolitika\/afd-slibuje-nemcum-levny-rusky-plyn-vychodni-volby-mohou-zmenit-celou-evropu-1434306\" rel=\"nofollow noopener\" target=\"_blank\">Kl\u00ed\u010dov\u00fdm prvkem pr\u016fmyslov\u00e9ho o\u017eiven\u00ed v\u0161ak m\u00e1 b\u00fdt v o\u010d\u00edch strany rusk\u00fd plyn<\/a>. \u201eTajemstv\u00edm \u00fasp\u011bchu Made in Germany byla levn\u00e1 energie z Ruska. Pot\u0159ebujeme ji zp\u011bt,\u201c prohl\u00e1sila p\u0159ed \u010dasem spolup\u0159edsedkyn\u011b AfD Alice Weidelov\u00e1. \u201eZtr\u00e1ta t\u00e9to energie n\u00e1s vr\u00e1tila o n\u011bkolik let zp\u011bt. Ztratili jsme statis\u00edce pracovn\u00edch m\u00edst. Stali jsme se z\u00e1visl\u00fdmi na Spojen\u00fdch st\u00e1tech, kter\u00e9 n\u00e1m prod\u00e1vaj\u00ed energii za mnohem vy\u0161\u0161\u00ed ceny,\u201c dodala.\u00a0<\/p>\n<p><a class=\"article-card__image\" data-ac-image=\"\" href=\"https:\/\/www.e15.cz\/zahranicni\/geopolitika\/polsko-buduje-nejvetsi-armadu-v-evrope-miliardy-na-tom-vydelava-i-ceska-skupina-csg-1435373\" title=\"Polsko buduje nejv\u011bt\u0161\u00ed arm\u00e1du v Evrop\u011b. Miliardy na tom vyd\u011bl\u00e1v\u00e1 i \u010desk\u00e1 skupina CSG\" rel=\"nofollow noopener\" target=\"_blank\"><img decoding=\"async\" alt=\"Polsko buduje nejv\u011bt\u0161\u00ed arm\u00e1du v Evrop\u011b. Miliardy na tom vyd\u011bl\u00e1v\u00e1 i \u010desk\u00e1 skupina CSG\" title=\"Polsko buduje nejv\u011bt\u0161\u00ed arm\u00e1du v Evrop\u011b. Miliardy na tom vyd\u011bl\u00e1v\u00e1 i \u010desk\u00e1 skupina CSG\" class=\"\" data-magazine=\"\" src=\"https:\/\/www.europesays.com\/cz\/wp-content\/uploads\/2026\/09\/9954940.jpg\" loading=\"lazy\" style=\"aspect-ratio: 328 \/ 184\"\/><\/a><a class=\"article-card__title-link line-limit-3\" data-ac-title=\"\" href=\"https:\/\/www.e15.cz\/zahranicni\/geopolitika\/polsko-buduje-nejvetsi-armadu-v-evrope-miliardy-na-tom-vydelava-i-ceska-skupina-csg-1435373\" title=\"Polsko buduje nejv\u011bt\u0161\u00ed arm\u00e1du v Evrop\u011b. Miliardy na tom vyd\u011bl\u00e1v\u00e1 i \u010desk\u00e1 skupina CSG\" rel=\"nofollow noopener\" target=\"_blank\">Polsko buduje nejv\u011bt\u0161\u00ed arm\u00e1du v Evrop\u011b. Miliardy na tom vyd\u011bl\u00e1v\u00e1 i \u010desk\u00e1 skupina CSG<\/a><\/p>\n<p>Strana je celkov\u011b pova\u017eov\u00e1na za proruskou: krom\u011b <a href=\"https:\/\/www.reuters.com\/business\/energy\/german-far-right-afd-party-official-meets-with-putin-adviser-gazprom-boss-2026-06-04\/\" rel=\"nofollow noopener\" target=\"_blank\">opravy<\/a> po\u0161kozen\u00e9ho plynovodu Nord Stream po\u017eaduje ukon\u010den\u00ed sankc\u00ed v\u016f\u010di Moskv\u011b, zastaven\u00ed pomoci Ukrajin\u011b a celkov\u011b vyz\u00fdv\u00e1 k dobr\u00fdm vztah\u016fm N\u011bmecka s Ruskem. Je proto ot\u00e1zkou, jak do voleb promluv\u00ed ned\u00e1vn\u00e9 prohl\u00e1\u0161en\u00ed Berl\u00edna, \u017ee za srpnov\u00fd \u00fatok na v\u00fdchodon\u011bmeck\u00e9 leti\u0161t\u011b Lipsko\/Halle je zodpov\u011bdn\u00fd Kreml. K tomu je t\u0159eba p\u0159ipo\u010d\u00edst i aktu\u00e1ln\u00ed podez\u0159en\u00ed na sabot\u00e1\u017ee v rozvodn\u00e1ch a dal\u0161\u00ed incidenty.\u00a0<\/p>\n<p>N\u011bkte\u0159\u00ed koment\u00e1to\u0159i m\u00edn\u00ed, \u017ee v\u00fdchodn\u00ed N\u011bmce tyto ud\u00e1losti neodrad\u00ed, jeliko\u017e \u0159ada star\u0161\u00edch lid\u00ed vyrostla v p\u0159esv\u011bd\u010den\u00ed, \u017ee Sov\u011btsk\u00fd svaz je p\u0159\u00edtelem. Naproti tomu vl\u00e1d\u011b v Berl\u00edn\u011b nev\u011b\u0159\u00ed a maj\u00ed pln\u00e9 zuby n\u00e1lepek jako Putinovi p\u0159\u00e1tel\u00e9, nacist\u00e9 a v\u00fdchodn\u00ed nevd\u011b\u010dn\u00edci. \u201eRusko je v jejich mysl\u00edch a uva\u017euj\u00ed takto: dr\u017eme si je bl\u00edzko, obchodujme s nimi, kupujme jejich ropu a plyn a v\u0161echno bude tak, jak to bylo. A ti, kdo jim to sl\u00edb\u00ed, budou zvoleni,\u201c domn\u00edv\u00e1 se podle <a href=\"https:\/\/www.reuters.com\/world\/europe\/russia-divide-resurfaces-afd-leads-saxony-anhalt-2026-09-02\/\" rel=\"nofollow noopener\" target=\"_blank\">Reuters<\/a> obchodn\u00edk s v\u00ednem Rainer Huppenbauer z Naumburgu.\u00a0<\/p>\n","protected":false},"excerpt":{"rendered":"Pravicov\u011b populistick\u00e1 Alternativa pro N\u011bmecko (AfD) m\u00e1 nakro\u010deno k historick\u00e9mu mezn\u00edku. Po ned\u011bln\u00edch volb\u00e1ch v Sasku-Anhaltsku by mohla&hellip;\n","protected":false},"author":2,"featured_media":202048,"comment_status":"","ping_status":"","sticky":false,"template":"","format":"standard","meta":{"footnotes":"","_share_on_mastodon":"0"},"categories":[11],"tags":[38177,491,1099,1731,375,174,61,12664,54,46161,964,959,53,52],"class_list":["post-202047","post","type-post","status-publish","format-standard","has-post-thumbnail","category-svet","tag-alternativa-pro-nemecko","tag-energie","tag-investor","tag-nemci","tag-nemecko","tag-politika","tag-rusko","tag-sasko-anhaltsko","tag-svet","tag-ulrich-siegmund","tag-vlada","tag-volby","tag-world","tag-world-news"],"share_on_mastodon":{"url":"https:\/\/pubeurope.com\/@cz\/117209153346576955","error":""},"_links":{"self":[{"href":"https:\/\/www.europesays.com\/cz\/wp-json\/wp\/v2\/posts\/202047","targetHints":{"allow":["GET"]}}],"collection":[{"href":"https:\/\/www.europesays.com\/cz\/wp-json\/wp\/v2\/posts"}],"about":[{"href":"https:\/\/www.europesays.com\/cz\/wp-json\/wp\/v2\/types\/post"}],"author":[{"embeddable":true,"href":"https:\/\/www.europesays.com\/cz\/wp-json\/wp\/v2\/users\/2"}],"replies":[{"embeddable":true,"href":"https:\/\/www.europesays.com\/cz\/wp-json\/wp\/v2\/comments?post=202047"}],"version-history":[{"count":0,"href":"https:\/\/www.europesays.com\/cz\/wp-json\/wp\/v2\/posts\/202047\/revisions"}],"wp:featuredmedia":[{"embeddable":true,"href":"https:\/\/www.europesays.com\/cz\/wp-json\/wp\/v2\/media\/202048"}],"wp:attachment":[{"href":"https:\/\/www.europesays.com\/cz\/wp-json\/wp\/v2\/media?parent=202047"}],"wp:term":[{"taxonomy":"category","embeddable":true,"href":"https:\/\/www.europesays.com\/cz\/wp-json\/wp\/v2\/categories?post=202047"},{"taxonomy":"post_tag","embeddable":true,"href":"https:\/\/www.europesays.com\/cz\/wp-json\/wp\/v2\/tags?post=202047"}],"curies":[{"name":"wp","href":"https:\/\/api.w.org\/{rel}","templated":true}]}}