{"id":202051,"date":"2026-09-03T21:09:19","date_gmt":"2026-09-03T21:09:19","guid":{"rendered":"https:\/\/www.europesays.com\/cz\/202051\/"},"modified":"2026-09-03T21:09:19","modified_gmt":"2026-09-03T21:09:19","slug":"radar-bourky-vtrhnou-do-ceska-dojde-i-na-tropy-podivejte-se-jak-bude-ve-zbytku-tydne-u-vas","status":"publish","type":"post","link":"https:\/\/www.europesays.com\/cz\/202051\/","title":{"rendered":"RADAR: Bou\u0159ky vtrhnou do \u010ceska, dojde i na tropy. Pod\u00edvejte se, jak bude ve zbytku t\u00fddne u v\u00e1s"},"content":{"rendered":"<p>\n                        Posledn\u00ed dny pracovn\u00edho t\u00fddne budou p\u0159ev\u00e1\u017en\u011b obla\u010dn\u00e9, bou\u0159ky by m\u011bly p\u0159ij\u00edt a\u017e v sobotu. Vypl\u00fdv\u00e1 to z p\u0159edpov\u011bdi \u010cesk\u00e9ho hydrometeorologick\u00e9ho \u00fastavu (\u010cHM\u00da). \u010ctvrtek a p\u00e1tek by m\u011bly b\u00fdt sice tepl\u00fdmi dny, p\u0159\u00edli\u0161 slun\u00ed\u010dka bychom ale o\u010dek\u00e1vat nem\u011bli. Sr\u00e1\u017eky se objev\u00ed jen v\u00fdjime\u010dn\u011b, nejv\u00edce se projev\u00ed v sobotu. Ned\u011ble by pak m\u011bla b\u00fdt slune\u010dn\u00e1.\n                    <\/p>\n<p>\u010ctvrtek bude obla\u010dn\u00fd, pr\u0161et v\u0161ak p\u0159\u00edli\u0161 nebude. \u201eDen bude klidn\u00fd, sr\u00e1\u017eky o\u010dek\u00e1v\u00e1me jen v\u00fdjime\u010dn\u011b. V\u00a0\u010cech\u00e1ch se ojedin\u011ble m\u016f\u017ee objevit n\u011bjak\u00e1 p\u0159eh\u00e1\u0148ka,\u201c uvedl ve vys\u00edl\u00e1n\u00ed CNN Prima NEWS meteorolog \u010cHM\u00da Martin Adamovsk\u00fd. R\u00e1no a dopoledne bude obloha p\u0159echodn\u011b a\u017e polojasn\u00e1. Meteorologov\u00e9 <a target=\"_blank\" href=\"https:\/\/www.facebook.com\/photo?fbid=1473513594797477&amp;set=pcb.1473516128130557\" rel=\"nofollow noopener\">zve\u0159ejnili<\/a> na Facebooku mapu slune\u010dn\u00edho svitu, nejv\u00edce si ho u\u017eij\u00ed lid\u00e9 z Plze\u0148sk\u00e9ho a Jiho\u010desk\u00e9ho kraje.<\/p>\n<p><a target=\"_blank\" href=\"https:\/\/cnn.iprima.cz\/cesko-zive-sportovni-pocasi-i-tipy-na-akce-z-celeho-ceska-519021\" rel=\"nofollow noopener\">Pod\u00edvejte se \u017dIV\u011a, jak\u00e9 po\u010das\u00ed panuje ve sportovn\u00edch are\u00e1lech po cel\u00e9m \u010cesku<\/a><\/p>\n<p>Nejvy\u0161\u0161\u00ed denn\u00ed teploty se budou pohybovat mezi 21 a 25 \u00b0C. Podle mapy o\u010dek\u00e1van\u00fdch denn\u00edch maxim bude nejchladn\u011bji na hor\u00e1ch, kde \u010dasto teploty nep\u0159ekro\u010d\u00ed dvac\u00edtku, naopak nejtepleji bude na ji\u017en\u00ed Morav\u011b, kde m\u016f\u017ee b\u00fdt a\u017e 27 \u00b0C.<\/p>\n<p>P\u00e1tek by m\u011bl b\u00fdt podle <a target=\"_blank\" href=\"https:\/\/www.chmi.cz\/predpoved-pocasi\/tyden\" rel=\"nofollow noopener\">t\u00fddenn\u00ed p\u0159edpov\u011bdi<\/a> nejteplej\u0161\u00edm dnem tohoto t\u00fddne. Obloha vydr\u017e\u00ed obla\u010dn\u00e1, na severu bude a\u017e zata\u017eeno a ojedin\u011ble se objev\u00ed i slab\u00fd d\u00e9\u0161\u0165. B\u011bhem odpoledne bude obla\u010dnost ub\u00fdvat, ale pozd\u011bji ve\u010der se na severu \u010cech znovu zat\u00e1hne a p\u0159ijde i d\u00e9\u0161\u0165. Denn\u00ed maxima by se m\u011bla vy\u0161plhat na letn\u00edch 25 a\u017e 29 \u00b0C, na ji\u017en\u00ed Morav\u011b a\u017e tropick\u00fdch 31 \u00b0C.<\/p>\n<p>Situaci ve sv\u00e9m kraji m\u016f\u017eete sledovat prost\u0159ednictv\u00edm radaru:<\/p>\n<p>Pozn.: K zobrazen\u00ed aktu\u00e1ln\u00ed situace rozklikn\u011bte na radaru v lev\u00e9m horn\u00edm rohu p\u0159\u00edslu\u0161nou kategorii. Na \u010dasov\u00e9 ose ve spodn\u00ed \u010d\u00e1sti si pak zvolte den a hodinu, kter\u00e9 v\u00e1s zaj\u00edmaj\u00ed.<\/p>\n<p>Nejd\u016frazn\u011bji se sr\u00e1\u017eky p\u0159ihl\u00e1s\u00ed o slovo v\u00a0sobotu. Od severoz\u00e1padu se postupn\u011b zat\u00e1hne a na v\u011bt\u0161in\u011b \u00fazem\u00ed se vyskytne d\u00e9\u0161\u0165 nebo p\u0159eh\u00e1\u0148ky, ojedin\u011ble se pak setk\u00e1me i s\u00a0bou\u0159kami. Okolo poledne ale za\u010dnou sr\u00e1\u017eky ust\u00e1vat, obla\u010dnost se rozpt\u00fdl\u00ed a obloha bude podle p\u0159edpov\u011bdi jasn\u00e1 a\u017e polojasn\u00e1. Teploty se budou v\u00a0sobotu pohybovat mezi 19 a 23 \u00b0C.<\/p>\n<p>V ned\u011bli bude slune\u010dno. Meteorologov\u00e9 o\u010dek\u00e1vaj\u00ed jasnou a\u017e polojasnou oblohu, na v\u00fdchod\u011b bude p\u0159echodn\u011b a\u017e obla\u010dno. K\u00a0r\u00e1nu se pak hlavn\u011b v\u00a0okol\u00ed vodn\u00edch ploch mohou objevit mlhy. Den by se m\u011bl obej\u00edt beze sr\u00e1\u017eek a teplom\u011bry uk\u00e1\u017e\u00ed hodnoty mezi 21 a 25 \u00b0C.<\/p>\n<p>MOHLO BY V\u00c1S ZAJ\u00cdMAT: <a target=\"_blank\" href=\"https:\/\/cnn.iprima.cz\/houbarske-zne-v-cesku-musel-jsem-do-lesa-s-koleckem-rika-muz-mapa-ukazuje-kde-vsude-rostou-520658\" rel=\"nofollow noopener\">Houba\u0159sk\u00e9 \u017en\u011b v \u010cesku. Musel jsem do lesa s kole\u010dkem, \u0159\u00edk\u00e1 mu\u017e. MAPA ukazuje, kde v\u0161ude rostou<\/a><\/p>\n","protected":false},"excerpt":{"rendered":"Posledn\u00ed dny pracovn\u00edho t\u00fddne budou p\u0159ev\u00e1\u017en\u011b obla\u010dn\u00e9, bou\u0159ky by m\u011bly p\u0159ij\u00edt a\u017e v sobotu. Vypl\u00fdv\u00e1 to z p\u0159edpov\u011bdi&hellip;\n","protected":false},"author":2,"featured_media":202052,"comment_status":"","ping_status":"","sticky":false,"template":"","format":"standard","meta":{"footnotes":"","_share_on_mastodon":"0"},"categories":[10],"tags":[3862,42,1843,17,21,2021,1162,16,1536,255,45908,1440,538,18,19,22,20],"class_list":["post-202051","post","type-post","status-publish","format-standard","has-post-thumbnail","category-zpravy","tag-bourka","tag-cesko","tag-cesky-hydrometeorologicky-ustav","tag-headlines","tag-hlavni-udalosti","tag-jihocesky-kraj","tag-jihomoravsky-kraj","tag-news","tag-plzensky-kraj","tag-pocasi","tag-pracovni-tyden","tag-predpoved-pocasi","tag-stredocesky-kraj","tag-top-news","tag-top-stories","tag-udalosti-dne","tag-zpravy"],"share_on_mastodon":{"url":"https:\/\/pubeurope.com\/@cz\/117209161018816573","error":""},"_links":{"self":[{"href":"https:\/\/www.europesays.com\/cz\/wp-json\/wp\/v2\/posts\/202051","targetHints":{"allow":["GET"]}}],"collection":[{"href":"https:\/\/www.europesays.com\/cz\/wp-json\/wp\/v2\/posts"}],"about":[{"href":"https:\/\/www.europesays.com\/cz\/wp-json\/wp\/v2\/types\/post"}],"author":[{"embeddable":true,"href":"https:\/\/www.europesays.com\/cz\/wp-json\/wp\/v2\/users\/2"}],"replies":[{"embeddable":true,"href":"https:\/\/www.europesays.com\/cz\/wp-json\/wp\/v2\/comments?post=202051"}],"version-history":[{"count":0,"href":"https:\/\/www.europesays.com\/cz\/wp-json\/wp\/v2\/posts\/202051\/revisions"}],"wp:featuredmedia":[{"embeddable":true,"href":"https:\/\/www.europesays.com\/cz\/wp-json\/wp\/v2\/media\/202052"}],"wp:attachment":[{"href":"https:\/\/www.europesays.com\/cz\/wp-json\/wp\/v2\/media?parent=202051"}],"wp:term":[{"taxonomy":"category","embeddable":true,"href":"https:\/\/www.europesays.com\/cz\/wp-json\/wp\/v2\/categories?post=202051"},{"taxonomy":"post_tag","embeddable":true,"href":"https:\/\/www.europesays.com\/cz\/wp-json\/wp\/v2\/tags?post=202051"}],"curies":[{"name":"wp","href":"https:\/\/api.w.org\/{rel}","templated":true}]}}