{"id":202053,"date":"2026-09-03T21:12:10","date_gmt":"2026-09-03T21:12:10","guid":{"rendered":"https:\/\/www.europesays.com\/cz\/202053\/"},"modified":"2026-09-03T21:12:10","modified_gmt":"2026-09-03T21:12:10","slug":"polky-jsou-na-volejbalovem-me-v-semifinale-postoupilo-take-turecko-idnes-cz","status":"publish","type":"post","link":"https:\/\/www.europesays.com\/cz\/202053\/","title":{"rendered":"Polky jsou na volejbalov\u00e9m ME v semifin\u00e1le. Postoupilo tak\u00e9 Turecko &#8211; iDNES.cz"},"content":{"rendered":"<p><a href=\"https:\/\/news.google.com\/rss\/articles\/CBMiyAFBVV95cUxQQjc5UkRKUnpJZm02THFGZTJ5Zlh6VXBWakZwVjhSYVp2dHdUTHZ3Y3RuOHViMThEWVBQeXAwMlp1X2JZWXpOQ2dBWU9iZzQzaGM4ZkM1NXR0X1RGb19KQUFBVUNEdS1FYlFHNUJsaDV4V3V2cnljQkNNVTYwZG15LUVSRTZsOUpzZWJpcVJqTGRLZG1ZN0wzNXpuX2Q4YUNOVi1WN2I2MDJRTXpnWHVWRHRhTlpSbWhNaWY5Y0s0eWtKNjNJT0N2cg?oc=5\" target=\"_blank\" rel=\"nofollow noopener\">Polky jsou na volejbalov\u00e9m ME v semifin\u00e1le. Postoupilo tak\u00e9 Turecko<\/a>&nbsp;&nbsp;iDNES.cz<a href=\"https:\/\/news.google.com\/rss\/articles\/CBMivAFBVV95cUxONVh6dEJwd0RCbjlHV0s5aDNaTFIyNVVCWVF6VFFIVFBNUWluZDJqTnFKWFZwcENmalF6bDhiQ19VQXBrNUxFUnItUC1ZQm5nNWhCdDRJYWNIMXNEb0RHVE5XMDBSZGNfMkhUY3V2Vi1DejdMUGRwaHpjT1I3N0oxdUQwTnpuTENFUXczY2FHT0Z4V3Z6dWxDWWNLdFRZdHVDZ2JSVVFuX0hieUVuUnJqTWJ0SFZWQ25NY2JGSQ?oc=5\" target=\"_blank\" rel=\"nofollow noopener\">Polky a tureck\u00e9 obh\u00e1jkyn\u011b zkompletovaly \u010dtve\u0159ici semifinalistek volejbalov\u00e9ho ME<\/a>&nbsp;&nbsp;Sport.cz<a href=\"https:\/\/news.google.com\/rss\/articles\/CBMi4wFBVV95cUxNNldFN1ZQdW42MkZRc1BBczVZVTJCQ1JQNWUtaHM4a0o0M0VTTkZ3RjdsczgxajlVcklhYnZaMHpDMk42Rm9feXpkaXJaTllIQ05FNXJKOVY1UDJMejJTQmVtdER3cERFT0xMd3RLMEgzSjN4bExQQTIyX3kxczNZQ1gyMFdKNDZOdUZhMVdqZmJfcWdmUzdTVnJPbl94RE9jaWZmdkF6Q2xTbWhsOElZMEl4d2JCU0dncG1kRmtTVlhwTkt6WnNrWnZyNmdhY1hzRGRReDZfeHVtY3JRbUxIeTZkOA?oc=5\" target=\"_blank\" rel=\"nofollow noopener\">N\u011bmeck\u00e9 volejbalistky slav\u00ed velk\u00e9 v\u00edt\u011bzstv\u00ed, str\u016fjkyn\u00ed byla nevlastn\u00ed dcera \u010desk\u00e9 reprezentantky<\/a>&nbsp;&nbsp;sport.ceskatelevize.cz<a href=\"https:\/\/news.google.com\/rss\/articles\/CBMiuwFBVV95cUxNNlBOWk5pckJodm95OTlYblRVUndoSHpIb3l5RktzSG1mNUpZRmdtY1ZDVWd0WXg3TDdlbnBZZE9PUFdmVlMtYmdONUx3LVNFZ2djbFNPNC1FY1FSbnRXMUpBbmJMVmhBYnhyN2pMZGtYM0NSdl9zelVCN0RYNEduRlFSN0NTbm82dkFMLTNVTU9tam1uUWNJMVpZeTltaFI1RWVFcXowRkh2WnhnTm9aUVBpMHZERHJiRXlN?oc=5\" target=\"_blank\" rel=\"nofollow noopener\">Nevlastn\u00ed dcera Heleny Grozer dovedla n\u011bmeck\u00e9 volejbalistky do \u010dtvrtfin\u00e1le ME<\/a>&nbsp;&nbsp;ceskenoviny.cz<a href=\"https:\/\/news.google.com\/rss\/articles\/CBMipwFBVV95cUxQS2lwbEo0bGJlSlVpd1JjRzMwVFFtWkh6THJsN1NhcDNKeXQ5VlJTaGxieWZZNklBcDBFbEsxTHJDTjR0QjNmVl9LTlAzcExvcmo0T1lxVlItSlB2VTZJLThocC1fX09OMDQ3MEV6MDZwdVFJVDR4TTB1REhmV3lWV25TTWNYdlpsUm1MUko4MFZ1R0dIZ2JiVXFyTS04ZHd0WWk3b2RpRQ?oc=5\" target=\"_blank\" rel=\"nofollow noopener\">Semifin\u00e1lov\u00e9 slo\u017een\u00ed ME doplnilo Polsko s Tureckem<\/a>&nbsp;&nbsp;sport.ceskatelevize.cz<\/p>\n","protected":false},"excerpt":{"rendered":"Polky jsou na volejbalov\u00e9m ME v semifin\u00e1le. Postoupilo tak\u00e9 Turecko&nbsp;&nbsp;iDNES.czPolky a tureck\u00e9 obh\u00e1jkyn\u011b zkompletovaly \u010dtve\u0159ici semifinalistek volejbalov\u00e9ho ME&nbsp;&nbsp;Sport.czN\u011bmeck\u00e9&hellip;\n","protected":false},"author":2,"featured_media":202054,"comment_status":"","ping_status":"","sticky":false,"template":"","format":"standard","meta":{"footnotes":"","_share_on_mastodon":"0"},"categories":[15],"tags":[894,117,1547,94,93,5567],"class_list":["post-202053","post","type-post","status-publish","format-standard","has-post-thumbnail","category-sport","tag-nizozemsko","tag-polsko","tag-semifinale","tag-sport","tag-sports","tag-volejbal"],"share_on_mastodon":{"url":"https:\/\/pubeurope.com\/@cz\/117209172883846373","error":""},"_links":{"self":[{"href":"https:\/\/www.europesays.com\/cz\/wp-json\/wp\/v2\/posts\/202053","targetHints":{"allow":["GET"]}}],"collection":[{"href":"https:\/\/www.europesays.com\/cz\/wp-json\/wp\/v2\/posts"}],"about":[{"href":"https:\/\/www.europesays.com\/cz\/wp-json\/wp\/v2\/types\/post"}],"author":[{"embeddable":true,"href":"https:\/\/www.europesays.com\/cz\/wp-json\/wp\/v2\/users\/2"}],"replies":[{"embeddable":true,"href":"https:\/\/www.europesays.com\/cz\/wp-json\/wp\/v2\/comments?post=202053"}],"version-history":[{"count":0,"href":"https:\/\/www.europesays.com\/cz\/wp-json\/wp\/v2\/posts\/202053\/revisions"}],"wp:featuredmedia":[{"embeddable":true,"href":"https:\/\/www.europesays.com\/cz\/wp-json\/wp\/v2\/media\/202054"}],"wp:attachment":[{"href":"https:\/\/www.europesays.com\/cz\/wp-json\/wp\/v2\/media?parent=202053"}],"wp:term":[{"taxonomy":"category","embeddable":true,"href":"https:\/\/www.europesays.com\/cz\/wp-json\/wp\/v2\/categories?post=202053"},{"taxonomy":"post_tag","embeddable":true,"href":"https:\/\/www.europesays.com\/cz\/wp-json\/wp\/v2\/tags?post=202053"}],"curies":[{"name":"wp","href":"https:\/\/api.w.org\/{rel}","templated":true}]}}