{"id":202111,"date":"2026-09-03T23:16:08","date_gmt":"2026-09-03T23:16:08","guid":{"rendered":"https:\/\/www.europesays.com\/cz\/202111\/"},"modified":"2026-09-03T23:16:08","modified_gmt":"2026-09-03T23:16:08","slug":"peskobusy-proti-mamataxi-ostrava-omezi-ranni-provoz-u-skol","status":"publish","type":"post","link":"https:\/\/www.europesays.com\/cz\/202111\/","title":{"rendered":"P\u011b\u0161kobusy proti mamataxi. Ostrava omez\u00ed rann\u00ed provoz u \u0161kol"},"content":{"rendered":"<p>\n                                        Do jednosm\u011brn\u00e9 Ostr\u010dilovy ulice vjede b\u011bhem p\u016flhodiny p\u0159ed vyu\u010dov\u00e1n\u00edm kolem 140 aut.                                    <\/p>\n<p>Ostrava omez\u00ed rann\u00ed automobilov\u00fd provoz v okol\u00ed n\u011bkolika \u0161kol v centru m\u011bsta. Od 14. do 18. z\u00e1\u0159\u00ed zavede v lokalit\u011b Ostr\u010dilovy ulice takzvanou \u0161koln\u00ed ulici, do vybran\u00fdch \u00fasek\u016f nebudou mezi 7:30 a 8:00 sm\u011bt vj\u00ed\u017ed\u011bt motorov\u00e1 vozidla.<\/p>\n<p>D\u016fvodem je p\u0159edev\u0161\u00edm siln\u00fd provoz v dob\u011b p\u0159\u00edchodu d\u011bt\u00ed. Podle M\u011bstsk\u00e9ho ateli\u00e9ru prostorov\u00e9ho pl\u00e1nov\u00e1n\u00ed a architektury (MAPPA) vjede b\u011bhem p\u016flhodiny p\u0159ed za\u010d\u00e1tkem vyu\u010dov\u00e1n\u00ed do jednosm\u011brn\u00e9 Ostr\u010dilovy ulice p\u0159ibli\u017en\u011b 140 vozidel. Ve stejnou dobu se zde p\u0159itom pohybuje t\u00e9m\u011b\u0159 tis\u00edcovka d\u011bt\u00ed.<\/p>\n<p>\u201eNejde v\u0161ak jen o mno\u017estv\u00ed aut, ale p\u0159edev\u0161\u00edm o jejich rozj\u00ed\u017ed\u011bn\u00ed, couv\u00e1n\u00ed nebo ot\u00e1\u010den\u00ed, kter\u00e9 zvy\u0161uj\u00ed riziko st\u0159et\u016f s d\u011btmi,\u201c uvedla MAPPA. Podle d\u0159\u00edv\u011bj\u0161\u00edho pr\u016fzkumu je provoz v oblasti natolik intenzivn\u00ed, \u017ee n\u011bkter\u00e9 ze \u0161kol posunuly za\u010d\u00e1tek v\u00fduky, aby p\u0159\u00edjezdy l\u00e9pe rozlo\u017eily v \u010dase. V cel\u00e9 lokalit\u011b denn\u011b parkuje zhruba 1200 vozidel.<\/p>\n<p>V\u00fdjimku ze z\u00e1kazu vjezdu dostanou vozidla integrovan\u00e9ho z\u00e1chrann\u00e9ho syst\u00e9mu a dr\u017eitel\u00e9 pr\u016fkazu ZTP. Rezidenti budou moci z oblasti vyjet. \u010c\u00e1st Gregorovy ulice u budovy Beta a mezin\u00e1rodn\u00edch \u0161kol bude po cel\u00fd den jednosm\u011brn\u00e1.<\/p>\n<p><a href=\"https:\/\/zdopravy.cz\/wp-content\/uploads\/2026\/09\/792459311_1735041084757045_6186108258174890385_n-1.jpg\" rel=\"nofollow noopener\" target=\"_blank\"><img loading=\"lazy\" decoding=\"async\" aria-describedby=\"caption-attachment-297540\" class=\"size-medium wp-image-297540\" src=\"https:\/\/www.europesays.com\/cz\/wp-content\/uploads\/2026\/09\/792459311_1735041084757045_6186108258174890385_n-1-293x300.jpg\" alt=\"\u0160koln\u00ed ulice v Ostrav\u011b.Zdroj: MAPPA Ostrava\" width=\"293\" height=\"300\"  \/><\/a><\/p>\n<p id=\"caption-attachment-297540\" class=\"wp-caption-text\">\u0160koln\u00ed ulice v Ostrav\u011b.<br \/>Zdroj: MAPPA Ostrava<\/p>\n<p>D\u011btem maj\u00ed cestu usnadnit tak\u00e9 takzvan\u00e9 p\u011b\u0161kobusy. P\u016fjde o organizovanou p\u011b\u0161\u00ed cestu do \u0161koly. Od zast\u00e1vky D\u016fl Jind\u0159ich budou star\u0161\u00ed \u017e\u00e1ci doprov\u00e1zet mlad\u0161\u00ed d\u011bti p\u0159es park a\u017e ke \u0161kole. Na bezpe\u010dnost budou dohl\u00ed\u017eet tak\u00e9 str\u00e1\u017en\u00edci m\u011bstsk\u00e9 policie.<\/p>\n<p>Do projektu se zapoj\u00ed i Dopravn\u00ed podnik Ostrava. V pond\u011bl\u00ed 14. z\u00e1\u0159\u00ed podpo\u0159\u00ed zah\u00e1jen\u00ed \u0161koln\u00ed ulice j\u00edzdou doubledeckeru, kter\u00fd vyjede v 7:20 od ostravsk\u00e9 zoo na pravideln\u00e9 lince 104.<\/p>\n<p><a href=\"https:\/\/zdopravy.cz\/wp-content\/uploads\/2022\/09\/FOTO_DPO_Doubledecker-v-ZOO-e1664282578883.jpg\" rel=\"nofollow noopener\" target=\"_blank\"><img loading=\"lazy\" decoding=\"async\" aria-describedby=\"caption-attachment-127434\" class=\"size-medium wp-image-127434\" src=\"https:\/\/www.europesays.com\/cz\/wp-content\/uploads\/2026\/09\/FOTO_DPO_Doubledecker-v-ZOO-e1664282578883-300x225.jpg\" alt=\"\" width=\"300\" height=\"225\"  \/><\/a><\/p>\n<p id=\"caption-attachment-127434\" class=\"wp-caption-text\">Dvoupodla\u017en\u00ed autobus (doubledecker) ostravsk\u00e9ho dopravn\u00edho podniku. Pramen: DPO<\/p>\n<p>T\u00fddenn\u00ed opat\u0159en\u00ed je sou\u010d\u00e1st\u00ed celost\u00e1tn\u00ed v\u00fdzvy P\u011b\u0161ky do \u0161koly. M\u011bsto chce po skon\u010den\u00ed testu vyhodnotit dopad omezen\u00ed na okoln\u00ed ulice i zku\u0161enosti lid\u00ed v lokalit\u011b. V\u00fdsledky maj\u00ed poslou\u017eit p\u0159i debat\u011b o dlouhodob\u00e9m \u0159e\u0161en\u00ed dopravy v okol\u00ed \u0161kol.<\/p>\n<p>\u0160koln\u00edch ulic p\u0159ib\u00fdv\u00e1<\/p>\n<p>Takzvan\u00e9 \u0161koln\u00ed ulice se v \u010cesku postupn\u011b roz\u0161i\u0159uj\u00ed jako jeden ze zp\u016fsob\u016f omezen\u00ed \u201emamataxi\u201c, tedy dov\u00e1\u017een\u00ed d\u011bt\u00ed autem a\u017e do bezprost\u0159edn\u00ed bl\u00edzkosti \u0161koly. Letos nap\u0159\u00edklad \u017d\u010f\u00e1r nad S\u00e1zavou roz\u0161\u00ed\u0159il rann\u00ed z\u00e1kazy vjezdu tak, \u017ee se t\u00fdkaj\u00ed okol\u00ed v\u0161ech tamn\u00edch z\u00e1kladn\u00edch \u0161kol. V \u010dervenci schv\u00e1lily dal\u0161\u00ed omezen\u00ed tak\u00e9 Boskovice, kde cht\u011bj\u00ed zabr\u00e1nit rodi\u010d\u016fm v zaj\u00ed\u017ed\u011bn\u00ed a\u017e ke vchodu z\u00e1kladn\u00ed \u0161koly.<\/p>\n<p>T\u00e9ma je aktu\u00e1ln\u00ed i kv\u016fli nehodovosti v okol\u00ed \u0161kol. Jak ji\u017e den\u00edk Zdopravy.cz informoval, podle anal\u00fdzy Port\u00e1lu nehod je v z\u00e1\u0159\u00ed po\u010det nehod do sta metr\u016f od mate\u0159sk\u00fdch a z\u00e1kladn\u00edch \u0161kol p\u0159ibli\u017en\u011b o deset procent vy\u0161\u0161\u00ed ne\u017e b\u011b\u017en\u00fd m\u011bs\u00ed\u010dn\u00ed pr\u016fm\u011br. Prvn\u00ed v\u00fdrazn\u011bj\u0161\u00ed n\u00e1r\u016fst p\u0159ich\u00e1z\u00ed kolem 7. hodiny r\u00e1nn\u00ed, v\u016fbec nejv\u00edce nehod se v\u0161ak odehr\u00e1v\u00e1 odpoledne kolem 15. hodiny.<\/p>\n<p>Anal\u00fdza vych\u00e1zela z v\u00edce ne\u017e 76 tis\u00edc nehod z let 2010 a\u017e 2025 v okol\u00ed t\u00e9m\u011b\u0159 deseti tis\u00edc \u0161kol. St\u0159ety s chodci p\u0159edstavovaly jen n\u011bco p\u0159es \u0161est procent v\u0161ech nehod, jejich n\u00e1sledky ale byly podstatn\u011b v\u00e1\u017en\u011bj\u0161\u00ed. P\u0159ibli\u017en\u011b ka\u017ed\u00fd osm\u00fd takov\u00fd st\u0159et skon\u010dil t\u011b\u017ek\u00fdm zran\u011bn\u00edm.<\/p>\n<p><a href=\"https:\/\/zdopravy.cz\/o-10-procent-vic-nehod-se-zacatkem-vyuky-pribyva-kolizi-u-skol-pozor-hlavne-odpoledne-296260\/\" rel=\"nofollow noopener\" target=\"_blank\">O 10 procent v\u00edc nehod. Se za\u010d\u00e1tkem v\u00fduky p\u0159ib\u00fdv\u00e1 koliz\u00ed u \u0161kol, pozor hlavn\u011b odpoledne<\/a><\/p>\n<p>                                                        Tagy<\/p>\n<p>                                                                                                                                                                                                                            <a href=\"https:\/\/zdopravy.cz\/tag\/mama-taxi\/\" type=\"button\" class=\"btn btn-secondary mb-1 btn-sm\" rel=\"nofollow noopener\" target=\"_blank\"><br \/>\n                                                                mama taxi                                                            <\/a><br \/>\n                                                                                                                                                                                                                                <a href=\"https:\/\/zdopravy.cz\/tag\/mamataxi\/\" type=\"button\" class=\"btn btn-secondary mb-1 btn-sm\" rel=\"nofollow noopener\" target=\"_blank\"><br \/>\n                                                                mamataxi                                                            <\/a><br \/>\n                                                                                                                                                                                                                                <a href=\"https:\/\/zdopravy.cz\/tag\/ostrava\/\" type=\"button\" class=\"btn btn-secondary mb-1 btn-sm\" rel=\"nofollow noopener\" target=\"_blank\"><br \/>\n                                                                ostrava                                                            <\/a><\/p>\n<p>                                                <a href=\"https:\/\/zdopravy.cz\/peskobusy-proti-mamataxi-ostrava-omezi-ranni-provoz-u-skol-297539\/?comments=1#comments\" class=\"ml-3 text-body mb-3 mt-4 d-inline-block\" rel=\"nofollow noopener\" target=\"_blank\"><\/p>\n<p>                                                    10 koment\u00e1\u0159\u016f                                                <\/a><\/p>\n","protected":false},"excerpt":{"rendered":"Do jednosm\u011brn\u00e9 Ostr\u010dilovy ulice vjede b\u011bhem p\u016flhodiny p\u0159ed vyu\u010dov\u00e1n\u00edm kolem 140 aut. Ostrava omez\u00ed rann\u00ed automobilov\u00fd provoz v&hellip;\n","protected":false},"author":2,"featured_media":202112,"comment_status":"","ping_status":"","sticky":false,"template":"","format":"standard","meta":{"footnotes":"","_share_on_mastodon":"0"},"categories":[7],"tags":[43,42,41,40,5704,46165,744,119],"class_list":["post-202111","post","type-post","status-publish","format-standard","has-post-thumbnail","category-cesko","tag-ceska-republika","tag-cesko","tag-czech-republic","tag-czechia","tag-mama-taxi","tag-mamataxi","tag-ostrava","tag-seznam"],"share_on_mastodon":{"url":"https:\/\/pubeurope.com\/@cz\/117209660554206461","error":""},"_links":{"self":[{"href":"https:\/\/www.europesays.com\/cz\/wp-json\/wp\/v2\/posts\/202111","targetHints":{"allow":["GET"]}}],"collection":[{"href":"https:\/\/www.europesays.com\/cz\/wp-json\/wp\/v2\/posts"}],"about":[{"href":"https:\/\/www.europesays.com\/cz\/wp-json\/wp\/v2\/types\/post"}],"author":[{"embeddable":true,"href":"https:\/\/www.europesays.com\/cz\/wp-json\/wp\/v2\/users\/2"}],"replies":[{"embeddable":true,"href":"https:\/\/www.europesays.com\/cz\/wp-json\/wp\/v2\/comments?post=202111"}],"version-history":[{"count":0,"href":"https:\/\/www.europesays.com\/cz\/wp-json\/wp\/v2\/posts\/202111\/revisions"}],"wp:featuredmedia":[{"embeddable":true,"href":"https:\/\/www.europesays.com\/cz\/wp-json\/wp\/v2\/media\/202112"}],"wp:attachment":[{"href":"https:\/\/www.europesays.com\/cz\/wp-json\/wp\/v2\/media?parent=202111"}],"wp:term":[{"taxonomy":"category","embeddable":true,"href":"https:\/\/www.europesays.com\/cz\/wp-json\/wp\/v2\/categories?post=202111"},{"taxonomy":"post_tag","embeddable":true,"href":"https:\/\/www.europesays.com\/cz\/wp-json\/wp\/v2\/tags?post=202111"}],"curies":[{"name":"wp","href":"https:\/\/api.w.org\/{rel}","templated":true}]}}