{"id":202115,"date":"2026-09-03T23:25:18","date_gmt":"2026-09-03T23:25:18","guid":{"rendered":"https:\/\/www.europesays.com\/cz\/202115\/"},"modified":"2026-09-03T23:25:18","modified_gmt":"2026-09-03T23:25:18","slug":"hrabnete-do-obalky-schillerova-chysta-vyssi-dane-za-co","status":"publish","type":"post","link":"https:\/\/www.europesays.com\/cz\/202115\/","title":{"rendered":"Hr\u00e1bn\u011bte do ob\u00e1lky! Schillerov\u00e1 chyst\u00e1 vy\u0161\u0161\u00ed dan\u011b &#8211; za co?"},"content":{"rendered":"<p class=\"isSelectedEnd\">St\u00e1tn\u00ed kasa pot\u0159ebuje pen\u00edze a vl\u00e1da bude muset b\u011bhem n\u011bkolika let v\u00fdrazn\u011b st\u00e1hnout rozpo\u010dtov\u00fd schodek. Podle <a class=\"celebrity celebwiki\" href=\"https:\/\/celebwiki.blesk.cz\/osobnost\/5463\/alena-schillerova\/\" target=\"_blank\" rel=\"nofollow noopener\">Schillerov\u00e9<\/a> by m\u011bl deficit postupn\u011b klesat zhruba o 30 a\u017e 40 miliard korun ro\u010dn\u011b, tedy b\u011bhem t\u0159\u00ed let p\u0159ibli\u017en\u011b o 120 miliard. Bez dal\u0161\u00edch opat\u0159en\u00ed by podle n\u00ed byly rozpo\u010dty na roky 2028 a 2029 jen t\u011b\u017eko sestaviteln\u00e9.<\/p>\n<p class=\"isSelectedEnd\">\u010c\u00e1st pen\u011bz chce ministerstvo naj\u00edt ve vy\u0161\u0161\u00edm zdan\u011bn\u00ed oblast\u00ed spojen\u00fdch se z\u00e1vislostmi.\u00a0\u201eR\u00e1da bych se znova vr\u00e1tila k debat\u011b o hazardu, proto\u017ee n\u00e1m stra\u0161n\u011b pos\u00edlil v oblasti online,\u201c uvedla ministryn\u011b. Zv\u00fd\u0161en\u00ed dan\u011b z hazardu chce podle sv\u00fdch slov navrhnout ur\u010dit\u011b.<\/p>\n<p class=\"isSelectedEnd\">Pozornost ministerstva m\u00ed\u0159\u00ed tak\u00e9 na nov\u00e9 nikotinov\u00e9 v\u00fdrobky. Schillerov\u00e1 upozornila nap\u0159\u00edklad na s\u00e1\u010dky s tekut\u00fdm nikotinem, kter\u00e9 se za\u010daly objevovat na trhu. \u0158e\u0161it chce rovn\u011b\u017e zah\u0159\u00edvan\u00e9 tab\u00e1kov\u00e9 v\u00fdrobky a kratom. U n\u011bj ji p\u0159ekvapilo, \u017ee nyn\u00ed spad\u00e1 do dvan\u00e1ctiprocentn\u00ed sazby DPH.<\/p>\n<p class=\"isSelectedEnd\">Velmi citliv\u00e9 t\u00e9ma p\u0159edstavuj\u00ed nemovitosti. Plo\u0161n\u00e9 zv\u00fd\u0161en\u00ed dan\u011b z nemovit\u00fdch v\u011bc\u00ed pro v\u0161echny majitele Schillerov\u00e1 odm\u00edt\u00e1. Argumentuje t\u00edm, \u017ee velk\u00e1 \u010d\u00e1st \u010cech\u016f bydl\u00ed ve vlastn\u00edm a \u010dasto cel\u00fd \u017eivot \u0161et\u0159ila pr\u00e1v\u011b na sv\u016fj d\u016fm nebo byt.<\/p>\n<p class=\"isSelectedEnd\">Jin\u00e1 situace by ale mohla b\u00fdt u lid\u00ed, kte\u0159\u00ed vlastn\u00ed des\u00edtky nemovitost\u00ed jako investici. Schillerov\u00e1 p\u0159ipustila, \u017ee o jejich vy\u0161\u0161\u00edm zdan\u011bn\u00ed p\u0159em\u00fd\u0161l\u00ed. Z\u00e1rove\u0148 zd\u016fraznila, \u017ee \u017e\u00e1dn\u00fd konkr\u00e9tn\u00ed n\u00e1vrh zat\u00edm neexistuje a p\u0159\u00edpadn\u00e1 zm\u011bna by nem\u011bla zas\u00e1hnout nap\u0159\u00edklad \u010dlov\u011bka, kter\u00fd si po\u0159\u00eddil jeden dal\u0161\u00ed byt jako zabezpe\u010den\u00ed na st\u00e1\u0159\u00ed.<\/p>\n<p class=\"isSelectedEnd\">Pr\u00e1v\u011b tady je tedy pot\u0159eba brzdit. Vy\u0161\u0161\u00ed da\u0148 pro investi\u010dn\u00ed byty zat\u00edm nen\u00ed schv\u00e1len\u00e1 ani hotov\u00e1. Koalice teprve \u0159e\u0161\u00ed, jak by podobn\u00fd syst\u00e9m mohl vypadat a koho by se v\u016fbec t\u00fdkal.<\/p>\n<p class=\"isSelectedEnd\">Schillerov\u00e1 z\u00e1rove\u0148 ujistila, \u017ee nechce vracet superhrubou mzdu. Do debaty podle n\u00ed nyn\u00ed nem\u00e1 p\u0159ij\u00edt ani plo\u0161n\u00e9 zv\u00fd\u0161en\u00ed dan\u011b z p\u0159\u00edjmu. Naopak u takzvan\u00fdch ne\u0159est\u00ed se maj\u00ed zm\u011bny p\u0159ipravovat podstatn\u011b rychleji. Ministerstvo po\u010d\u00edt\u00e1 s t\u00edm, \u017ee struktur\u00e1ln\u00ed opat\u0159en\u00ed bude pot\u0159eba zav\u00e1d\u011bt u\u017e v pr\u016fb\u011bhu roku 2027.<\/p>\n<p>Vl\u00e1da tak hled\u00e1 miliardy hlavn\u011b tam, kde m\u016f\u017ee vy\u0161\u0161\u00ed zdan\u011bn\u00ed z\u00e1rove\u0148 obhajovat bojem proti z\u00e1vislostem nebo \u0161ed\u00e9 ekonomice. Pro hr\u00e1\u010de, u\u017eivatele n\u011bkter\u00fdch nikotinov\u00fdch v\u00fdrobk\u016f \u010di kratomu to ale v praxi m\u016f\u017ee znamenat jedin\u00e9 \u2013 jejich ne\u0159esti mohou b\u00fdt v p\u0159\u00ed\u0161t\u00edch letech citeln\u011b dra\u017e\u0161\u00ed.<\/p>\n","protected":false},"excerpt":{"rendered":"St\u00e1tn\u00ed kasa pot\u0159ebuje pen\u00edze a vl\u00e1da bude muset b\u011bhem n\u011bkolika let v\u00fdrazn\u011b st\u00e1hnout rozpo\u010dtov\u00fd schodek. Podle Schillerov\u00e9 by&hellip;\n","protected":false},"author":2,"featured_media":202116,"comment_status":"","ping_status":"","sticky":false,"template":"","format":"standard","meta":{"footnotes":"","_share_on_mastodon":"0"},"categories":[7],"tags":[297,43,42,41,40,1668,4878,11748,163],"class_list":["post-202115","post","type-post","status-publish","format-standard","has-post-thumbnail","category-cesko","tag-alena-schillerova","tag-ceska-republika","tag-cesko","tag-czech-republic","tag-czechia","tag-dan","tag-hazard","tag-ministr-financi","tag-zhave-drby"],"share_on_mastodon":{"url":"https:\/\/pubeurope.com\/@cz\/117209695769101190","error":""},"_links":{"self":[{"href":"https:\/\/www.europesays.com\/cz\/wp-json\/wp\/v2\/posts\/202115","targetHints":{"allow":["GET"]}}],"collection":[{"href":"https:\/\/www.europesays.com\/cz\/wp-json\/wp\/v2\/posts"}],"about":[{"href":"https:\/\/www.europesays.com\/cz\/wp-json\/wp\/v2\/types\/post"}],"author":[{"embeddable":true,"href":"https:\/\/www.europesays.com\/cz\/wp-json\/wp\/v2\/users\/2"}],"replies":[{"embeddable":true,"href":"https:\/\/www.europesays.com\/cz\/wp-json\/wp\/v2\/comments?post=202115"}],"version-history":[{"count":0,"href":"https:\/\/www.europesays.com\/cz\/wp-json\/wp\/v2\/posts\/202115\/revisions"}],"wp:featuredmedia":[{"embeddable":true,"href":"https:\/\/www.europesays.com\/cz\/wp-json\/wp\/v2\/media\/202116"}],"wp:attachment":[{"href":"https:\/\/www.europesays.com\/cz\/wp-json\/wp\/v2\/media?parent=202115"}],"wp:term":[{"taxonomy":"category","embeddable":true,"href":"https:\/\/www.europesays.com\/cz\/wp-json\/wp\/v2\/categories?post=202115"},{"taxonomy":"post_tag","embeddable":true,"href":"https:\/\/www.europesays.com\/cz\/wp-json\/wp\/v2\/tags?post=202115"}],"curies":[{"name":"wp","href":"https:\/\/api.w.org\/{rel}","templated":true}]}}