{"id":202123,"date":"2026-09-03T23:41:15","date_gmt":"2026-09-03T23:41:15","guid":{"rendered":"https:\/\/www.europesays.com\/cz\/202123\/"},"modified":"2026-09-03T23:41:15","modified_gmt":"2026-09-03T23:41:15","slug":"ifa-2026-tajemstvi-applu-odhaleno-predcasne-novinky-detailne-natocily-skladaci-iphone-ultra","status":"publish","type":"post","link":"https:\/\/www.europesays.com\/cz\/202123\/","title":{"rendered":"IFA 2026: Tajemstv\u00ed Applu odhaleno p\u0159ed\u010dasn\u011b. Novinky detailn\u011b nato\u010dily skl\u00e1dac\u00ed iPhone Ultra"},"content":{"rendered":"<p class=\"c_bB\">Apple zat\u00edm sv\u016fj prvn\u00ed telefon s\u00a0ohebn\u00fdm displejem ofici\u00e1ln\u011b neuk\u00e1zal. O\u00a0to zaj\u00edmav\u011bj\u0161\u00ed ale je, co se poda\u0159ilo Novink\u00e1m nato\u010dit. Ve \u010dtvrtek ve\u010der jsme na st\u00e1nku spole\u010dnosti Epico zachytili skute\u010dn\u00e9 makety prvn\u00edho skl\u00e1dac\u00edho iPhonu.<\/p>\n<p class=\"c_bB\">Dorazily tam jen p\u00e1r des\u00edtek minut p\u0159ed zav\u0159en\u00edm v\u00fdstavi\u0161t\u011b Messe Berlin, aby si je \u010desk\u00fd v\u00fdrobce mobiln\u00edho p\u0159\u00edslu\u0161enstv\u00ed mohl p\u0159ipravit na p\u00e1te\u010dn\u00ed slavnostn\u00ed zah\u00e1jen\u00ed. Nebude je v\u0161ak vystavovat ve\u0159ejn\u011b, ale pouze ve skryt\u00e9 expozici ur\u010den\u00e9 partner\u016fm.<\/p>\n<p class=\"c_bB\">Zat\u00edm se p\u0159itom je\u0161t\u011b ani nev\u00ed, jak se bude novinka jmenovat. Nej\u010dast\u011bji se v\u00a0posledn\u00edch m\u011bs\u00edc\u00edch hovo\u0159\u00ed o\u00a0n\u00e1zvu iPhone Ultra. Pr\u00e1v\u011b pod t\u00edmto ozna\u010den\u00edm se za\u0159\u00edzen\u00ed objevuje v\u00a0\u0159ad\u011b \u00fanik\u016f a\u00a0spekulac\u00ed. Apple ale jeho jm\u00e9no zat\u00edm nepotvrdil. Definitivn\u00ed odpov\u011b\u010f tak p\u0159inese a\u017e ofici\u00e1ln\u00ed premi\u00e9ra p\u0159\u00ed\u0161t\u00ed t\u00fdden.<\/p>\n<p><a data-dot=\"atm-link\" target=\"_self\" href=\"https:\/\/www.novinky.cz\/clanek\/internet-a-pc-mobil-ifa-2026-takto-bude-vypadat-skladaci-iphone-novinky-ho-natocily-jeste-pred-premierou-40595739\" class=\"c_I\" rel=\"nofollow noopener\"><img fetchpriority=\"high\" height=\"1080\" width=\"1920\" src=\"https:\/\/www.europesays.com\/cz\/wp-content\/uploads\/2026\/09\/1788478874_335_iphone-veletrh-ifa.jpeg\" loading=\"eager\" decoding=\"sync\" class=\"c_t c_r\"\/><\/a>Takhle m\u00e1 skl\u00e1dac\u00ed iPhone vypadat<\/p>\n<p class=\"c_bB\">Maketa ukazuje konstrukci, kterou Apple podle dostupn\u00fdch informac\u00ed zvolil pom\u011brn\u011b jednozna\u010dn\u011b. Nejde o\u00a0v\u00e9\u010dko zn\u00e1m\u00e9 nap\u0159\u00edklad z\u00a0n\u011bkter\u00fdch telefon\u016f od Samsungu \u010di Motoroly, ale o\u00a0za\u0159\u00edzen\u00ed, kter\u00e9 se otev\u00edr\u00e1 jako kniha. N\u011bco mezi iPhonem a\u00a0iPadem.<\/p>\n<p class=\"c_bB\">V zav\u0159en\u00e9m stavu m\u00e1 p\u016fsobit jako klasick\u00fd smartphone. Po rozev\u0159en\u00ed se ale p\u0159ed u\u017eivatelem objev\u00ed v\u00fdrazn\u011b v\u011bt\u0161\u00ed displej. Dosavadn\u00ed \u00faniky hovo\u0159\u00ed p\u0159ibli\u017en\u011b o\u00a05,5palcov\u00e9m vn\u011bj\u0161\u00edm panelu a\u00a07,8palcov\u00e9m ohebn\u00e9m displeji uvnit\u0159. Pom\u011br stran m\u00e1 b\u00fdt nezvykle \u0161irok\u00fd, p\u0159ibli\u017en\u011b 4:3, tedy podobn\u011b jako u\u00a0tabletu.<\/p>\n<p><img height=\"1013\"   width=\"1800\" src=\"https:\/\/www.europesays.com\/cz\/wp-content\/uploads\/2026\/09\/iphone-ultra-iphone-epico-maketa.mpo.jpeg\" loading=\"eager\" decoding=\"sync\" class=\"c_t c_r\"\/>Foto: Miloslav Fi\u0161er, Novinky<\/p>\n<p class=\"c_bB\">A pr\u00e1v\u011b zde m\u00e1 b\u00fdt jedna z\u00a0hlavn\u00edch p\u0159ednost\u00ed novinky. Po otev\u0159en\u00ed u\u017e nep\u016fjde jen o\u00a0v\u011bt\u0161\u00ed plochu pro klasick\u00e9 aplikace. Apple m\u00e1 podle dostupn\u00fdch informac\u00ed p\u0159izp\u016fsobit syst\u00e9m tak, aby velk\u00fd displej dok\u00e1zal vyu\u017e\u00edt podobn\u011b jako men\u0161\u00ed tablet. O\u010dek\u00e1v\u00e1 se nap\u0159\u00edklad pohodln\u011bj\u0161\u00ed pr\u00e1ce se dv\u011bma aplikacemi vedle sebe a\u00a0dal\u0161\u00ed mo\u017enosti multitaskingu.<\/p>\n<p class=\"c_bB\">Na maket\u00e1ch je dob\u0159e patrn\u00fd tak\u00e9 robustn\u011bj\u0161\u00ed kloub, kter\u00fd spojuje ob\u011b poloviny telefonu. Pr\u00e1v\u011b jeho konstrukce bude pro Apple jedn\u00edm z\u00a0nejv\u011bt\u0161\u00edch technick\u00fdch o\u0159\u00ed\u0161k\u016f. Firma m\u00e1 podle \u00fanik\u016f usilovat o\u00a0to, aby byl p\u0159echod v\u00a0m\u00edst\u011b ohybu co nejm\u00e9n\u011b patrn\u00fd. N\u011bkter\u00e9 zdroje dokonce hovo\u0159\u00ed o\u00a0t\u00e9m\u011b\u0159 neviditeln\u00e9m p\u0159ehybu displeje.<\/p>\n<p class=\"c_bB\">Kryty spole\u010dnosti Epico nav\u00edc jasn\u011b nazna\u010duj\u00ed, \u017ee Apple se ani u\u00a0takto tenk\u00e9ho skl\u00e1dac\u00edho telefonu nechce vzd\u00e1t MagSafe. Na zadn\u00ed stran\u011b p\u0159\u00edslu\u0161enstv\u00ed je patrn\u00fd kruhov\u00fd syst\u00e9m ur\u010den\u00fd pro magnetick\u00e9 uchycen\u00ed.<\/p>\n<p>Trhu vl\u00e1dnou ji\u017e jin\u00ed<\/p>\n<p class=\"c_bB\">Apple p\u0159ich\u00e1z\u00ed do sv\u011bta skl\u00e1dac\u00edch telefon\u016f pozd\u011bji ne\u017e \u0159ada konkurent\u016f. Trhu ji\u017e n\u011bkolik let kraluj\u00ed \u00fapln\u011b jin\u00e9 zna\u010dky, nap\u0159\u00edklad Samsung, Huawei \u010di Motorola. O\u00a0to v\u011bt\u0161\u00ed tlak bude na v\u00fdsledn\u00fd produkt s\u00a0logem nakousnut\u00e9ho jablka.<\/p>\n<p class=\"c_bB\">Nesta\u010d\u00ed pouze vyrobit telefon, kter\u00fd se d\u00e1 p\u0159ehnout. Apple bude muset p\u0159esv\u011bd\u010dit z\u00e1kazn\u00edky, \u017ee pr\u00e1v\u011b jeho \u0159e\u0161en\u00ed dok\u00e1\u017ee odstranit kompromisy, kter\u00e9 skl\u00e1dac\u00ed telefony prov\u00e1zej\u00ed u\u017e n\u011bkolik let.<\/p>\n<p class=\"c_bB\">I kdy\u017e se ve\u0161ker\u00e9 zraky up\u00ednaj\u00ed p\u0159edev\u0161\u00edm k\u00a0iPhonu Ultra, p\u0159\u00ed\u0161t\u00ed t\u00fdden by se m\u011bly uk\u00e1zat tak\u00e9 klasick\u00e9 iPhony s\u00a0neohebn\u00fdm displejem. V\u00a0d\u0159\u00edv\u011bj\u0161\u00edm \u010dl\u00e1nku Novinek si m\u016f\u017eete p\u0159ipomenout, co bude nab\u00edzet iPhone 18\u00a0Pro.<\/p>\n<p class=\"c_bB\">Jasno o\u00a0v\u0161ech novink\u00e1ch bude u\u017e p\u0159\u00ed\u0161t\u00ed st\u0159edu 9.\u00a0z\u00e1\u0159\u00ed. Pr\u00e1v\u011b tehdy poprv\u00e9 ofici\u00e1ln\u011b z\u00e1stupci americk\u00e9ho technologick\u00e9ho gigantu odhal\u00ed dal\u0161\u00ed generaci iPhon\u016f sv\u011btu.<\/p>\n<p class=\"c_bB\">Pod\u00edvejte se, jak bude vypadat nov\u00fd iPhone 18\u00a0ProVideo: Novinky<\/p>\n<p><a data-dot=\"atm-link\" target=\"_self\" href=\"https:\/\/www.novinky.cz\/clanek\/internet-a-pc-mobil-ifa-2026-prohlednete-si-detailne-novy-iphone-18-pro-jeste-pred-premierou-40595753\" class=\"c_I\" rel=\"nofollow noopener\"><img height=\"2304\" width=\"4096\" src=\"https:\/\/www.europesays.com\/cz\/wp-content\/uploads\/2026\/09\/1788478875_205_iphone-18-iphone.mpo.jpeg\" loading=\"eager\" decoding=\"sync\" class=\"c_t c_r\"\/><\/a><\/p>\n","protected":false},"excerpt":{"rendered":"Apple zat\u00edm sv\u016fj prvn\u00ed telefon s\u00a0ohebn\u00fdm displejem ofici\u00e1ln\u011b neuk\u00e1zal. O\u00a0to zaj\u00edmav\u011bj\u0161\u00ed ale je, co se poda\u0159ilo Novink\u00e1m nato\u010dit.&hellip;\n","protected":false},"author":2,"featured_media":202124,"comment_status":"","ping_status":"","sticky":false,"template":"","format":"standard","meta":{"footnotes":"","_share_on_mastodon":"0"},"categories":[13],"tags":[127,4125,45891,129,26184,3990,74,73,78,75,11094,77,76,1105],"class_list":["post-202123","post","type-post","status-publish","format-standard","has-post-thumbnail","category-veda-a-technika","tag-apple","tag-berlin","tag-ifa-berlin","tag-iphone","tag-iphone-18","tag-premiera","tag-science","tag-science-technology","tag-technika","tag-technology","tag-unik","tag-veda","tag-veda-a-technika","tag-veletrh"],"share_on_mastodon":{"url":"https:\/\/pubeurope.com\/@cz\/117209759061106226","error":""},"_links":{"self":[{"href":"https:\/\/www.europesays.com\/cz\/wp-json\/wp\/v2\/posts\/202123","targetHints":{"allow":["GET"]}}],"collection":[{"href":"https:\/\/www.europesays.com\/cz\/wp-json\/wp\/v2\/posts"}],"about":[{"href":"https:\/\/www.europesays.com\/cz\/wp-json\/wp\/v2\/types\/post"}],"author":[{"embeddable":true,"href":"https:\/\/www.europesays.com\/cz\/wp-json\/wp\/v2\/users\/2"}],"replies":[{"embeddable":true,"href":"https:\/\/www.europesays.com\/cz\/wp-json\/wp\/v2\/comments?post=202123"}],"version-history":[{"count":0,"href":"https:\/\/www.europesays.com\/cz\/wp-json\/wp\/v2\/posts\/202123\/revisions"}],"wp:featuredmedia":[{"embeddable":true,"href":"https:\/\/www.europesays.com\/cz\/wp-json\/wp\/v2\/media\/202124"}],"wp:attachment":[{"href":"https:\/\/www.europesays.com\/cz\/wp-json\/wp\/v2\/media?parent=202123"}],"wp:term":[{"taxonomy":"category","embeddable":true,"href":"https:\/\/www.europesays.com\/cz\/wp-json\/wp\/v2\/categories?post=202123"},{"taxonomy":"post_tag","embeddable":true,"href":"https:\/\/www.europesays.com\/cz\/wp-json\/wp\/v2\/tags?post=202123"}],"curies":[{"name":"wp","href":"https:\/\/api.w.org\/{rel}","templated":true}]}}