{"id":202141,"date":"2026-09-04T00:35:20","date_gmt":"2026-09-04T00:35:20","guid":{"rendered":"https:\/\/www.europesays.com\/cz\/202141\/"},"modified":"2026-09-04T00:35:20","modified_gmt":"2026-09-04T00:35:20","slug":"praha-pozar-v-onkologickem-centru-evakuovali-20-lidi","status":"publish","type":"post","link":"https:\/\/www.europesays.com\/cz\/202141\/","title":{"rendered":"Praha: Po\u017e\u00e1r v onkologick\u00e9m centru, evakuovali 20 lid\u00ed"},"content":{"rendered":"<p>K po\u017e\u00e1ru v Roentgenov\u011b ulici hasi\u010di vyj\u00ed\u017ed\u011bli p\u0159ed 18:00. Kv\u016fli v\u011bt\u0161\u00edmu po\u010dtu zasahuj\u00edc\u00edch jednotek vyhl\u00e1sili podle \u0158ez\u00e1\u010de druh\u00fd stupe\u0148 po\u017e\u00e1rn\u00edho poplachu ze \u010dty\u0159. Na m\u00edsto p\u0159istavili tak\u00e9 evakua\u010dn\u00ed autobus. Z\u00e1chran\u00e1\u0159i na m\u00edsto vyslali podle Po\u0161tov\u00e9 mimo jin\u00e9 i speci\u00e1ln\u00ed evakua\u010dn\u00ed v\u016fz F\u00e9nix, kter\u00fd dok\u00e1\u017ee p\u0159epravit a\u017e 12 le\u017e\u00edc\u00edch pacient\u016f.<\/p>\n<p>    <a aria-label=\"No\u010dn\u00ed h\u00e1dka skon\u010dila vra\u017edou! Mu\u017e v Hloub\u011bt\u00edn\u011b bodl partnerku, v nemocnici zem\u0159ela\" title=\"No\u010dn\u00ed h\u00e1dka skon\u010dila vra\u017edou! Mu\u017e v Hloub\u011bt\u00edn\u011b bodl partnerku, v nemocnici zem\u0159ela\" href=\"https:\/\/www.blesk.cz\/clanek\/regiony-praha-praha-krimi\/847453\/nocni-hadka-skoncila-vrazdou-muz-v-hloubetine-bodl-partnerku-v-nemocnici-zemrela.html\" class=\"article-card article-card--type-1 artobj\" data-track-click=\"{&quot;clickTo&quot;:&quot;button&quot;,&quot;link&quot;:{&quot;type&quot;:&quot;article-card&quot;,&quot;text&quot;:&quot;No\u010dn\u00ed h\u00e1dka skon\u010dila vra\u017edou! Mu\u017e v Hloub\u011bt\u00edn\u011b bodl partnerku, v nemocnici zem\u0159ela&quot;,&quot;url&quot;:&quot;https:\/\/www.blesk.cz\/clanek\/regiony-praha-praha-krimi\/847453\/nocni-hadka-skoncila-vrazdou-muz-v-hloubetine-bodl-partnerku-v-nemocnici-zemrela.html&quot;,&quot;location&quot;:&quot;page&quot;}}\" data-track-element-id=\"artobject-article-link-0-847453\" data-track-list=\"{\" item=\"\" h=\"\" skon=\"\" vra=\"\" mu=\"\" v=\"\" hloub=\"\" bodl=\"\" partnerku=\"\" nemocnici=\"\" zem=\"\" rel=\"nofollow noopener\" target=\"_blank\"><\/p>\n<p>\t<img decoding=\"async\" src=\"https:\/\/www.europesays.com\/cz\/wp-content\/uploads\/2026\/09\/1788482120_198_9956495.jpg\" alt=\"Vra\u017eda ve Sl\u00e9va\u010dsk\u00e9 ulici, 3. z\u00e1\u0159\u00ed 2026\" title=\"\" width=\"238\" height=\"158,67\" class=\"\" style=\"aspect-ratio: 238 \/ 158,67\" loading=\"lazy\"\/><\/p>\n<p>    No\u010dn\u00ed h\u00e1dka skon\u010dila vra\u017edou! Mu\u017e v Hloub\u011bt\u00edn\u011b bodl partnerku, v nemocnici zem\u0159ela<\/p>\n<p>    <\/a><\/p>\n<p>Po\u0161tov\u00e1 \u0159ekla, \u017ee nikdo z evakuovan\u00fdch neutrp\u011bl zran\u011bn\u00ed v souvislosti s po\u017e\u00e1rem. Proto\u017ee se v\u0161ak jednalo z v\u011bt\u0161\u00ed \u010d\u00e1sti o pacienty nemocnice, museli b\u00fdt p\u0159evezeni sanitkami do jin\u00e9ho zdravotnick\u00e9ho za\u0159\u00edzen\u00ed.<\/p>\n<p>Kolem 18:30 hasi\u010di ozn\u00e1mili na s\u00edti\u00a0<a href=\"https:\/\/x.com\/HasiciPraha\/status\/2095549048077852899\" target=\"_blank\" rel=\"noopener nofollow\">X<\/a>, \u017ee plameny uhasili. \u201eD\u00e1le prov\u00e1d\u00edme rozeb\u00edr\u00e1n\u00ed plechov\u00e9ho opl\u00e1\u0161t\u011bn\u00ed a vyhled\u00e1v\u00e1n\u00ed skryt\u00fdch ohnisek,\u201c doplnili.<\/p>\n<p>          <a class=\"galleryNext\" href=\"https:\/\/www.blesk.cz\/galerie\/regiony-praha-praha-zpravy\/1497210\/v-narodnim-onkologickem-centru-zacalo-horet-hasici-evakuovali-20-lidi?foto=2\" rel=\"nofollow noopener\" target=\"_blank\"><\/p>\n<p>          <\/a><br \/>\n          <a href=\"https:\/\/www.blesk.cz\/galerie\/regiony-praha-praha-zpravy\/1497210\/v-narodnim-onkologickem-centru-zacalo-horet-hasici-evakuovali-20-lidi?foto=1\" class=\"photoIn\" rel=\"nofollow noopener\" target=\"_blank\"><br \/>\n            <img decoding=\"async\" src=\"https:\/\/www.europesays.com\/cz\/wp-content\/uploads\/2026\/09\/9957473.jpg\" title=\"V N\u00e1rodn\u00edm onkologick\u00e9m centru za\u010dalo ho\u0159et! Hasi\u010di evakuovali 14 lid\u00ed\" alt=\"V N\u00e1rodn\u00edm onkologick\u00e9m centru za\u010dalo ho\u0159et! Hasi\u010di evakuovali 14 lid\u00ed\" width=\"520\" loading=\"lazy\"\/><br \/>\n          <\/a><\/p>\n<p>V N\u00e1rodn\u00edm onkologick\u00e9m centru za\u010dalo ho\u0159et! Hasi\u010di evakuovali 14 lid\u00ed<\/p>\n<p>Autor:\u00a0Aktu.cz<\/p>\n","protected":false},"excerpt":{"rendered":"K po\u017e\u00e1ru v Roentgenov\u011b ulici hasi\u010di vyj\u00ed\u017ed\u011bli p\u0159ed 18:00. Kv\u016fli v\u011bt\u0161\u00edmu po\u010dtu zasahuj\u00edc\u00edch jednotek vyhl\u00e1sili podle \u0158ez\u00e1\u010de druh\u00fd&hellip;\n","protected":false},"author":2,"featured_media":202142,"comment_status":"","ping_status":"","sticky":false,"template":"","format":"standard","meta":{"footnotes":"","_share_on_mastodon":"0"},"categories":[30],"tags":[31189,4908,735,98,99,537,23642],"class_list":["post-202141","post","type-post","status-publish","format-standard","has-post-thumbnail","category-praha","tag-fakultni-nemocnice-motol-a-homolka","tag-pacient","tag-pozar","tag-prague","tag-praha","tag-x","tag-zdravotnicka-zachranna-sluzba"],"share_on_mastodon":{"url":"https:\/\/pubeurope.com\/@cz\/117209971161085568","error":""},"_links":{"self":[{"href":"https:\/\/www.europesays.com\/cz\/wp-json\/wp\/v2\/posts\/202141","targetHints":{"allow":["GET"]}}],"collection":[{"href":"https:\/\/www.europesays.com\/cz\/wp-json\/wp\/v2\/posts"}],"about":[{"href":"https:\/\/www.europesays.com\/cz\/wp-json\/wp\/v2\/types\/post"}],"author":[{"embeddable":true,"href":"https:\/\/www.europesays.com\/cz\/wp-json\/wp\/v2\/users\/2"}],"replies":[{"embeddable":true,"href":"https:\/\/www.europesays.com\/cz\/wp-json\/wp\/v2\/comments?post=202141"}],"version-history":[{"count":0,"href":"https:\/\/www.europesays.com\/cz\/wp-json\/wp\/v2\/posts\/202141\/revisions"}],"wp:featuredmedia":[{"embeddable":true,"href":"https:\/\/www.europesays.com\/cz\/wp-json\/wp\/v2\/media\/202142"}],"wp:attachment":[{"href":"https:\/\/www.europesays.com\/cz\/wp-json\/wp\/v2\/media?parent=202141"}],"wp:term":[{"taxonomy":"category","embeddable":true,"href":"https:\/\/www.europesays.com\/cz\/wp-json\/wp\/v2\/categories?post=202141"},{"taxonomy":"post_tag","embeddable":true,"href":"https:\/\/www.europesays.com\/cz\/wp-json\/wp\/v2\/tags?post=202141"}],"curies":[{"name":"wp","href":"https:\/\/api.w.org\/{rel}","templated":true}]}}