{"id":202145,"date":"2026-09-04T00:45:54","date_gmt":"2026-09-04T00:45:54","guid":{"rendered":"https:\/\/www.europesays.com\/cz\/202145\/"},"modified":"2026-09-04T00:45:54","modified_gmt":"2026-09-04T00:45:54","slug":"prazske-hasice-zamestnal-pozar-auta-v-garazi-v-dablicich-zachranili-osobu-a-psa-pozary-cz-ohnisko-zhavych-zprav","status":"publish","type":"post","link":"https:\/\/www.europesays.com\/cz\/202145\/","title":{"rendered":"Pra\u017esk\u00e9 hasi\u010de zam\u011bstnal po\u017e\u00e1r auta v\u00a0gar\u00e1\u017e\u00ed v\u00a0\u010e\u00e1blic\u00edch, zachr\u00e1nili osobu a\u00a0psa | PO\u017d\u00c1RY.cz &#8211; ohnisko \u017ehav\u00fdch zpr\u00e1v"},"content":{"rendered":"<p>   Pra\u017esk\u00e9 hasi\u010de zam\u011bstnal po\u017e\u00e1r auta v\u00a0gar\u00e1\u017e\u00ed v\u00a0\u010e\u00e1blic\u00edch, zachr\u00e1nili osobu a\u00a0psa | PO\u017d\u00c1RY.cz &#8211; ohnisko \u017ehav\u00fdch zpr\u00e1v | hasi\u010di aktu\u00e1ln\u011b                                 <\/p>\n<p> P\u00e1tek 4. z\u00e1\u0159\u00ed 2026, od 07:00 bude slou\u017eit sm\u011bna C. Jak pozn\u00e1te hasi\u010de v prchaj\u00edc\u00edm davu? Jde opa\u010dn\u00fdm sm\u011brem. <\/p>\n<p>     <a href=\"https:\/\/www.holik-international.cz\/produkty\/hasici-obuv\/\" target=\"_blank\" rel=\"nofollow noopener\"><img decoding=\"async\" src=\"https:\/\/www.europesays.com\/cz\/wp-content\/uploads\/2026\/09\/holik970.jpg\" alt=\"\"\/><\/a>     <a id=\"web-logo\" href=\"https:\/\/www.pozary.cz\" rel=\"nofollow noopener\" target=\"_blank\">    Vyberte kraj Hlavn\u00ed m\u011bsto Praha Jiho\u010desk\u00fd kraj Jihomoravsk\u00fd kraj Karlovarsk\u00fd kraj Kr\u00e1lov\u00e9hradeck\u00fd kraj Libereck\u00fd kraj Moravskoslezsk\u00fd kraj Olomouck\u00fd kraj Pardubick\u00fd kraj Plze\u0148sk\u00fd kraj St\u0159edo\u010desk\u00fd kraj \u00dasteck\u00fd kraj Vyso\u010dina Zl\u00ednsk\u00fd kraj             <a href=\"\" target=\"_blank\"><img decoding=\"async\" src=\"https:\/\/www.europesays.com\/cz\/wp-content\/uploads\/2026\/09\/scania970.jpg\" alt=\"\"\/><\/a>       <\/p>\n<p>pozary@pozary.cz<br \/>e-mail doraz\u00ed v\u0161em redaktor\u016fm<\/p>\n<p>SMS: 776 580 751<br \/>netelefonujte, SMSkujte, odpov\u00edme<\/p>\n<p> PO\u017d\u00c1RY.cz | www.pozary.cz | I\u010c: 22908277 <\/p>\n","protected":false},"excerpt":{"rendered":"Pra\u017esk\u00e9 hasi\u010de zam\u011bstnal po\u017e\u00e1r auta v\u00a0gar\u00e1\u017e\u00ed v\u00a0\u010e\u00e1blic\u00edch, zachr\u00e1nili osobu a\u00a0psa | PO\u017d\u00c1RY.cz &#8211; ohnisko \u017ehav\u00fdch zpr\u00e1v | hasi\u010di&hellip;\n","protected":false},"author":2,"featured_media":202146,"comment_status":"","ping_status":"","sticky":false,"template":"","format":"standard","meta":{"footnotes":"","_share_on_mastodon":"0"},"categories":[30],"tags":[98,99],"class_list":["post-202145","post","type-post","status-publish","format-standard","has-post-thumbnail","category-praha","tag-prague","tag-praha"],"share_on_mastodon":{"url":"https:\/\/pubeurope.com\/@cz\/117210014595414721","error":""},"_links":{"self":[{"href":"https:\/\/www.europesays.com\/cz\/wp-json\/wp\/v2\/posts\/202145","targetHints":{"allow":["GET"]}}],"collection":[{"href":"https:\/\/www.europesays.com\/cz\/wp-json\/wp\/v2\/posts"}],"about":[{"href":"https:\/\/www.europesays.com\/cz\/wp-json\/wp\/v2\/types\/post"}],"author":[{"embeddable":true,"href":"https:\/\/www.europesays.com\/cz\/wp-json\/wp\/v2\/users\/2"}],"replies":[{"embeddable":true,"href":"https:\/\/www.europesays.com\/cz\/wp-json\/wp\/v2\/comments?post=202145"}],"version-history":[{"count":0,"href":"https:\/\/www.europesays.com\/cz\/wp-json\/wp\/v2\/posts\/202145\/revisions"}],"wp:featuredmedia":[{"embeddable":true,"href":"https:\/\/www.europesays.com\/cz\/wp-json\/wp\/v2\/media\/202146"}],"wp:attachment":[{"href":"https:\/\/www.europesays.com\/cz\/wp-json\/wp\/v2\/media?parent=202145"}],"wp:term":[{"taxonomy":"category","embeddable":true,"href":"https:\/\/www.europesays.com\/cz\/wp-json\/wp\/v2\/categories?post=202145"},{"taxonomy":"post_tag","embeddable":true,"href":"https:\/\/www.europesays.com\/cz\/wp-json\/wp\/v2\/tags?post=202145"}],"curies":[{"name":"wp","href":"https:\/\/api.w.org\/{rel}","templated":true}]}}