{"id":202149,"date":"2026-09-04T02:17:14","date_gmt":"2026-09-04T02:17:14","guid":{"rendered":"https:\/\/www.europesays.com\/cz\/202149\/"},"modified":"2026-09-04T02:17:14","modified_gmt":"2026-09-04T02:17:14","slug":"nemecka-policie-vysetruje-dalsi-pripad-utoku-na-elektrickou-stanici","status":"publish","type":"post","link":"https:\/\/www.europesays.com\/cz\/202149\/","title":{"rendered":"N\u011bmeck\u00e1 policie vy\u0161et\u0159uje dal\u0161\u00ed p\u0159\u00edpad \u00fatoku na elektrickou stanici"},"content":{"rendered":"<p class=\"c_bB\">Nejnov\u011bj\u0161\u00ed incident se stal v\u00a0Dormagenu mezi Kol\u00ednem nad R\u00fdnem a\u00a0D\u00fcsseldorfem. Na podez\u0159el\u00fd p\u0159edm\u011bt, kter\u00fd policie ve \u010dtvrtek ozna\u010dila za mo\u017en\u00e9 odpalovac\u00ed za\u0159\u00edzen\u00ed, upozornil kolemjdouc\u00ed.<\/p>\n<p class=\"c_bB\">Z\u00e1sobov\u00e1n\u00ed elektrickou energi\u00ed naru\u0161eno nebylo, ohl\u00e1\u0161eny nebyly ani \u017e\u00e1dn\u00e9 \u0161kody.<\/p>\n<p class=\"c_bB\">V \u00fater\u00fd se c\u00edlem sabot\u00e1\u017ee stala rozvodna v\u00a0Bergheimu nedaleko Kol\u00edna nad R\u00fdnem, kde policie nalezla odpalovac\u00ed za\u0159\u00edzen\u00ed a\u00a0pyrotechniku. C\u00edlem \u00fatoku se v\u00a0\u00fater\u00fd stala i\u00a0rozvodna pobl\u00ed\u017e elektr\u00e1rny J\u00e4nschewalde v\u00a0Braniborsku, na kterou pachatel \u010di pachatel\u00e9 za\u00fato\u010dili objekty dom\u00e1c\u00ed v\u00fdroby, kter\u00e9 se podobaly silvestrovsk\u00fdm raket\u00e1m.<\/p>\n<p class=\"c_bB\">Vy\u0161et\u0159ovatel\u00e9 doposud na\u0161li v\u00edce ne\u017e des\u00edtku takov\u00fdch objekt\u016f.<\/p>\n<p><a data-dot=\"atm-link\" target=\"_self\" href=\"https:\/\/www.novinky.cz\/clanek\/zahranicni-evropa-policie-v-braniborsku-proveruje-dopis-v-nemz-se-kdosi-hlasi-k-utoku-na-rozvodnu-40595973\" class=\"c_I\" rel=\"nofollow noopener\"><img fetchpriority=\"high\" height=\"1012\" width=\"1800\" src=\"https:\/\/www.europesays.com\/cz\/wp-content\/uploads\/2026\/09\/1788488234_411_bergheim-nemecko-rozvodna.jpeg\" loading=\"eager\" decoding=\"sync\" class=\"c_t c_r\"\/><\/a><\/p>\n","protected":false},"excerpt":{"rendered":"Nejnov\u011bj\u0161\u00ed incident se stal v\u00a0Dormagenu mezi Kol\u00ednem nad R\u00fdnem a\u00a0D\u00fcsseldorfem. Na podez\u0159el\u00fd p\u0159edm\u011bt, kter\u00fd policie ve \u010dtvrtek ozna\u010dila&hellip;\n","protected":false},"author":2,"featured_media":202150,"comment_status":"","ping_status":"","sticky":false,"template":"","format":"standard","meta":{"footnotes":"","_share_on_mastodon":"0"},"categories":[3],"tags":[7893,109,108,106,375,325,45718,17678],"class_list":["post-202149","post","type-post","status-publish","format-standard","has-post-thumbnail","category-evropa","tag-elektrarna","tag-europa","tag-europe","tag-evropa","tag-nemecko","tag-policie","tag-rozvodna","tag-sabotaz"],"share_on_mastodon":{"url":"https:\/\/pubeurope.com\/@cz\/117210372383307314","error":""},"_links":{"self":[{"href":"https:\/\/www.europesays.com\/cz\/wp-json\/wp\/v2\/posts\/202149","targetHints":{"allow":["GET"]}}],"collection":[{"href":"https:\/\/www.europesays.com\/cz\/wp-json\/wp\/v2\/posts"}],"about":[{"href":"https:\/\/www.europesays.com\/cz\/wp-json\/wp\/v2\/types\/post"}],"author":[{"embeddable":true,"href":"https:\/\/www.europesays.com\/cz\/wp-json\/wp\/v2\/users\/2"}],"replies":[{"embeddable":true,"href":"https:\/\/www.europesays.com\/cz\/wp-json\/wp\/v2\/comments?post=202149"}],"version-history":[{"count":0,"href":"https:\/\/www.europesays.com\/cz\/wp-json\/wp\/v2\/posts\/202149\/revisions"}],"wp:featuredmedia":[{"embeddable":true,"href":"https:\/\/www.europesays.com\/cz\/wp-json\/wp\/v2\/media\/202150"}],"wp:attachment":[{"href":"https:\/\/www.europesays.com\/cz\/wp-json\/wp\/v2\/media?parent=202149"}],"wp:term":[{"taxonomy":"category","embeddable":true,"href":"https:\/\/www.europesays.com\/cz\/wp-json\/wp\/v2\/categories?post=202149"},{"taxonomy":"post_tag","embeddable":true,"href":"https:\/\/www.europesays.com\/cz\/wp-json\/wp\/v2\/tags?post=202149"}],"curies":[{"name":"wp","href":"https:\/\/api.w.org\/{rel}","templated":true}]}}