{"id":202165,"date":"2026-09-04T03:30:16","date_gmt":"2026-09-04T03:30:16","guid":{"rendered":"https:\/\/www.europesays.com\/cz\/202165\/"},"modified":"2026-09-04T03:30:16","modified_gmt":"2026-09-04T03:30:16","slug":"prehled-dopravnich-opatreni-birell-grand-prix-praha-2026","status":"publish","type":"post","link":"https:\/\/www.europesays.com\/cz\/202165\/","title":{"rendered":"P\u0159ehled dopravn\u00edch opat\u0159en\u00ed &#8211; Birell Grand Prix Praha 2026"},"content":{"rendered":"<p>V\u00e1\u017een\u00ed obyvatel\u00e9, v\u00e1\u017een\u00ed n\u00e1v\u0161t\u011bvn\u00edci,<\/p>\n<p>ulice Prahy 1 se i\u00a0letos stanou d\u011bji\u0161t\u011bm Birell Grand Prix Praha, jednoho z\u00a0nejv\u00fdrazn\u011bj\u0161\u00edch b\u011b\u017eeck\u00fdch ve\u010der\u016f v\u00a0centru metropole. Z\u00e1vod p\u0159ivede do na\u0161eho m\u011bsta tis\u00edce b\u011b\u017ec\u016f a\u00a0fanou\u0161k\u016f a\u00a0nab\u00eddne jim jedine\u010dnou atmosf\u00e9ru historick\u00e9ho centra. Takto v\u00fdznamn\u00e1 sportovn\u00ed akce se v\u0161ak neobejde bez do\u010dasn\u00fdch dopravn\u00edch omezen\u00ed. Pros\u00edm proto v\u0161echny obyvatele, \u0159idi\u010de i\u00a0n\u00e1v\u0161t\u011bvn\u00edky, aby v\u011bnovali pozornost informac\u00edm v\u00a0tomto let\u00e1ku a\u00a0sv\u00e9 cesty pl\u00e1novali s\u00a0dostate\u010dn\u00fdm p\u0159edstihem. D\u011bkuji za trp\u011blivost, ohleduplnost a\u00a0respektov\u00e1n\u00ed pokyn\u016f organiz\u00e1tor\u016f i\u00a0slo\u017eek, kter\u00e9 budou dopravu v\u00a0pr\u016fb\u011bhu z\u00e1vodu \u0159\u00eddit. V\u011b\u0159\u00edm, \u017ee Birell Grand Prix Praha 2026 znovu uk\u00e1\u017ee Prahu 1 jako \u017eiv\u00e9, otev\u0159en\u00e9 a\u00a0p\u0159\u00edv\u011btiv\u00e9 m\u00edsto, kter\u00e9 um\u00ed hostit v\u00fdznamn\u00e9 mezin\u00e1rodn\u00ed ud\u00e1losti a\u00a0sou\u010dasn\u011b bere ohled na sv\u00e9 obyvatele. P\u0159eji v\u0161em z\u00e1vodn\u00edk\u016fm mnoho sil a\u00a0div\u00e1k\u016fm p\u0159\u00edjemn\u00fd sportovn\u00ed z\u00e1\u017eitek.<\/p>\n<p class=\"has-text-align-right\">\u2013 Mgr. Terezie Radom\u011b\u0159sk\u00e1, starostka M\u011bstsk\u00e9 \u010d\u00e1sti Praha 1<\/p>\n<p>Unik\u00e1tn\u00ed ve\u010dern\u00ed b\u011b\u017eeck\u00fd z\u00e1vod Birell Grand Prix Praha je zn\u00e1m\u00fd svou v\u00fdjime\u010dnou atmosf\u00e9rou a\u00a0trasou. Ani leto\u0161n\u00ed, ji\u017e 29.\u00a0ro\u010dn\u00edk, nebude v\u00fdjimkou. Program zah\u00e1j\u00ed podve\u010dern\u00ed b\u011bh na 5 km ur\u010den\u00fd v\u00fdhradn\u011b \u017een\u00e1m. Na start hlavn\u00edho z\u00e1vodu na 10 km se za soumraku krom\u011b tis\u00edc\u016f sportovn\u00edch nad\u0161enc\u016f z\u00a0des\u00edtek zem\u00ed cel\u00e9ho sv\u011bta postav\u00ed i\u00a0nejlep\u0161\u00ed sv\u011btov\u00ed elitn\u00ed atleti. Na obou akc\u00edch o\u010dek\u00e1v\u00e1me 13\u00a0000 aktivn\u00edch \u00fa\u010dastn\u00edk\u016f. Trasa vede od Obecn\u00edho domu na druh\u00fd b\u0159eh Vltavy a\u00a0vine se po n\u00e1b\u0159e\u017e\u00edch \u0159eky, d\u00edky \u010demu\u017e nab\u00edz\u00ed kr\u00e1sn\u00e9 v\u00fdhledy na n\u011bkter\u00e1 z\u00a0nejp\u016fsobiv\u011bj\u0161\u00edch m\u00edst Prahy, v\u010detn\u011b Pra\u017esk\u00e9ho hradu. Z\u00e1vod s\u00a0sebou p\u0159in\u00e1\u0161\u00ed ur\u010dit\u00e1 dopravn\u00ed omezen\u00ed, kter\u00e1 se sna\u017e\u00edme minimalizovat na jen zcela nezbytn\u011b dlouhou dobu. Kompletn\u00ed informace najdete v\u00a0t\u00e9to bro\u017eu\u0159e. Velmi r\u00e1di v\u00e1s na Birell Grand Prix p\u0159iv\u00edt\u00e1me \u2013 a\u0165 u\u017e ve startovn\u00edm poli, nebo v\u00a0roli fanou\u0161k\u016f a\u00a0div\u00e1k\u016f. D\u011bkujeme za va\u0161i toleranci, vst\u0159\u00edcnost a\u00a0p\u0159\u00edze\u0148.<\/p>\n<p class=\"has-text-align-right\">\u2013 po\u0159adatel\u00e9 Birell Grand Prix Praha<\/p>\n<p>&#13;<br \/>\n&#13;<br \/>\n&#13;<br \/>\n    &#13;<br \/>\n&#13;<br \/>\n    &#13;<\/p>\n<p>Dopravn\u00ed p\u0159ehled opat\u0159en\u00ed<\/p>\n<p>&#13;<br \/>\n&#13;<br \/>\n&#13;<br \/>\n    &#13;<br \/>\n&#13;<br \/>\n    &#13;<\/p>\n<p>DOPRAVN\u00cd OPAT\u0158EN\u00cd V\u00a0SOBOTU 5. Z\u00c1\u0158\u00cd 2026<\/p>\n<p>Ve\u0161ker\u00e1 dopravn\u00ed opat\u0159en\u00ed jsou platn\u00e1 pro akci Birell Grand Prix Praha, jeho\u017e sou\u010d\u00e1st\u00ed jsou tyto z\u00e1vody:<\/p>\n<p>adidas B\u011bh pro \u017eeny 5 km (start 18:00) a\u00a0Birell ve\u010dern\u00ed b\u011bh na 10 km (start 19:30). Uzav\u00edrky se budou postupn\u011b ru\u0161it po prob\u011bhnut\u00ed posledn\u00edho b\u011b\u017ece v\u00a0co nejkrat\u0161\u00ed mo\u017en\u00e9 dob\u011b.<\/p>\n<p>&#13;<br \/>\n&#13;<br \/>\n&#13;<br \/>\n    &#13;<br \/>\n&#13;<br \/>\n    &#13;<\/p>\n<p>Bezplatn\u00e1 dopravn\u011b-informa\u010dn\u00ed linka<\/p>\n<p>K dispozici je v\u00e1m bezplatn\u00e1 informa\u010dn\u00ed linka pro dotazy v\u00a0souvislosti s\u00a0dopravn\u00edm omezen\u00edm.<\/p>\n<p>pond\u011bl\u00ed a\u017e P\u00e1tek 31.\u00a08. \u2013 4.\u00a09. (9:00\u201318:00) SOBOTA 5.\u00a09. (9:00\u201321:00)<\/p>\n<p>800\u00a0165\u00a0102<\/p>\n<p>&#13;<br \/>\n&#13;<br \/>\n&#13;<br \/>\n    &#13;<br \/>\n&#13;<br \/>\n    &#13;<\/p>\n<p>P\u0158EDPOKL\u00c1DAN\u00c9 \u00daPLN\u00c9 UZAV\u00cdRKY KOMUNIKAC\u00cd<\/p>\n<p>Uveden\u00e9 \u010dasy jsou p\u0159ibli\u017en\u00e9 a\u00a0mohou se m\u011bnit podle aktu\u00e1ln\u00ed situace, dopravu \u0159\u00edd\u00ed Policie \u010cR ve spolupr\u00e1ci s\u00a0MP<\/p>\n<p>V\u00e1clavsk\u00e9 n\u00e1m\u011bst\u00ed (doln\u00ed polovina) 16:30\u201322:00<\/p>\n<p>Na P\u0159\u00edkop\u011b 16:30\u201322:00 <\/p>\n<p>n\u00e1m\u011bst\u00ed Republiky 16:30\u201322:00 <\/p>\n<p>Revolu\u010dn\u00ed  17:30\u201321:00 <\/p>\n<p>n\u00e1b\u0159e\u017e\u00ed Edvarda Bene\u0161e  17:30\u201321:00 <\/p>\n<p>\u0160tef\u00e1nik\u016fv most 17:30\u201321:00 <\/p>\n<p>Letensk\u00fd tunel 17:30\u201321:00 <\/p>\n<p>\u010cech\u016fv most 17:30\u201321:00<\/p>\n<p>n\u00e1b\u0159e\u017e\u00ed Kpt. Jaro\u0161e do centra 17:30\u201321:00 <\/p>\n<p>Rohansk\u00e9 n\u00e1b\u0159e\u017e\u00ed z\u00a0centra 19:20\u201320:15 <\/p>\n<p>Rohansk\u00e9 n\u00e1b\u0159e\u017e\u00ed do centra 19:20\u201320:45<\/p>\n<p>Dvo\u0159\u00e1kovo n\u00e1b\u0159e\u017e\u00ed z\u00a0centra 19:20\u201319:50 <\/p>\n<p>Dvo\u0159\u00e1kovo n\u00e1b\u0159e\u017e\u00ed do centra 19:20\u201320:50 <\/p>\n<p>n\u00e1b\u0159e\u017e\u00ed Ludv\u00edka Svobody z\u00a0centra 19:20\u201319:50 <\/p>\n<p>n\u00e1b\u0159e\u017e\u00ed Ludv\u00edka Svobody do centra 19:20\u201320:45 <\/p>\n<p>T\u011b\u0161novsk\u00fd tunel z\u00a0centra 19:20\u201319:45 <\/p>\n<p>T\u011b\u0161novsk\u00fd tunel do centra 19:20\u201320:45 <\/p>\n<p>Lannova 19:20\u201319:50 <\/p>\n<p>Nov\u00e9 ml\u00fdny 19:20\u201319:50<\/p>\n<p>&#13;<br \/>\n&#13;<br \/>\n&#13;<br \/>\n    &#13;<br \/>\n&#13;<br \/>\n    &#13;<\/p>\n<p>POZOR NA LOKALITY SE Z\u00c1KAZEM ZASTAVEN\u00cd DNE 4. &amp; 5.\u00a09.\u00a02026!<\/p>\n<p>Dovolte, abychom v\u00e1s upozornili, \u017ee z\u00e1kaz zastaven\u00ed se vztahuje na celou trasu z\u00e1vodu. Pros\u00edme, p\u0159eparkujte sv\u00e9 vozidlo s\u00a0dostate\u010dn\u00fdm p\u0159edstihem, p\u0159edejdete tak zbyte\u010dn\u00fdm nep\u0159\u00edjemnostem spojen\u00fdm s\u00a0odtahem vozidla. D\u011bkujeme za pochopen\u00ed a\u00a0ohleduplnost.<\/p>\n<p>Z\u00c1KAZ ZASTAVEN\u00cd PLAT\u00cd:<\/p>\n<p>N\u00e1m\u011bst\u00ed Republiky (Prostor mezi Obecn\u00edm domem a\u00a0Divadlem Hybernia), ulice Hybernsk\u00e1 a\u00a0Na P\u0159\u00edkop\u011b: od 4.\u00a09.\u00a018:00 do 5.\u00a09.\u00a024:00. Ulice Revolu\u010dn\u00ed: od 5.\u00a09.\u00a000:01 do 23:00.<\/p>\n<p>OSTATN\u00cd OMEZEN\u00cd PARKOV\u00c1N\u00cd \u2013 pouze dne 5.\u00a09.\u00a0v\u00a0\u010dase 12:00\u201322:00 T\u00fdk\u00e1 se t\u011bchto lokalit: N\u00e1b\u0159e\u017e\u00ed Edvarda Bene\u0161e, N\u00e1b\u0159e\u017e\u00ed kapit\u00e1na Jaro\u0161e (v\u00a0\u00faseku \u0160tef\u00e1nik\u016fv most \u2013 ul. Dukelsk\u00fdch hrdin\u016f), Dvo\u0159\u00e1kovo n\u00e1b\u0159e\u017e\u00ed (ve sm\u011bru do centra), Rohansk\u00e9 n\u00e1b\u0159e\u017e\u00ed, podjezdy \u010cechova mostu a\u00a0\u0160tef\u00e1nikova mostu.<\/p>\n<p>&#13;<br \/>\n&#13;<br \/>\n&#13;<br \/>\n    &#13;<br \/>\n&#13;<br \/>\n    &#13;<\/p>\n<p>JAK POSTUPOVAT V\u00a0P\u0158\u00cdPAD\u011a, \u017dE VA\u0160E VOZIDLO BYLO ODTA\u017dENO<\/p>\n<p>V\u011b\u0159\u00edme, \u017ee takov\u00e1to situace nenastane. Pokud by k\u00a0odtahu do\u0161lo, na internetov\u00e9 str\u00e1nce www.sshmp.cz zjist\u00edte po zad\u00e1n\u00ed va\u0161\u00ed registra\u010dn\u00ed zna\u010dky, na jak\u00e9m odtahov\u00e9m parkovi\u0161ti se va\u0161e auto nach\u00e1z\u00ed. P\u0159\u00edpadn\u011b zavolejte na telefonn\u00ed \u010d\u00edslo M\u011bstsk\u00e9 policie Praha linka 156. N\u00e1sledn\u011b nav\u0161tivte odtahov\u00e9 parkovi\u0161t\u011b a\u00a0d\u00e1le postupujte podle pokyn\u016f pracovn\u00edk\u016f Spr\u00e1vy slu\u017eeb hl. m. Prahy.<\/p>\n<p>V\u00ddLUKA MHD<\/p>\n<p>S ohledem na zm\u011bny v\u00a0povrchov\u00e9 doprav\u011b doporu\u010dujeme v\u00a0centru m\u011bsta vyu\u017e\u00edvat zejm\u00e9na linek metra. Informace o\u00a0zm\u011bn\u00e1ch MHD naleznete i\u00a0na www.dpp.cz.<\/p>\n<p>&#13;<br \/>\n&#13;<br \/>\n&#13;<br \/>\n    &#13;<br \/>\n&#13;<br \/>\n    &#13;<\/p>\n<p>MO\u017dNOSTI VJEZDU A\u00a0V\u00ddJEZDU Z\u00a0NEBO DO OBLASTI PRAHY 1<\/p>\n<p>NEOMEZEN\u00dd VJEZD\/V\u00ddJEZD PO CELOU DOBU Z\u00c1VODU Z\/DO T\u011aCHTO ULIC:<br \/>Hl\u00e1vk\u016fv most a\u00a0magistr\u00e1la, Hybernsk\u00e1, M\u00e1nes\u016fv most, Pa\u0159\u00ed\u017esk\u00e1, prav\u00e9 n\u00e1b\u0159e\u017e\u00ed Vltavy v\u00a0cel\u00e9 d\u00e9lce (K\u0159i\u017eovnick\u00e1, 17.\u00a0listopadu) bez mo\u017enosti odbo\u010den\u00ed na \u010cech\u016fv a\u00a0\u0160tef\u00e1nik\u016fv most, Dvo\u0159\u00e1kovo n\u00e1b\u0159e\u017e\u00ed a\u00a0n\u00e1b\u0159e\u017e\u00ed Ludv\u00edka Svobody.<\/p>\n<p><img fetchpriority=\"high\" decoding=\"async\" width=\"1024\" height=\"722\" data-wp-class--hide=\"state.isContentHidden\" data-wp-class--show=\"state.isContentVisible\" data-wp-init=\"callbacks.setButtonStyles\" data-wp-on-async--click=\"actions.showLightbox\" data-wp-on-async--load=\"callbacks.setButtonStyles\" data-wp-on-async-window--resize=\"callbacks.setButtonStyles\" src=\"https:\/\/www.europesays.com\/cz\/wp-content\/uploads\/2026\/09\/GP26_dopravni_opatreni-4-1024x722.jpg\" alt=\"\" class=\"wp-image-24580\" style=\"width:750px\"  \/><\/p>\n<p>&#13;<br \/>\n&#13;<br \/>\n&#13;<br \/>\n    &#13;<br \/>\n&#13;<br \/>\n    &#13;<\/p>\n<p>OMEZEN\u00dd POHYB VOZIDEL V\u00a0CENTRU PO DOBU Z\u00c1VODU V\u00a0SOBOTU 5.\u00a09.\u00a02026<\/p>\n<p>1.\u00a0lokalita Na P\u0159\u00edkop\u011b (16:30\u201322:00) \u2013 nen\u00ed vjezd ani v\u00fdjezd<\/p>\n<p>2.\u00a0lokalita n\u00e1m\u011bst\u00ed Republiky \u2013 nen\u00ed mo\u017en\u00fd pr\u016fjezd do ulic Kr\u00e1lodvorsk\u00e1 a\u00a0Truhl\u00e1\u0159sk\u00e1 (17:30\u201321:00) a p\u0159ejezd z\u00a0Celetn\u00e9 do Hybernsk\u00e9 (16:30\u201321:15)<\/p>\n<p>3.\u00a0lokalita Revolu\u010dn\u00ed<\/p>\n<p>\u2022 vesm\u011brun\u00e1m.Republiky\u2013poceloudobumo\u017en\u00fdpouzevjezddopodzemn\u00edchgar\u00e1\u017e\u00edOCPalladiumzuliceDlouh\u00e1<\/p>\n<p>\u2022 vesm\u011bru\u0160tef\u00e1nik\u016fvmostmimo\u010das19:15\u201320:00jemo\u017en\u00fdv\u00fdjezdzuliceSoukenick\u00e1,Klimentsk\u00e1azpodzemn\u00edchgar\u00e1\u017e\u00ed OC Palladium &gt; Revolu\u010dn\u00ed &gt; Lannova &gt; n\u00e1b\u0159e\u017e\u00ed Ludv\u00edka Svobody a\u00a0Revolu\u010dn\u00ed &gt; \u0160tef\u00e1nik\u016fv most &gt; n\u00e1b\u0159e\u017e\u00ed Kapit\u00e1na Jaro\u0161e<\/p>\n<p>4.\u00a0lokalita Dlouh\u00e1 \u2013 po celou dobu mo\u017en\u00fd v\u00fdjezd ulic\u00ed Hradebn\u00ed &gt; \u0158\u00e1snovka &gt; Kl\u00e1\u0161tersk\u00e1 &gt; Dvo\u0159\u00e1kovo n\u00e1b\u0159e\u017e\u00ed<br \/>&gt; n\u00e1b\u0159e\u017e\u00ed Ludv\u00edka Svobody. V\u00a0\u010dase 19:15\u201320:00 v\u00fdjezd z\u00a0Hradebn\u00ed ul. pouze p\u0159es \u0160tef\u00e1nik\u016fv most na n\u00e1b\u0159e\u017e\u00ed Kapit\u00e1na Jaro\u0161e<\/p>\n<p>5.\u00a0lokalita \u010cech\u016fv a\u00a0\u0160tef\u00e1nik\u016fv most (uzav\u0159eno 17:30\u201321:00) \u2013 mo\u017en\u00e9 objet p\u0159es Hl\u00e1vk\u016fv \u010di M\u00e1nes\u016fv most<\/p>\n<p>6.\u00a0lokalita Dvo\u0159\u00e1kovo n\u00e1b\u0159e\u017e\u00ed (19:15\u201320:00) \u2013 v\u00fdjezd ulic\u00ed Na Franti\u0161ku &gt; Hradebn\u00ed &gt; \u0158\u00e1snovka<br \/>&gt; \u0160tef\u00e1nik\u016fv most &gt; N\u00e1b\u0159e\u017e\u00ed Kapit\u00e1na Jaro\u0161e. Mimo tuto dobu v\u00fdjezd ve sm\u011bru z\u00a0centra bez omezen\u00ed.<\/p>\n<p>&#13;<br \/>\n&#13;<br \/>\n&#13;<br \/>\n    &#13;<br \/>\n&#13;<br \/>\n    &#13;<br \/>\n\t\t\t\t\t(function(w,d,s,l,i){w[l]=w[l]||[];w[l].push({&#8218;gtm.start&#8216;:\\nnew Date().getTime(),event:&#8217;gtm.js&#8216;});var f=d.getElementsByTagName(s)[0],\\nj=d.createElement(s),dl=l!=&#8217;dataLayer&#8216;?&#8217;&#038;l=&#8220;+l:&#8220;&#8218;;j.async=true;j.src=\\n&#8217;https:\\\/\\\/www.googletagmanager.com\\\/gtm.js?id=&#8217;+i+dl;f.parentNode.insertBefore(j,f);\\n})(window,document,&#8217;script&#8216;,&#8217;dataLayer&#8216;,&#8217;GTM-PBDJV2P&#8216;);\\n&#8220;,&#8220;code4body_accepted&#8220;:&#8220;\\n\\n&#8220;,&#8220;code4head_denied&#8220;:&#8220;\\n\\n&#8220;,&#8220;code4body_denied&#8220;:&#8220;\\n\\n&#8220;},{&#8222;category&#8220;:&#8220;analytic&#8220;,&#8220;id&#8220;:&#8220;google_analytics&#8220;,&#8220;code4head_accepted&#8220;:&#8220;&#8220;,&#8220;code4body_accepted&#8220;:&#8220;&#8220;,&#8220;code4head_denied&#8220;:&#8220;&#8220;,&#8220;code4body_denied&#8220;:&#8220;&#8220;},{&#8222;category&#8220;:&#8220;marketing&#8220;,&#8220;id&#8220;:&#8220;facebook_pixel&#8220;,&#8220;code4head_accepted&#8220;:&#8220;\\n\\n\\n&#8220;,&#8220;code4body_accepted&#8220;:&#8220;&#8220;,&#8220;code4head_denied&#8220;:&#8220;&#8220;,&#8220;code4body_denied&#8220;:&#8220;&#8220;}],&#8220;services_config4gtm&#8220;:[{&#8222;id&#8220;:&#8220;google_analytics&#8220;,&#8220;gtm_id&#8220;:[&#8222;ua&#8220;,&#8220;gaawc&#8220;,&#8220;gaawe&#8220;,&#8220;ga&#8220;],&#8220;gtm_src_identification&#8220;:[&#8222;google-analytics.com&#8220;],&#8220;gtm_code_identification&#8220;:[&#8222;google-analytics.com&#8220;,&#8220;gtag(&#8222;,&#8220;ga(&#8222;]},{&#8222;id&#8220;:&#8220;google_tag_manager&#8220;,&#8220;gtm_id&#8220;:[],&#8220;gtm_src_identification&#8220;:[&#8222;googletagmanager.com&#8220;],&#8220;gtm_code_identification&#8220;:[&#8222;googletagmanager.com&#8220;]},{&#8222;id&#8220;:&#8220;google_ads&#8220;,&#8220;gtm_id&#8220;:[&#8222;awct&#8220;,&#8220;sp&#8220;],&#8220;gtm_src_identification&#8220;:[&#8222;googleadservices.com&#8220;],&#8220;gtm_code_identification&#8220;:[&#8222;gtag&#8220;,&#8220;googleadservices.com&#8220;]},{&#8222;id&#8220;:&#8220;google_recaptcha&#8220;,&#8220;gtm_id&#8220;:[],&#8220;gtm_src_identification&#8220;:[&#8222;google.com\\\/recaptcha&#8220;,&#8220;gstatic.com\\\/recaptcha&#8220;],&#8220;gtm_code_identification&#8220;:[&#8222;google.com\\\/recaptcha&#8220;,&#8220;gstatic.com\\\/recaptcha&#8220;,&#8220;grecaptcha&#8220;]},{&#8222;id&#8220;:&#8220;youtube&#8220;,&#8220;gtm_id&#8220;:[],&#8220;gtm_src_identification&#8220;:[],&#8220;gtm_code_identification&#8220;:[]},{&#8222;id&#8220;:&#8220;sklik&#8220;,&#8220;gtm_id&#8220;:[],&#8220;gtm_src_identification&#8220;:[&#8222;c.imedia.cz&#8220;,&#8220;seznam.cz&#8220;],&#8220;gtm_code_identification&#8220;:[&#8222;c.imedia.cz&#8220;,&#8220;seznam_retargeting_id&#8220;,&#8220;seznam.cz&#8220;]},{&#8222;id&#8220;:&#8220;smartlook&#8220;,&#8220;gtm_id&#8220;:[],&#8220;gtm_src_identification&#8220;:[&#8222;smartlook.com&#8220;],&#8220;gtm_code_identification&#8220;:[&#8222;smartlook.com&#8220;]},{&#8222;id&#8220;:&#8220;smartsupp&#8220;,&#8220;gtm_id&#8220;:[],&#8220;gtm_src_identification&#8220;:[&#8222;smartsuppchat.com&#8220;],&#8220;gtm_code_identification&#8220;:[&#8222;smartsuppchat.com&#8220;]},{&#8222;id&#8220;:&#8220;feedyou&#8220;,&#8220;gtm_id&#8220;:[],&#8220;gtm_src_identification&#8220;:[&#8222;feedyou.ai&#8220;],&#8220;gtm_code_identification&#8220;:[&#8222;feedyou.ai&#8220;]},{&#8222;id&#8220;:&#8220;facebook_pixel&#8220;,&#8220;gtm_id&#8220;:[],&#8220;gtm_src_identification&#8220;:[&#8222;connect.facebook.net&#8220;],&#8220;gtm_code_identification&#8220;:[&#8222;connect.facebook.net&#8220;,&#8220;fbq(&#8222;]},{&#8222;id&#8220;:&#8220;hotjar&#8220;,&#8220;gtm_id&#8220;:[&#8222;hjtc&#8220;],&#8220;gtm_src_identification&#8220;:[&#8222;hotjar.com&#8220;],&#8220;gtm_code_identification&#8220;:[&#8222;hotjar.com&#8220;]},{&#8222;id&#8220;:&#8220;clarity&#8220;,&#8220;gtm_id&#8220;:[],&#8220;gtm_src_identification&#8220;:[&#8222;clarity.ms&#8220;],&#8220;gtm_code_identification&#8220;:[&#8222;clarity.ms&#8220;]},{&#8222;id&#8220;:&#8220;leady&#8220;,&#8220;gtm_id&#8220;:[],&#8220;gtm_src_identification&#8220;:[&#8222;leady.com&#8220;],&#8220;gtm_code_identification&#8220;:[&#8222;leady.com&#8220;]},{&#8222;id&#8220;:&#8220;linkedin_insight_tag&#8220;,&#8220;gtm_id&#8220;:[&#8222;bzi&#8220;],&#8220;gtm_src_identification&#8220;:[&#8222;insight.min.js&#8220;,&#8220;insight.old.min.js&#8220;,&#8220;licdn.com&#8220;],&#8220;gtm_code_identification&#8220;:[&#8222;li.lms-analytics\\\/insight.min.js&#8220;,&#8220;insight.old.min.js&#8220;,&#8220;licdn.com&#8220;]},{&#8222;id&#8220;:&#8220;mouseflow&#8220;,&#8220;gtm_id&#8220;:[],&#8220;gtm_src_identification&#8220;:[&#8222;mouseflow.com&#8220;],&#8220;gtm_code_identification&#8220;:[&#8222;mouseflow.com&#8220;]}],&#8220;gtm_direct&#8220;:&#8220;1&#8243;,&#8220;is_multisite&#8220;:&#8220;0&#8243;,&#8220;multisite_individual_config&#8220;:&#8220;0&#8243;,&#8220;url_passthrough&#8220;:&#8220;0&#8243;,&#8220;ads_data_redaction&#8220;:&#8220;0&#8243;,&#8220;privacy_policy_page_url&#8220;:&#8220;https:\\\/\\\/www.runczech.com\\\/cs\\\/podminky-gdpr&#8220;};<br \/>\n                \ufeff&#8220;use strict&#8220;;function DynamicCookiesBar(){this.cookiesTool=Cookies,this.DOMLoaded=!1,this.allowedServicesScriptsCount=0,this.allowedLoadedServicesScriptsCount=0,this.allowedScriptsAddingFinished=!1,this.scriptsLoadedCallbackExecuted=!1,this.scripts_loaded_callback=function(e){},this.jsInsertBeforeCache=null,this.nativeGTMBlocked=!1,Array.isArray(this.loaded)&#038;&#038;this.loaded.length||(this.loaded=[]),this.init=function(){var e=this,a=e.loadConfig();if(window.dataLayer=window.dataLayer||[],window.gtag=function(){dataLayer.push(arguments)},&#8220;function&#8220;==typeof gtag)if(0==a.consent)gtag(&#8222;consent&#8220;,&#8220;default&#8220;,{ad_personalization:&#8220;denied&#8220;,ad_storage:&#8220;denied&#8220;,ad_user_data:&#8220;denied&#8220;,analytics_storage:&#8220;denied&#8220;,functionality_storage:&#8220;granted&#8220;,personalization_storage:&#8220;denied&#8220;,security_storage:&#8220;granted&#8220;,wait_for_update:500}),1==dynamicCookiesBarData.ads_data_redaction&#038;&#038;gtag(&#8222;set&#8220;,&#8220;ads_data_redaction&#8220;,!0),1==dynamicCookiesBarData.url_passthrough&#038;&#038;gtag(&#8222;set&#8220;,&#8220;url_passthrough&#8220;,!0);else if(&#8222;all&#8220;==a.consent)gtag(&#8222;consent&#8220;,&#8220;default&#8220;,{ad_personalization:&#8220;granted&#8220;,ad_storage:&#8220;granted&#8220;,ad_user_data:&#8220;granted&#8220;,analytics_storage:&#8220;granted&#8220;,functionality_storage:&#8220;granted&#8220;,personalization_storage:&#8220;granted&#8220;,security_storage:&#8220;granted&#8220;,wait_for_update:500}),1==dynamicCookiesBarData.ads_data_redaction&#038;&#038;gtag(&#8222;set&#8220;,&#8220;ads_data_redaction&#8220;,!1),1==dynamicCookiesBarData.url_passthrough&#038;&#038;gtag(&#8222;set&#8220;,&#8220;url_passthrough&#8220;,!1);else if(&#8222;necessary&#8220;==a.consent)gtag(&#8222;consent&#8220;,&#8220;default&#8220;,{ad_personalization:&#8220;denied&#8220;,ad_storage:&#8220;denied&#8220;,ad_user_data:&#8220;denied&#8220;,analytics_storage:&#8220;denied&#8220;,functionality_storage:&#8220;granted&#8220;,personalization_storage:&#8220;granted&#8220;,security_storage:&#8220;granted&#8220;,wait_for_update:500}),1==dynamicCookiesBarData.ads_data_redaction&#038;&#038;gtag(&#8222;set&#8220;,&#8220;ads_data_redaction&#8220;,!0),1==dynamicCookiesBarData.url_passthrough&#038;&#038;gtag(&#8222;set&#8220;,&#8220;url_passthrough&#8220;,!0);else if(&#8222;custom&#8220;==a.consent){var t=a.config,o=&#8220;denied&#8220;,n=&#8220;denied&#8220;;t.includes(&#8222;google_ads&#8220;)&#038;&#038;(o=&#8220;granted&#8220;),t.includes(&#8222;google_analytics&#8220;)&#038;&#038;(n=&#8220;granted&#8220;),gtag(&#8222;consent&#8220;,&#8220;default&#8220;,{ad_personalization:o,ad_storage:o,ad_user_data:o,analytics_storage:n,functionality_storage:&#8220;granted&#8220;,personalization_storage:&#8220;granted&#8220;,security_storage:&#8220;granted&#8220;,wait_for_update:500}),1==dynamicCookiesBarData.ads_data_redaction&#038;&#038;gtag(&#8222;set&#8220;,&#8220;ads_data_redaction&#8220;,!0),1==dynamicCookiesBarData.url_passthrough&#038;&#038;gtag(&#8222;set&#8220;,&#8220;url_passthrough&#8220;,!0)}else&#8220;none&#8220;==a.consent?(gtag(&#8222;consent&#8220;,&#8220;default&#8220;,{ad_personalization:&#8220;denied&#8220;,ad_storage:&#8220;denied&#8220;,ad_user_data:&#8220;denied&#8220;,analytics_storage:&#8220;denied&#8220;,functionality_storage:&#8220;denied&#8220;,personalization_storage:&#8220;denied&#8220;,security_storage:&#8220;denied&#8220;,wait_for_update:500}),1==dynamicCookiesBarData.ads_data_redaction&#038;&#038;gtag(&#8222;set&#8220;,&#8220;ads_data_redaction&#8220;,!0),1==dynamicCookiesBarData.url_passthrough&#038;&#038;gtag(&#8222;set&#8220;,&#8220;url_passthrough&#8220;,!0)):(gtag(&#8222;consent&#8220;,&#8220;default&#8220;,{ad_personalization:&#8220;denied&#8220;,ad_storage:&#8220;denied&#8220;,ad_user_data:&#8220;denied&#8220;,analytics_storage:&#8220;denied&#8220;,functionality_storage:&#8220;granted&#8220;,personalization_storage:&#8220;denied&#8220;,security_storage:&#8220;granted&#8220;,wait_for_update:500}),1==dynamicCookiesBarData.ads_data_redaction&#038;&#038;gtag(&#8222;set&#8220;,&#8220;ads_data_redaction&#8220;,!0),1==dynamicCookiesBarData.url_passthrough&#038;&#038;gtag(&#8222;set&#8220;,&#8220;url_passthrough&#8220;,!0));if(void 0!==i);else var i={};for(var d=0;d0&#038;&#038;a.version!=dynamicCookiesBarData.services_version||e.loadAllowedScripts(),e.initEvents()},this.init()}if(function(e,a){var t,o;&#8220;object&#8220;==typeof exports&#038;&#038;&#8220;undefined&#8220;!=typeof module?module.exports=a():&#8220;function&#8220;==typeof define&#038;&#038;define.amd?define(a):(e=e||self,t=e.Cookies,(o=e.Cookies=a()).noConflict=function(){return e.Cookies=t,o})}(void 0,(function(){function e(e){for(var a=1;a0){for(var t=a.config.split(&#8222;|&#8220;),o=!1,n=0;n\/g,&#8220;&#8220;);e.indexOf(&#8222;&#8220;,&#8217;\/,d=RegExp(&#8218;<\/p>\n","protected":false},"excerpt":{"rendered":"V\u00e1\u017een\u00ed obyvatel\u00e9, v\u00e1\u017een\u00ed n\u00e1v\u0161t\u011bvn\u00edci, ulice Prahy 1 se i\u00a0letos stanou d\u011bji\u0161t\u011bm Birell Grand Prix Praha, jednoho z\u00a0nejv\u00fdrazn\u011bj\u0161\u00edch b\u011b\u017eeck\u00fdch&hellip;\n","protected":false},"author":2,"featured_media":202166,"comment_status":"","ping_status":"","sticky":false,"template":"","format":"standard","meta":{"footnotes":"","_share_on_mastodon":"0"},"categories":[30],"tags":[98,99],"class_list":["post-202165","post","type-post","status-publish","format-standard","has-post-thumbnail","category-praha","tag-prague","tag-praha"],"share_on_mastodon":{"url":"https:\/\/pubeurope.com\/@cz\/117210659736243742","error":""},"_links":{"self":[{"href":"https:\/\/www.europesays.com\/cz\/wp-json\/wp\/v2\/posts\/202165","targetHints":{"allow":["GET"]}}],"collection":[{"href":"https:\/\/www.europesays.com\/cz\/wp-json\/wp\/v2\/posts"}],"about":[{"href":"https:\/\/www.europesays.com\/cz\/wp-json\/wp\/v2\/types\/post"}],"author":[{"embeddable":true,"href":"https:\/\/www.europesays.com\/cz\/wp-json\/wp\/v2\/users\/2"}],"replies":[{"embeddable":true,"href":"https:\/\/www.europesays.com\/cz\/wp-json\/wp\/v2\/comments?post=202165"}],"version-history":[{"count":0,"href":"https:\/\/www.europesays.com\/cz\/wp-json\/wp\/v2\/posts\/202165\/revisions"}],"wp:featuredmedia":[{"embeddable":true,"href":"https:\/\/www.europesays.com\/cz\/wp-json\/wp\/v2\/media\/202166"}],"wp:attachment":[{"href":"https:\/\/www.europesays.com\/cz\/wp-json\/wp\/v2\/media?parent=202165"}],"wp:term":[{"taxonomy":"category","embeddable":true,"href":"https:\/\/www.europesays.com\/cz\/wp-json\/wp\/v2\/categories?post=202165"},{"taxonomy":"post_tag","embeddable":true,"href":"https:\/\/www.europesays.com\/cz\/wp-json\/wp\/v2\/tags?post=202165"}],"curies":[{"name":"wp","href":"https:\/\/api.w.org\/{rel}","templated":true}]}}