{"id":202167,"date":"2026-09-04T03:36:09","date_gmt":"2026-09-04T03:36:09","guid":{"rendered":"https:\/\/www.europesays.com\/cz\/202167\/"},"modified":"2026-09-04T03:36:09","modified_gmt":"2026-09-04T03:36:09","slug":"foto-cast-plzenskeho-namesti-se-promenila-v-novou-rozlehlou-pesi-zonu-se-stromy-a-modernimi-prvky-novinky","status":"publish","type":"post","link":"https:\/\/www.europesays.com\/cz\/202167\/","title":{"rendered":"FOTO: \u010c\u00e1st plze\u0148sk\u00e9ho n\u00e1m\u011bst\u00ed se prom\u011bnila v novou rozlehlou p\u011b\u0161\u00ed z\u00f3nu se stromy a modern\u00edmi prvky &#8211; Novinky"},"content":{"rendered":"<p><a href=\"https:\/\/news.google.com\/rss\/articles\/CBMi9wFBVV95cUxNQ2hKSzNUbEZCSHd3cWlXQjR2V21FQ2pvY3R4Y2NYbHVNem1uVjlJNGJBTkl5czlHeXRrcVRlNHJndnprdFdYd0RNRWlObk9mZERjZVVuQTRwNlphT1RPSDhWR1dOd2xvQkdORXR6b2hUNjVfb0t4b2pnLV9QX3Jnc3JvWFJjR2MwZktJQzVZNkYzSE1MUl9td09RbmxfYUtyVWo3T3c2NC1IY2k4dkVLaUZBcFhKODdwa3ZpMDhxTndQbVFtVnJsNEJNN2VoRDZHdUlITFVvMjd5RzJfSHBGSmxpUXo1UHh2anFGdkVuSVBoZlhfX1pn?oc=5\" target=\"_blank\" rel=\"nofollow noopener\">FOTO: \u010c\u00e1st plze\u0148sk\u00e9ho n\u00e1m\u011bst\u00ed se prom\u011bnila v novou rozlehlou p\u011b\u0161\u00ed z\u00f3nu se stromy a modern\u00edmi prvky<\/a>&nbsp;&nbsp;Novinky<a href=\"https:\/\/news.google.com\/rss\/articles\/CBMirwFBVV95cUxPYUVjM2x0clN2RWR4a3I0aV9EOU0wNnVhYkJ3bGNON2ZJaUdJaUVmQ0ZUeEY4aGo2T0E3NGM0bTRVdWY3Ymg5Z3VBTFNYVERVMFpZVUIwMHdUbms1Ml9DZ1ZMMDRRT2xwWWVSeFhvcmJkV0pNSnJ6c19aUWZ5cDJpcW9xSkpNZy1GY3dvQU4zYU5ab3ZGcWZqWk5rbG5CVTZ2Qmk3OVI1UzJ4c2JGOUJN?oc=5\" target=\"_blank\" rel=\"nofollow noopener\">N\u00e1m\u011bst\u00ed Republiky je op\u011bt otev\u0159en\u00e9 p\u011b\u0161\u00edm. Omezen\u00ed jsou t\u00e9m\u011b\u0159 pry\u010d \u2013 FOTKY<\/a>&nbsp;&nbsp;QAP<a href=\"https:\/\/news.google.com\/rss\/articles\/CBMi1gFBVV95cUxPdGxvaG5vVTZ6RHAzX2xPakN6UHhxNFM0T0N4NXlKMnNoZWpGUnB1Q2tiLUJKYVZua1U1R2h0MndHYS1hejRfR1BqWFgwVUs2akV6TjZtY2g1NW5nY2NxRWZRYl9Vb3ZLbjEzT1VteFU1M3hhcXlOc1hSRlRSX3d5b3o0VVlTdXVfcURjeEE3ZzdoUzJGRGhPUjhLdkRLRkJqRzNDU3VHOXVIZ0k2OUJkODVrZ09tdkJmT3NoVTZuNUxSSE40dHVYM0c3NUxvYTlJbndiN09R?oc=5\" target=\"_blank\" rel=\"nofollow noopener\">S koncem rekonstrukce n\u00e1m\u011bst\u00ed Republiky se od 1. z\u00e1\u0159\u00ed m\u011bn\u00ed i pr\u016fjezd Sedl\u00e1\u010dkovou ulic\u00ed<\/a>&nbsp;&nbsp;plzen.eu<a href=\"https:\/\/news.google.com\/rss\/articles\/CBMixAFBVV95cUxNeHZ5UWtnNk9MampUeHlKNVM4LUZRX2F2Rjh3SzVsRnVXQW5zQklMUlhWeDFQRzdUVXNweHQ5QUhWVzdKc3dyRml5UW1ZU2t5UzJfWDFmZmtyb1pQcExCcU9WaXNQX0RCekVQU29ua0VOZ1NqeU5DSkJVSmE4UTVzSzRXZmsxdmFBV2FCTzJEQk9MYU92YzdlV2k4YWRLQzRMY1B0NTNLcFdpeWh0WEMtZ3BWNXRSM2dFWkx1YmZNNmZBMVpM?oc=5\" target=\"_blank\" rel=\"nofollow noopener\">KOMENT\u00c1\u0158: \u0160ibenice nebo klepadlo na koberce? Nov\u00e1 atrakce na n\u00e1m\u011bst\u00ed bud\u00ed rozpaky<\/a>&nbsp;&nbsp;plzenska.drbna.cz<a href=\"https:\/\/news.google.com\/rss\/articles\/CBMivwFBVV95cUxQMF9abVltVll4T0EyTUpqaWlrNVFRNG9lV1NKV1NGcW4xWHV1YjdSaFJ2alN4SURLQnZnU2lYSjE1T1ZCTkNhRXhoVzdzWFAwMzZiU0kwekRRX0xfODhjZEN1TG9YMW5QaERETnRxcUxxRjVjakV1RkJfNXZ5N0FzZHB6STF3LTFPeUlDbk84T0pWREUyMm9hWXdZN0E5MVRDc3FUU2V6c1phcXZFSWNEV1FhMzdPWDB2ZGhkTUhiYw?oc=5\" target=\"_blank\" rel=\"nofollow noopener\">Pr\u00e1zdniny zm\u011bnily Plze\u0148. Otev\u0159ely se opraven\u00e9 ulice, dal\u0161\u00ed stavby potrvaj\u00ed do zimy<\/a>&nbsp;&nbsp;seznam.cz<\/p>\n","protected":false},"excerpt":{"rendered":"FOTO: \u010c\u00e1st plze\u0148sk\u00e9ho n\u00e1m\u011bst\u00ed se prom\u011bnila v novou rozlehlou p\u011b\u0161\u00ed z\u00f3nu se stromy a modern\u00edmi prvky&nbsp;&nbsp;NovinkyN\u00e1m\u011bst\u00ed Republiky je&hellip;\n","protected":false},"author":2,"featured_media":202168,"comment_status":"","ping_status":"","sticky":false,"template":"","format":"standard","meta":{"footnotes":"","_share_on_mastodon":"0"},"categories":[7],"tags":[43,42,41,40,10092,1863,1417,1373],"class_list":["post-202167","post","type-post","status-publish","format-standard","has-post-thumbnail","category-cesko","tag-ceska-republika","tag-cesko","tag-czech-republic","tag-czechia","tag-namesti","tag-plzen","tag-promena","tag-rekonstrukce"],"share_on_mastodon":{"url":"https:\/\/pubeurope.com\/@cz\/117210683104871012","error":""},"_links":{"self":[{"href":"https:\/\/www.europesays.com\/cz\/wp-json\/wp\/v2\/posts\/202167","targetHints":{"allow":["GET"]}}],"collection":[{"href":"https:\/\/www.europesays.com\/cz\/wp-json\/wp\/v2\/posts"}],"about":[{"href":"https:\/\/www.europesays.com\/cz\/wp-json\/wp\/v2\/types\/post"}],"author":[{"embeddable":true,"href":"https:\/\/www.europesays.com\/cz\/wp-json\/wp\/v2\/users\/2"}],"replies":[{"embeddable":true,"href":"https:\/\/www.europesays.com\/cz\/wp-json\/wp\/v2\/comments?post=202167"}],"version-history":[{"count":0,"href":"https:\/\/www.europesays.com\/cz\/wp-json\/wp\/v2\/posts\/202167\/revisions"}],"wp:featuredmedia":[{"embeddable":true,"href":"https:\/\/www.europesays.com\/cz\/wp-json\/wp\/v2\/media\/202168"}],"wp:attachment":[{"href":"https:\/\/www.europesays.com\/cz\/wp-json\/wp\/v2\/media?parent=202167"}],"wp:term":[{"taxonomy":"category","embeddable":true,"href":"https:\/\/www.europesays.com\/cz\/wp-json\/wp\/v2\/categories?post=202167"},{"taxonomy":"post_tag","embeddable":true,"href":"https:\/\/www.europesays.com\/cz\/wp-json\/wp\/v2\/tags?post=202167"}],"curies":[{"name":"wp","href":"https:\/\/api.w.org\/{rel}","templated":true}]}}