{"id":202173,"date":"2026-09-04T03:47:10","date_gmt":"2026-09-04T03:47:10","guid":{"rendered":"https:\/\/www.europesays.com\/cz\/202173\/"},"modified":"2026-09-04T03:47:10","modified_gmt":"2026-09-04T03:47:10","slug":"na-socialni-siti-muz-z-plzne-pohanil-ojety-vuz-i-autobazar-za-dehonestacni-video-ho-ceka-soud","status":"publish","type":"post","link":"https:\/\/www.europesays.com\/cz\/202173\/","title":{"rendered":"Na soci\u00e1ln\u00ed s\u00edti mu\u017e z\u00a0Plzn\u011b pohanil ojet\u00fd v\u016fz i\u00a0autobazar. Za dehonesta\u010dn\u00ed video ho \u010dek\u00e1 soud"},"content":{"rendered":"<p class=\"c_bB\">Plze\u0148sk\u00fd krajsk\u00fd st\u00e1tn\u00ed z\u00e1stupce Pavel Hajn\u00fd na mu\u017ee podal ob\u017ealobu pro trestn\u00fd \u010din poru\u0161en\u00ed p\u0159edpis\u016f o\u00a0pravidlech hospod\u00e1\u0159sk\u00e9 sout\u011b\u017ee. M\u016f\u017ee za to skon\u010dit ve v\u011bzen\u00ed a\u017e na t\u0159i roky.<\/p>\n<p class=\"c_bB\">Podle \u017ealobce nebyla prohl\u00eddka automobilu ze strany obvin\u011bn\u00e9ho objektivn\u00ed a\u00a0na po\u0159\u00edzen\u00e9m videu z\u00a0jej\u00edho pr\u016fb\u011bhu uv\u00e1d\u011bl nepravdiv\u00e9 skute\u010dnosti o\u00a0technick\u00e9m stavu vozidla. <\/p>\n<p class=\"c_bB\">\u201eDehonestuj\u00edc\u00edm a\u00a0vulg\u00e1rn\u00edm zp\u016fsobem se vyjad\u0159oval i\u00a0o samotn\u00e9m autobazaru, p\u0159i\u010dem\u017e nepravdiv\u00e9 \u00fadaje byly zp\u016fsobil\u00e9 p\u0159ivodit jeho majiteli \u00fajmu v\u00a0r\u00e1mci hospod\u00e1\u0159sk\u00e9 sout\u011b\u017ee,\u201c vysv\u011btlil \u017ealobce.<\/p>\n<p><a data-dot=\"atm-link\" target=\"_self\" href=\"https:\/\/www.novinky.cz\/clanek\/krimi-zhari-zautocili-na-plzensky-autobazar-shorelo-sest-luxusnich-vozidel-40486414\" class=\"c_I\" rel=\"nofollow noopener\"><img fetchpriority=\"high\" height=\"1080\" width=\"1920\" src=\"https:\/\/www.europesays.com\/cz\/wp-content\/uploads\/2026\/09\/autobazar-plzen-pozar.jpeg\" loading=\"eager\" decoding=\"sync\" class=\"c_t c_r\"\/><\/a><\/p>\n<p class=\"c_bB\">Podez\u0159el\u00fd mu\u017e nat\u00e1\u010del v\u00a0autobazaru pro firmu, kter\u00e1 v\u00a0r\u00e1mci sv\u00fdch slu\u017eeb nab\u00edz\u00ed z\u00e1jemc\u016fm kontrolu a\u00a0prov\u011b\u0159en\u00ed stavu ojet\u00e9ho vozidla p\u0159ed jeho n\u00e1kupem. V\u00a0nahr\u00e1vce nap\u0159\u00edklad tvrdil, \u017ee auto, u\u00a0kter\u00e9ho autobazar deklaruje dobr\u00fd stav, je nov\u011b lakovan\u00e9 z\u00a0d\u016fvodu hav\u00e1rie, m\u00e1 rezav\u00e9 brzdov\u00e9 kotou\u010de, sjet\u00e9 desti\u010dky a\u00a0deformovan\u00e9 disky kol. Znaleck\u00fd posudek ale potvrdil, \u017ee vozidlo \u017e\u00e1dn\u00e9 z\u00e1va\u017en\u00e9 z\u00e1vady nem\u00e1. <\/p>\n<p class=\"c_bB\">\u201eObvin\u011bn\u00fd nap\u0159\u00edklad z\u00e1m\u011brn\u011b nakl\u00e1p\u011bl m\u011b\u0159i\u010d tlou\u0161\u0165ky laku tak, \u017ee ukazoval n\u011bkolikr\u00e1t vy\u0161\u0161\u00ed hodnoty. Tvrdil, \u017ee auto muselo b\u00fdt ur\u010dit\u011b bouran\u00e9, a\u00a0t\u00edm p\u00e1dem opravovan\u00e9. Z\u00a0posudku ale nic takov\u00e9ho nevyplynulo. Znalec potvrdil, \u017ee auto je sice p\u0159elakovan\u00e9, ale ne proto, \u017ee by bylo bouran\u00e9, ale kv\u016fli \u0161kr\u00e1banc\u016fm a\u00a0drobn\u00fdm kosmetick\u00fdm vad\u00e1m na p\u016fvodn\u00edm laku,\u201c uvedl d\u00e1le st\u00e1tn\u00ed z\u00e1stupce.<\/p>\n<p>Video za hranou<\/p>\n<p class=\"c_bB\">Negativn\u00ed video autobazar poc\u00edtil i\u00a0na klientele. Nap\u0159\u00edklad jeden ze z\u00e1kazn\u00edk\u016f kv\u016fli tomu odstoupil od koupi vozidla za dva miliony, co\u017e znamenalo vy\u0161\u0161\u00ed finan\u010dn\u00ed ztr\u00e1tu. <\/p>\n<p class=\"c_bB\">Novinky oslovily majitele po\u0161kozen\u00e9ho autobazaru. Ten se necht\u011bl vyjad\u0159ovat do doby, ne\u017e za\u010dne soudn\u00ed l\u00ed\u010den\u00ed. \u0160\u00e9f firmy, kter\u00fd obvin\u011bn\u00e9ho do autobazaru poslal v\u016fz prov\u011b\u0159it, Novink\u00e1m \u0159ekl, \u017ee n\u011bkter\u00e9 pas\u00e1\u017ee videa byly skute\u010dn\u011b za hranou. <\/p>\n<p class=\"c_bB\">\u201eVid\u011bl jsem ho, a\u017e kdy\u017e bylo zve\u0159ejn\u011bn\u00e9. Hned jsem jej nechal st\u00e1hnout a\u00a0s jeho autorem ukon\u010dil spolupr\u00e1ci,\u201c \u0159ekl podnikatel.<\/p>\n<p><a data-dot=\"atm-link\" target=\"_self\" href=\"https:\/\/www.novinky.cz\/clanek\/krimi-s-ojetinou-nenajezdil-ani-dva-tisice-kilometru-ustavni-soud-se-zastal-autobazaru-40521701\" class=\"c_I\" rel=\"nofollow noopener\"><img height=\"2304\" width=\"4096\" src=\"https:\/\/www.europesays.com\/cz\/wp-content\/uploads\/2026\/09\/1788493630_97_ustavni-soud.jpeg\" loading=\"eager\" decoding=\"sync\" class=\"c_t c_r\"\/><\/a><\/p>\n","protected":false},"excerpt":{"rendered":"Plze\u0148sk\u00fd krajsk\u00fd st\u00e1tn\u00ed z\u00e1stupce Pavel Hajn\u00fd na mu\u017ee podal ob\u017ealobu pro trestn\u00fd \u010din poru\u0161en\u00ed p\u0159edpis\u016f o\u00a0pravidlech hospod\u00e1\u0159sk\u00e9 sout\u011b\u017ee.&hellip;\n","protected":false},"author":2,"featured_media":202174,"comment_status":"","ping_status":"","sticky":false,"template":"","format":"standard","meta":{"footnotes":"","_share_on_mastodon":"0"},"categories":[7],"tags":[10040,43,42,41,40,6034,258,948],"class_list":["post-202173","post","type-post","status-publish","format-standard","has-post-thumbnail","category-cesko","tag-autobazary","tag-ceska-republika","tag-cesko","tag-czech-republic","tag-czechia","tag-pomluva","tag-soud","tag-tiktok"],"share_on_mastodon":{"url":"https:\/\/pubeurope.com\/@cz\/117210726457695492","error":""},"_links":{"self":[{"href":"https:\/\/www.europesays.com\/cz\/wp-json\/wp\/v2\/posts\/202173","targetHints":{"allow":["GET"]}}],"collection":[{"href":"https:\/\/www.europesays.com\/cz\/wp-json\/wp\/v2\/posts"}],"about":[{"href":"https:\/\/www.europesays.com\/cz\/wp-json\/wp\/v2\/types\/post"}],"author":[{"embeddable":true,"href":"https:\/\/www.europesays.com\/cz\/wp-json\/wp\/v2\/users\/2"}],"replies":[{"embeddable":true,"href":"https:\/\/www.europesays.com\/cz\/wp-json\/wp\/v2\/comments?post=202173"}],"version-history":[{"count":0,"href":"https:\/\/www.europesays.com\/cz\/wp-json\/wp\/v2\/posts\/202173\/revisions"}],"wp:featuredmedia":[{"embeddable":true,"href":"https:\/\/www.europesays.com\/cz\/wp-json\/wp\/v2\/media\/202174"}],"wp:attachment":[{"href":"https:\/\/www.europesays.com\/cz\/wp-json\/wp\/v2\/media?parent=202173"}],"wp:term":[{"taxonomy":"category","embeddable":true,"href":"https:\/\/www.europesays.com\/cz\/wp-json\/wp\/v2\/categories?post=202173"},{"taxonomy":"post_tag","embeddable":true,"href":"https:\/\/www.europesays.com\/cz\/wp-json\/wp\/v2\/tags?post=202173"}],"curies":[{"name":"wp","href":"https:\/\/api.w.org\/{rel}","templated":true}]}}