{"id":202177,"date":"2026-09-04T03:50:13","date_gmt":"2026-09-04T03:50:13","guid":{"rendered":"https:\/\/www.europesays.com\/cz\/202177\/"},"modified":"2026-09-04T03:50:13","modified_gmt":"2026-09-04T03:50:13","slug":"pristavba-u-hotelu-praha-v-novem-jicine-mizi-z-mapy-ostud-budou-v-ni-nove-byty-novojicinsky-denik","status":"publish","type":"post","link":"https:\/\/www.europesays.com\/cz\/202177\/","title":{"rendered":"P\u0159\u00edstavba u Hotelu Praha v Nov\u00e9m Ji\u010d\u00edn\u011b miz\u00ed z mapy ostud, budou v n\u00ed nov\u00e9 byty \u2013 Novoji\u010d\u00ednsk\u00fd den\u00edk"},"content":{"rendered":"<p id=\"paragraphBlock-1\">Prod\u00e1no! T\u0159et\u00ed sleva na p\u0159\u00edstavbu Hotelu Praha v Nov\u00e9m Ji\u010d\u00edn\u011b oslovila prvn\u00edho a jedin\u00e9ho z\u00e1jemce o moment\u00e1ln\u00ed ostudu m\u011bsta. Zastupitel\u00e9 mu odkup u\u017e schv\u00e1lili a b\u00fdval\u00e1 \u201estavba ob\u010dansk\u00e9ho vybaven\u00ed\u201c se m\u00e1 zm\u011bnit v reziden\u010dn\u00ed byty v\u010detn\u011b \u201eloftov\u00e9ho\u201c nadstandardu s vysok\u00fdmi stropy a prosklen\u00fdmi st\u011bnami.<\/p>\n<p id=\"paragraphBlock-2\">P\u0159\u00edstavbu k secesn\u00edmi hotelu otev\u0159en\u00e9mu v roce 1899 dali dodate\u010dn\u011b vybudovat komunist\u00e9 za totality koncem 70. let minul\u00e9ho stolet\u00ed a podle toho taky vypad\u00e1 \u2013 \u0161ed\u00e1 betonov\u00e1 kostka v m\u011bstsk\u00e9 pam\u00e1tkov\u00e9 rezervaci. Ur\u010dena byla pro u\u010d\u0148ovsk\u00e9 st\u0159edisko kucha\u0159\u016f a \u010d\u00ed\u0161n\u00edk\u016f, fungovala v n\u00ed pivnice a samoobslu\u017en\u00fd bufet. V roce 2013 p\u0159ipadla i s hotelem (kter\u00fd pak z\u00edskal soukrom\u00e9ho vlastn\u00edka) m\u011bstu a krom\u011b v\u00fd\u010depu tu prod\u00e1vali i sm\u00ed\u0161en\u00e9 zbo\u017e\u00ed. Posledn\u00edch deset let z\u016fstala budova v \u00dazk\u00e9 ulici nevyu\u017e\u00edvan\u00e1 a stala se z n\u00ed ostuda v jej\u00edch\u017e z\u00e1kout\u00edch p\u0159esp\u00e1vali a vykon\u00e1vali sv\u00e9 pot\u0159eby bezdomovci.<\/p>\n<p><a href=\"https:\/\/novojicinsky.denik.cz\/zpravy-region\/koruny-karla-iv-tahnou-zamek-v-bilovci-zaziva-nejvetsi-napor-za-desetileti\/\" class=\"shrink-0 no-underline w-[7.5rem] h-20 sm:w-[13.125rem] sm:h-[8.75rem] relative\" data-click-measurement=\"true\" data-module=\"related_articles\" data-type=\"article\" data-name=\"article_related_articles\" data-text=\"Koruny Karla IV. t\u00e1hnou, z\u00e1mek v B\u00edlovci za\u017e\u00edv\u00e1 nejv\u011bt\u0161\u00ed n\u00e1por za desetilet\u00ed\" data-position=\"1\" rel=\"nofollow noopener\" target=\"_blank\"><img decoding=\"async\" src=\"https:\/\/www.europesays.com\/cz\/wp-content\/uploads\/2026\/09\/62301674-7878-4983-910e-e0ed95b0eeb6.webp\" alt=\"Koruny Karla IV. t\u00e1hnou, z\u00e1mek v B\u00edlovci za\u017e\u00edv\u00e1 nejv\u011bt\u0161\u00ed n\u00e1por za desetilet\u00ed\" title=\"Koruny Karla IV. t\u00e1hnou, z\u00e1mek v B\u00edlovci za\u017e\u00edv\u00e1 nejv\u011bt\u0161\u00ed n\u00e1por za desetilet\u00ed\" class=\"object-cover aspect-3x2 w-full object-center mx-auto max-h-[40rem] bg-grey-1 e2e-imel\" data-id=\"\" data-aspect-ratio=\"aspect-3x2\" data-lightbox-url=\"\/images\/api\/image\/1366x910\/623\/62301674-7878-4983-910e-e0ed95b0eeb6.webp\" loading=\"lazy\" width=\"210\" height=\"140\"\/><\/a><\/p>\n<p id=\"paragraphBlock-3\">Radnice tady p\u016fvodn\u011b cht\u011bla z\u0159\u00eddit kulturn\u00ed d\u016fm, ale pl\u00e1n vzal za sv\u00e9 kv\u016fli n\u00edzk\u00e9 kapacit\u011b n\u00e1v\u0161t\u011bvn\u00edk\u016f, probl\u00e9m\u016fm se statikou a v neposledn\u00ed \u0159ad\u011b i sloup\u016fm uprost\u0159ed s\u00e1lu br\u00e1n\u00edc\u00edm ve v\u00fdhledu na p\u00f3dium. \u201eNakonec jsme za t\u00edmto \u00fa\u010delem koupili restauraci Nov\u00e9 Slunce, kde budeme m\u00edt kulturn\u00ed d\u016fm,\u201c up\u0159esnil novoji\u010d\u00ednsk\u00fd m\u00edstostarosta V\u00e1clav Dobrozemsk\u00fd.<\/p>\n<p>lock_fill<\/p>\n<p>Cel\u00fd \u010dl\u00e1nek je dostupn\u00fd pouze pro p\u0159edplatitele<\/p>\n<p class=\"text-center mb-4\"> Sta\u0148te se p\u0159edplatitelem Den\u00edku nebo se p\u0159ihlaste. <\/p>\n<p>share Sd\u00edlet <\/p>\n<p>facebook_shareFacebooktwitter_shareX.comthreadsThreadsemail_fillEmaillinkKop\u00edrovatcloseZav\u0159\u00edt<\/p>\n<p>Zpr\u00e1vy z\u00a0Novoji\u010d\u00ednska do\u00a0e\u2011mailu<img decoding=\"async\" src=\"https:\/\/www.europesays.com\/cz\/wp-content\/uploads\/2026\/09\/ales_uher.webp\" alt=\"Ale\u0161 Uher\" title=\"Ale\u0161 Uher\" loading=\"lazy\" class=\"object-contain aspect-1x1 rounded-full border bg-surface border-grey-2 !w-24 lg:!w-28 lg:mx-auto shadow-lg shadow-primary-2\/10 -mt-8 lg:-mt-12\"\/><\/p>\n<p class=\"lg:text-center font-bold mb-0 text-grey-3 text-base-ui\">Ale\u0161 Uher<\/p>\n<p class=\"lg:text-center text-sm text-grey-3\">\u0160\u00e9fredaktor severn\u00ed a st\u0159edn\u00ed Moravy<\/p>\n","protected":false},"excerpt":{"rendered":"Prod\u00e1no! T\u0159et\u00ed sleva na p\u0159\u00edstavbu Hotelu Praha v Nov\u00e9m Ji\u010d\u00edn\u011b oslovila prvn\u00edho a jedin\u00e9ho z\u00e1jemce o moment\u00e1ln\u00ed ostudu&hellip;\n","protected":false},"author":2,"featured_media":202178,"comment_status":"","ping_status":"","sticky":false,"template":"","format":"standard","meta":{"footnotes":"","_share_on_mastodon":"0"},"categories":[30],"tags":[98,99],"class_list":["post-202177","post","type-post","status-publish","format-standard","has-post-thumbnail","category-praha","tag-prague","tag-praha"],"share_on_mastodon":{"url":"https:\/\/pubeurope.com\/@cz\/117210738172866713","error":""},"_links":{"self":[{"href":"https:\/\/www.europesays.com\/cz\/wp-json\/wp\/v2\/posts\/202177","targetHints":{"allow":["GET"]}}],"collection":[{"href":"https:\/\/www.europesays.com\/cz\/wp-json\/wp\/v2\/posts"}],"about":[{"href":"https:\/\/www.europesays.com\/cz\/wp-json\/wp\/v2\/types\/post"}],"author":[{"embeddable":true,"href":"https:\/\/www.europesays.com\/cz\/wp-json\/wp\/v2\/users\/2"}],"replies":[{"embeddable":true,"href":"https:\/\/www.europesays.com\/cz\/wp-json\/wp\/v2\/comments?post=202177"}],"version-history":[{"count":0,"href":"https:\/\/www.europesays.com\/cz\/wp-json\/wp\/v2\/posts\/202177\/revisions"}],"wp:featuredmedia":[{"embeddable":true,"href":"https:\/\/www.europesays.com\/cz\/wp-json\/wp\/v2\/media\/202178"}],"wp:attachment":[{"href":"https:\/\/www.europesays.com\/cz\/wp-json\/wp\/v2\/media?parent=202177"}],"wp:term":[{"taxonomy":"category","embeddable":true,"href":"https:\/\/www.europesays.com\/cz\/wp-json\/wp\/v2\/categories?post=202177"},{"taxonomy":"post_tag","embeddable":true,"href":"https:\/\/www.europesays.com\/cz\/wp-json\/wp\/v2\/tags?post=202177"}],"curies":[{"name":"wp","href":"https:\/\/api.w.org\/{rel}","templated":true}]}}