{"id":202181,"date":"2026-09-04T04:01:12","date_gmt":"2026-09-04T04:01:12","guid":{"rendered":"https:\/\/www.europesays.com\/cz\/202181\/"},"modified":"2026-09-04T04:01:12","modified_gmt":"2026-09-04T04:01:12","slug":"boty-na-podzim-co-je-trendy-v-zari-2026","status":"publish","type":"post","link":"https:\/\/www.europesays.com\/cz\/202181\/","title":{"rendered":"Boty na podzim: Co je trendy v z\u00e1\u0159\u00ed 2026"},"content":{"rendered":"<p class=\"b_bt\">V\u00e1h\u00e1te, po kter\u00fdch bot\u00e1ch s\u00e1hnout? Vyu\u017eijte n\u00e1sleduj\u00edc\u00ed m\u00f3dn\u00ed \u201en\u00e1pov\u011bdu\u201c, ve kter\u00e9 najdete dokonal\u00e9 p\u00e1ry pro p\u0159echod mezi l\u00e9tem a\u00a0podzimem. M\u00f3dn\u00ed nad\u0161enkyn\u011b nej\u010dast\u011bji obouvaj\u00ed nep\u0159ehl\u00e9dnuteln\u00e9 baler\u00ednky, slingback lodi\u010dky, ale i\u00a0\u0161n\u011brovac\u00ed polobotky, kter\u00e9 budou hitem nadch\u00e1zej\u00edc\u00ed sezony.<\/p>\n<p>A zase ty baler\u00ednky<\/p>\n<p class=\"b_bt\">Baler\u00ednkami\u00a0\u2013 a\u00a0to v\u00a0podstat\u011b jak\u00fdmikoli\u00a0\u2013 nic nezkaz\u00edte. Boty, kter\u00e9 <a data-dot=\"atm-link\" target=\"_blank\" href=\"https:\/\/www.prozeny.cz\/clanek\/krasa-a-moda-moda-proc-se-k-nim-porad-vracime-balerinky-dokazuji-ze-nektere-modni-trendy-nikdy-nezestarnou-104485\" class=\"b_g\" rel=\"nofollow noopener\">bodovaly v\u00a060.\u00a0letech<\/a>, jsou hitem n\u011bkolika posledn\u00edch sezon a\u00a0nos\u00ed se v\u00a0nejr\u016fzn\u011bj\u0161\u00edch m\u00f3dn\u00edch obm\u011bn\u00e1ch. Pokud pat\u0159\u00edte k\u00a0zaryt\u00fdm minimalistk\u00e1m, po\u0159i\u010fte si jednoduch\u00e9 baler\u00ednky s\u00a0trendy hranatou \u0161pi\u010dkou. V\u00a0kurzu ale z\u016fst\u00e1vaj\u00ed i\u00a0p\u00e1ry, kter\u00e9 <a data-dot=\"atm-link\" target=\"_blank\" href=\"https:\/\/www.prozeny.cz\/clanek\/krasa-a-moda-trendy-jaru-vladne-styl-krehkych-baletek-poridte-si-saty-s-nadychanou-sukni-zavinovaci-svetrik-nebo-balerinky-98457\" class=\"b_g\" rel=\"nofollow noopener\">odkazuj\u00ed na jejich baletn\u00ed p\u016fvod<\/a>. Hled\u00e1te model, kter\u00fd zafunguje jako v\u00fdrazn\u00fd dopln\u011bk? Vsa\u010fte na <a data-dot=\"atm-link\" target=\"_blank\" href=\"https:\/\/www.prozeny.cz\/clanek\/krasa-a-moda-trendy-kdyz-balerinky-tak-sitovane-tyhle-boty-jsou-absolutni-hit-leta-a-hodi-se-ke-kalhotam-i-suknim-95567\" class=\"b_g\" rel=\"nofollow noopener\">st\u00e1le m\u00f3dn\u00ed s\u00ed\u0165ovinu<\/a> nebo zv\u00ed\u0159ec\u00ed printy, kter\u00e9 se mnohdy objevuj\u00ed i\u00a0na \u201esrsti\u201c.<\/p>\n<p><img fetchpriority=\"high\" height=\"4096\"   width=\"2736\" src=\"https:\/\/www.europesays.com\/cz\/wp-content\/uploads\/2026\/09\/moda-trendy-fashion-boty.jpeg\" loading=\"eager\" decoding=\"sync\" class=\"b_u b_s\"\/>Foto: Gettyimages.com\u0160n\u011brovac\u00ed polobotky<\/p>\n<p class=\"b_bt\">Bav\u00ed v\u00e1s kousky, kter\u00e9 vypadaj\u00ed jako vyst\u0159i\u017een\u00e9 z\u00a0p\u00e1nsk\u00e9ho \u0161atn\u00edku? Pak v\u00e1s dost mo\u017en\u00e1 zaujme trend \u0161n\u011brovac\u00edch polobotek. Tyhle form\u00e1ln\u011b p\u016fsob\u00edc\u00ed boty budou hitem nadch\u00e1zej\u00edc\u00ed sezony a\u00a0rozhodn\u011b se nenos\u00ed jen ke kalhot\u00e1m. M\u00f3dn\u00ed ikony je naopak \u010dasto vyu\u017e\u00edvaj\u00ed jako kontrastn\u00ed prvek k\u00a0outfit\u016fm, ve kter\u00fdch figuruje sukn\u011b.<\/p>\n<p><img height=\"4096\"   width=\"2732\" src=\"https:\/\/www.europesays.com\/cz\/wp-content\/uploads\/2026\/09\/1788494470_433_moda-trendy-fashion-boty.jpeg\" loading=\"eager\" decoding=\"sync\" class=\"b_u b_s\"\/>Foto: Gettyimages.comSemi\u0161ov\u00e9 tenisky<\/p>\n<p class=\"b_bt\">Pat\u0159\u00edte k\u00a0\u017een\u00e1m, kter\u00e9 se nejrad\u011bji vracej\u00ed ke klasick\u00fdm tenisk\u00e1m? Vsa\u010fte alespo\u0148 na trendy p\u00e1r, kter\u00fd va\u0161e z\u00e1\u0159ijov\u00e9 outfity osv\u011b\u017e\u00ed. V\u00a0ulic\u00edch st\u00e1le boduj\u00ed <a data-dot=\"atm-link\" target=\"_blank\" href=\"https:\/\/www.prozeny.cz\/clanek\/krasa-a-moda-moda-semisove-tenisky-jsou-hitem-nove-sezony-tyhle-pary-si-zamiluji-vsechny-modni-nadsenkyne-100201\" class=\"b_g\" rel=\"nofollow noopener\">semi\u0161ov\u00e9 tenisky<\/a> v\u00a0tlumen\u00fdch p\u0159\u00edrodn\u00edch barv\u00e1ch, kter\u00e9 se budou velmi snadno kombinovat. A\u00a0k \u010demu je m\u016f\u017eete obout? T\u00e9m\u011b\u0159 ke v\u0161emu. Fashion holky je kombinuj\u00ed s\u00a0d\u017e\u00ednami, kalhotami, ale klidn\u011b i\u00a0se sukn\u011bmi a\u00a0\u0161aty.<\/p>\n<p><img height=\"4096\"   width=\"2736\" src=\"https:\/\/www.europesays.com\/cz\/wp-content\/uploads\/2026\/09\/1788494471_962_moda-trendy-fashion-boty.jpeg\" loading=\"eager\" decoding=\"sync\" class=\"b_u b_s\"\/>Foto: Gettyimages.comMokas\u00edny<\/p>\n<p class=\"b_bt\">Z kategorie \u201estar\u00fd zn\u00e1m\u00fd\u201c jsou tu klasick\u00e9 mokas\u00edny, kter\u00e9 pomalu upou\u0161t\u011bj\u00ed od sv\u00e9 robustn\u00ed chunky varianty. Moment\u00e1ln\u011b jsou nejv\u00edce v\u00a0kurzu mokas\u00edny p\u0159ipom\u00ednaj\u00edc\u00ed p\u00e1nskou form\u00e1ln\u00ed obuv, kter\u00e9 m\u016f\u017eete vym\u011bnit za vizu\u00e1ln\u011b jemn\u011bj\u0161\u00ed semi\u0161ov\u00e9 p\u00e1ry. Vyzkou\u0161et m\u016f\u017eete i\u00a0trendy <a data-dot=\"atm-link\" target=\"_blank\" href=\"https:\/\/www.prozeny.cz\/clanek\/krasa-a-moda-trendy-revoluce-ve-svete-mokasin-robustni-boty-jsou-na-ustupu-letos-frci-semis-a-jachtarsky-styl-102845\" class=\"b_g\" rel=\"nofollow noopener\">boat shoes neboli jachta\u0159sk\u00e9 boty<\/a>, kter\u00e9 dopl\u0148uje charakteristick\u00e9 \u0161n\u011brov\u00e1n\u00ed.<\/p>\n<p><img height=\"4096\"   width=\"2731\" src=\"https:\/\/www.europesays.com\/cz\/wp-content\/uploads\/2026\/09\/1788494471_481_moda-trendy-fashion-boty.jpeg\" loading=\"eager\" decoding=\"sync\" class=\"b_u b_s\"\/>Foto: Gettyimages.comSlingback lodi\u010dky<\/p>\n<p class=\"b_bt\">D\u00e1v\u00e1te p\u0159ednost bot\u00e1m na podpatku? Nejm\u00f3dn\u011bj\u0161\u00edm p\u00e1rem, kter\u00fd m\u016f\u017eete v\u00a0z\u00e1\u0159\u00ed obout, jsou lodi\u010dky s\u00a0otev\u0159enou patou. M\u00f3dn\u00ed ikony se nej\u010dast\u011bji nech\u00e1vaj\u00ed fotit v\u00a0bot\u00e1ch na vy\u0161\u0161\u00edm podpatku, <a data-dot=\"atm-link\" target=\"_blank\" href=\"https:\/\/www.prozeny.cz\/clanek\/trochu-jine-lodicky-poridte-si-slingback-boty-hodi-se-jak-na-bezne-noseni-tak-specialni-akce-80264\" class=\"b_g\" rel=\"nofollow noopener\">slingback lodi\u010dky<\/a> ale najdete i\u00a0v p\u0159\u00edjemn\u00fdch ni\u017e\u0161\u00edch variant\u00e1ch, v\u010detn\u011b takzvan\u00fdch <a data-dot=\"atm-link\" target=\"_blank\" href=\"https:\/\/www.prozeny.cz\/clanek\/krasa-a-moda-trendy-mezi-nejpopularnejsi-boty-sezony-patri-kacenky-s-mikro-podpatkem-trpet-ve-jmenu-mody-tedy-nemusite-95870\" class=\"b_g\" rel=\"nofollow noopener\">ka\u010denek<\/a>. Tyhle elegantn\u00ed boty budou vypadat skv\u011ble nejen k\u00a0sukn\u00edm a\u00a0\u0161at\u016fm, ale i\u00a0k \u0161irok\u00fdm kalhot\u00e1m.<\/p>\n<p><img height=\"4096\"   width=\"2732\" src=\"https:\/\/www.europesays.com\/cz\/wp-content\/uploads\/2026\/09\/1788494472_830_moda-trendy-fashion-boty.jpeg\" loading=\"eager\" decoding=\"sync\" class=\"b_u b_s\"\/>Foto: Gettyimages.com<\/p>\n","protected":false},"excerpt":{"rendered":"V\u00e1h\u00e1te, po kter\u00fdch bot\u00e1ch s\u00e1hnout? Vyu\u017eijte n\u00e1sleduj\u00edc\u00ed m\u00f3dn\u00ed \u201en\u00e1pov\u011bdu\u201c, ve kter\u00e9 najdete dokonal\u00e9 p\u00e1ry pro p\u0159echod mezi l\u00e9tem&hellip;\n","protected":false},"author":2,"featured_media":202182,"comment_status":"","ping_status":"","sticky":false,"template":"","format":"standard","meta":{"footnotes":"","_share_on_mastodon":"0"},"categories":[14],"tags":[6976,980,79,10391,8678,981,122,978,6975,5135,8680,80],"class_list":["post-202181","post","type-post","status-publish","format-standard","has-post-thumbnail","category-zabava","tag-baleriny","tag-boty","tag-entertainment","tag-jak-nosit","tag-lodicky","tag-modni-inspirace","tag-modni-trendy","tag-mokasiny","tag-obuv","tag-street-style","tag-tenisky","tag-zabava"],"share_on_mastodon":{"url":"https:\/\/pubeurope.com\/@cz\/117210781322305212","error":""},"_links":{"self":[{"href":"https:\/\/www.europesays.com\/cz\/wp-json\/wp\/v2\/posts\/202181","targetHints":{"allow":["GET"]}}],"collection":[{"href":"https:\/\/www.europesays.com\/cz\/wp-json\/wp\/v2\/posts"}],"about":[{"href":"https:\/\/www.europesays.com\/cz\/wp-json\/wp\/v2\/types\/post"}],"author":[{"embeddable":true,"href":"https:\/\/www.europesays.com\/cz\/wp-json\/wp\/v2\/users\/2"}],"replies":[{"embeddable":true,"href":"https:\/\/www.europesays.com\/cz\/wp-json\/wp\/v2\/comments?post=202181"}],"version-history":[{"count":0,"href":"https:\/\/www.europesays.com\/cz\/wp-json\/wp\/v2\/posts\/202181\/revisions"}],"wp:featuredmedia":[{"embeddable":true,"href":"https:\/\/www.europesays.com\/cz\/wp-json\/wp\/v2\/media\/202182"}],"wp:attachment":[{"href":"https:\/\/www.europesays.com\/cz\/wp-json\/wp\/v2\/media?parent=202181"}],"wp:term":[{"taxonomy":"category","embeddable":true,"href":"https:\/\/www.europesays.com\/cz\/wp-json\/wp\/v2\/categories?post=202181"},{"taxonomy":"post_tag","embeddable":true,"href":"https:\/\/www.europesays.com\/cz\/wp-json\/wp\/v2\/tags?post=202181"}],"curies":[{"name":"wp","href":"https:\/\/api.w.org\/{rel}","templated":true}]}}