{"id":202183,"date":"2026-09-04T04:08:20","date_gmt":"2026-09-04T04:08:20","guid":{"rendered":"https:\/\/www.europesays.com\/cz\/202183\/"},"modified":"2026-09-04T04:08:20","modified_gmt":"2026-09-04T04:08:20","slug":"pozar-kuchyne-v-praze-dostali-hasici-rychle-pod-kontrolu-pomoci-jednoho-vodniho-proudu-pozary-cz-ohnisko-zhavych-zprav","status":"publish","type":"post","link":"https:\/\/www.europesays.com\/cz\/202183\/","title":{"rendered":"Po\u017e\u00e1r kuchyn\u011b v\u00a0Praze dostali hasi\u010di rychle pod kontrolu pomoc\u00ed jednoho vodn\u00edho\u00a0proudu | PO\u017d\u00c1RY.cz &#8211; ohnisko \u017ehav\u00fdch zpr\u00e1v"},"content":{"rendered":"<p>   Po\u017e\u00e1r kuchyn\u011b v\u00a0Praze dostali hasi\u010di rychle pod kontrolu pomoc\u00ed jednoho vodn\u00edho\u00a0proudu | PO\u017d\u00c1RY.cz &#8211; ohnisko \u017ehav\u00fdch zpr\u00e1v | hasi\u010di aktu\u00e1ln\u011b                                 <\/p>\n<p> P\u00e1tek 4. z\u00e1\u0159\u00ed 2026, od 07:00 bude slou\u017eit sm\u011bna C. Jak pozn\u00e1te hasi\u010de v prchaj\u00edc\u00edm davu? Jde opa\u010dn\u00fdm sm\u011brem. <\/p>\n<p>    <a href=\"https:\/\/www.ctyrkolky-bce.cz\/\" target=\"_blank\" rel=\"nofollow noopener\"><img decoding=\"async\" src=\"https:\/\/www.europesays.com\/cz\/wp-content\/uploads\/2026\/09\/970x150.jpg\" alt=\"\"\/><\/a>     <a id=\"web-logo\" href=\"https:\/\/www.pozary.cz\" rel=\"nofollow noopener\" target=\"_blank\">    Vyberte kraj Hlavn\u00ed m\u011bsto Praha Jiho\u010desk\u00fd kraj Jihomoravsk\u00fd kraj Karlovarsk\u00fd kraj Kr\u00e1lov\u00e9hradeck\u00fd kraj Libereck\u00fd kraj Moravskoslezsk\u00fd kraj Olomouck\u00fd kraj Pardubick\u00fd kraj Plze\u0148sk\u00fd kraj St\u0159edo\u010desk\u00fd kraj \u00dasteck\u00fd kraj Vyso\u010dina Zl\u00ednsk\u00fd kraj             03.09.2026 23:41  <\/p>\n<p> Hlavn\u00ed m\u011bsto Praha <\/p>\n<p>Pra\u017e\u0161t\u00ed hasi\u010di ze stanice Sokolsk\u00e1 vyjeli do Rube\u0161ovy ulice k\u00a0ohl\u00e1\u0161en\u00e9mu kou\u0159i vych\u00e1zej\u00edc\u00edmu z\u00a0m\u00edstnosti. N\u00e1sledn\u00fdm pr\u016fzkumem na m\u00edst\u011b jednotka zjistila, \u017ee do\u0161lo k\u00a0po\u017e\u00e1ru vybaven\u00ed kuchyn\u011b.<\/p>\n<p><img loading=\"lazy\" decoding=\"async\" src=\"https:\/\/www.europesays.com\/cz\/wp-content\/uploads\/2026\/09\/jkat9z4ilo.800.jpg\" width=\"800\" alt=\"\" title=\"\" data-href=\"https:\/\/storage.pozary.cz\/article\/6\/a\/6a9a381590380\/jkat9z4ilo.1400.jpg\" height=\"600\"\/><\/p>\n<p>K\u00a0uha\u0161en\u00ed plamen\u016f hasi\u010di nasadili jeden vodn\u00ed proud a k\u00a0odv\u011btr\u00e1n\u00ed zakou\u0159en\u00e9 budovy pou\u017eili p\u0159etlakovou ventilaci. Jednu osobu museli hasi\u010di p\u0159edat do p\u00e9\u010de p\u0159ivolan\u00e9 zdravotnick\u00e9 z\u00e1chrann\u00e9 slu\u017eby.<\/p>\n<p> HZS Praha <\/p>\n<p>  <a id=\"fb-share-button\" href=\"https:\/\/www.facebook.com\/dialog\/share?app_id=109252264757&amp;href=https:\/\/www.pozary.cz\/clanek\/307721-pozar-kuchyne-v-praze-dostali-hasici-rychle-pod-kontrolu-pomoci-jednoho-vodniho-proudu\/\" rel=\"nofollow noopener\" target=\"_blank\">Sd\u00edlet <\/a>  <a href=\"https:\/\/storage.pozary.cz\/article\/6\/a\/6a9a381590380\/jkat9z4ilo.1400.jpg\" target=\"_blank\" rel=\"nofollow noopener\"> <img loading=\"lazy\" decoding=\"async\" src=\"https:\/\/www.europesays.com\/cz\/wp-content\/uploads\/2026\/09\/jkat9z4ilo.200.jpg\" width=\"200\" height=\"150\" alt=\"\" title=\"\"\/> <\/a> <a href=\"https:\/\/storage.pozary.cz\/article\/6\/a\/6a9a381590380\/8isbtkvnkv.1400.jpg\" target=\"_blank\" rel=\"nofollow noopener\"> <img loading=\"lazy\" decoding=\"async\" src=\"https:\/\/www.europesays.com\/cz\/wp-content\/uploads\/2026\/09\/8isbtkvnkv.200.jpg\" width=\"200\" height=\"150\" alt=\"\" title=\"\"\/> <\/a> <a href=\"https:\/\/storage.pozary.cz\/article\/6\/a\/6a9a381590380\/ahqmquu73i.1400.jpg\" target=\"_blank\" rel=\"nofollow noopener\"> <img loading=\"lazy\" decoding=\"async\" src=\"https:\/\/www.europesays.com\/cz\/wp-content\/uploads\/2026\/09\/ahqmquu73i.200.jpg\" width=\"200\" height=\"150\" alt=\"\" title=\"\"\/> <\/a>          <a href=\"https:\/\/www.stablecam.com\/\" target=\"_blank\" rel=\"nofollow noopener\"><img decoding=\"async\" src=\"https:\/\/www.europesays.com\/cz\/wp-content\/uploads\/2026\/09\/strablecam-900.png\" alt=\"\"\/><\/a>       <\/p>\n<p>pozary@pozary.cz<br \/>e-mail doraz\u00ed v\u0161em redaktor\u016fm<\/p>\n<p>SMS: 776 580 751<br \/>netelefonujte, SMSkujte, odpov\u00edme<\/p>\n<p> PO\u017d\u00c1RY.cz | www.pozary.cz | I\u010c: 22908277 <\/p>\n","protected":false},"excerpt":{"rendered":"Po\u017e\u00e1r kuchyn\u011b v\u00a0Praze dostali hasi\u010di rychle pod kontrolu pomoc\u00ed jednoho vodn\u00edho\u00a0proudu | PO\u017d\u00c1RY.cz &#8211; ohnisko \u017ehav\u00fdch zpr\u00e1v |&hellip;\n","protected":false},"author":2,"featured_media":202184,"comment_status":"","ping_status":"","sticky":false,"template":"","format":"standard","meta":{"footnotes":"","_share_on_mastodon":"0"},"categories":[30],"tags":[98,99],"class_list":["post-202183","post","type-post","status-publish","format-standard","has-post-thumbnail","category-praha","tag-prague","tag-praha"],"share_on_mastodon":{"url":"https:\/\/pubeurope.com\/@cz\/117210808789345515","error":""},"_links":{"self":[{"href":"https:\/\/www.europesays.com\/cz\/wp-json\/wp\/v2\/posts\/202183","targetHints":{"allow":["GET"]}}],"collection":[{"href":"https:\/\/www.europesays.com\/cz\/wp-json\/wp\/v2\/posts"}],"about":[{"href":"https:\/\/www.europesays.com\/cz\/wp-json\/wp\/v2\/types\/post"}],"author":[{"embeddable":true,"href":"https:\/\/www.europesays.com\/cz\/wp-json\/wp\/v2\/users\/2"}],"replies":[{"embeddable":true,"href":"https:\/\/www.europesays.com\/cz\/wp-json\/wp\/v2\/comments?post=202183"}],"version-history":[{"count":0,"href":"https:\/\/www.europesays.com\/cz\/wp-json\/wp\/v2\/posts\/202183\/revisions"}],"wp:featuredmedia":[{"embeddable":true,"href":"https:\/\/www.europesays.com\/cz\/wp-json\/wp\/v2\/media\/202184"}],"wp:attachment":[{"href":"https:\/\/www.europesays.com\/cz\/wp-json\/wp\/v2\/media?parent=202183"}],"wp:term":[{"taxonomy":"category","embeddable":true,"href":"https:\/\/www.europesays.com\/cz\/wp-json\/wp\/v2\/categories?post=202183"},{"taxonomy":"post_tag","embeddable":true,"href":"https:\/\/www.europesays.com\/cz\/wp-json\/wp\/v2\/tags?post=202183"}],"curies":[{"name":"wp","href":"https:\/\/api.w.org\/{rel}","templated":true}]}}