{"id":202191,"date":"2026-09-04T04:25:13","date_gmt":"2026-09-04T04:25:13","guid":{"rendered":"https:\/\/www.europesays.com\/cz\/202191\/"},"modified":"2026-09-04T04:25:13","modified_gmt":"2026-09-04T04:25:13","slug":"macinka-a-okamura-bombarduji-rozpocet-je-to-divadlo-shoduji-se-politologove","status":"publish","type":"post","link":"https:\/\/www.europesays.com\/cz\/202191\/","title":{"rendered":"Macinka a\u00a0Okamura bombarduj\u00ed rozpo\u010det. Je to divadlo, shoduj\u00ed se politologov\u00e9"},"content":{"rendered":"<p class=\"c_bB\">\u201eJe to takov\u00e1 pozv\u00e1nka do p\u0159edvolebn\u00ed kampan\u011b. Ka\u017ed\u00fd se te\u010f chce uk\u00e1zat p\u0159ed voli\u010di, \u017ee je r\u00e1zn\u00fd, z\u00e1sadn\u00ed a\u00a0um\u00ed vyhandlovat n\u011bjak\u00fd kompromis,\u201c uvedl pro Novinky politolog Jan Kub\u00e1\u010dek a\u00a0dodal, \u017ee kdy\u017e se bojuje o\u00a0hlasy a\u00a0mand\u00e1ty, mus\u00ed j\u00edt zkr\u00e1tka vl\u00e1dn\u00ed spojenectv\u00ed na n\u011bjakou chv\u00edli stranou. <\/p>\n<p class=\"c_bB\">Voli\u010di SPD i\u00a0Motorist\u016f maj\u00ed podle n\u011bj na fungov\u00e1n\u00ed st\u00e1tn\u00ed pokladny trochu jin\u00fd n\u00e1zor ne\u017e voli\u010di ANO a\u00a0jsou na hospoda\u0159en\u00ed st\u00e1tu citliv\u011bj\u0161\u00ed: \u201eMotorist\u00e9 sob\u011b brali voli\u010de nejen ODS, ale i\u00a0Svobodn\u00fdm a\u00a0dal\u0161\u00edm pravost\u0159edov\u00fdm subjekt\u016fm. A\u00a0SPD vedle voli\u010d\u016f se striktn\u011b konzervativn\u00edmi a\u00a0tradicionalistick\u00fdmi postoji p\u0159itahuje tak\u00e9 n\u011bkter\u00e9 \u017eivnostn\u00edky.\u201c<\/p>\n<p class=\"c_bB\">Podle politologa Josefa Mlejnka z\u00a0Fakulty soci\u00e1ln\u00edch v\u011bd Univerzity Karlovy se ani Motorist\u00e9, ani SPD vyjedn\u00e1v\u00e1n\u00ed o\u00a0rozpo\u010dtu zjevn\u011b p\u0159\u00edli\u0161 nev\u011bnovali a\u00a0nechali to na hnut\u00ed ANO. Te\u010f, po kritice ze strany voli\u010d\u016f, se sna\u017e\u00ed zachr\u00e1nit, co se d\u00e1. \u201eZ\u0159ejm\u011b jim do\u0161lo, \u017ee si nevysta\u010d\u00ed s\u00a0t\u00edm, \u017ee te\u010f to n\u011bjak \u201askousnou\u2018, a\u00a0sl\u00edb\u00ed zlep\u0161en\u00ed v\u00a0p\u0159\u00ed\u0161t\u00edm roce,\u201c doplnil Mlejnek.<\/p>\n<p><a data-dot=\"atm-link\" target=\"_self\" href=\"https:\/\/www.novinky.cz\/clanek\/domaci-za-rok-uz-si-rozpocet-pohlidame-slibuje-macinka-pred-dalsim-obrim-schodkem-40594824\" class=\"c_I\" rel=\"nofollow noopener\"><img fetchpriority=\"high\" height=\"2304\" width=\"4096\" src=\"https:\/\/www.europesays.com\/cz\/wp-content\/uploads\/2026\/09\/1788495913_58_e0d1.jpeg\" loading=\"eager\" decoding=\"sync\" class=\"c_t c_r\"\/><\/a><\/p>\n<p class=\"c_bB\">Pr\u00e1v\u011b proto podle obou politolog\u016f spustili divadlo pro voli\u010de. \u201eJsou to sp\u00ed\u0161 politick\u00e9 hr\u00e1tky, mo\u017en\u00e1 hnut\u00ed ANO i\u00a0ministryn\u011b financ\u00ed Alena Schillerov\u00e1 pochop\u00ed, \u017ee maj\u00ed koali\u010dn\u00ed partnery. N\u00e1sledn\u011b dost mo\u017en\u00e1 ud\u011blaj\u00ed kole\u010dko vyjedn\u00e1v\u00e1n\u00ed a\u00a0n\u011bco \u0161krtnou. Vl\u00e1dn\u00ed krizi bych nep\u0159edpokl\u00e1dal,\u201c nast\u00ednil mo\u017en\u00fd v\u00fdvoj Mlejnek.  <\/p>\n<p class=\"c_bB\">Tot\u00e9\u017e si mysl\u00ed i\u00a0Kub\u00e1\u010dek: \u201eZ velk\u00e9 \u010d\u00e1sti to je proces, kter\u00fd m\u00e1 uk\u00e1zat, \u017ee ve vl\u00e1d\u011b nen\u00ed nikdo do po\u010dtu. Rozhodn\u011b to nen\u00ed n\u011bco, co by m\u011blo ot\u0159\u00e1st vl\u00e1dou.\u201c<\/p>\n<p>Skoro jako za covidu<\/p>\n<p class=\"c_bB\">Motorist\u00e9 se p\u0159ed volbami hl\u00e1sili k\u00a0vyrovnan\u00fdm rozpo\u010dt\u016fm a\u00a0slibovali, \u017ee budou \u201ehl\u00eddat Babi\u0161e\u201c. Je\u0161t\u011b p\u0159ed n\u011bkolika dny Macinka konstatoval, \u017ee se s\u00a0chystan\u00fdm schodkem ned\u00e1 nic d\u011blat a\u00a0\u017ee bude p\u0159\u00ed\u0161t\u00ed rok men\u0161\u00ed. V\u00a0\u00fater\u00fd ale oto\u010dil. \u201ePokud se neshodneme na aspo\u0148 \u010d\u00e1sti na\u0161ich n\u00e1vrh\u016f, tak Motorist\u00e9 budou m\u00edt opravdu velk\u00fd probl\u00e9m rozpo\u010det potvrdit,\u201c \u0159ekl. Podle n\u011bj by se dalo u\u0161et\u0159it na zdravotnictv\u00ed, soci\u00e1ln\u00edch v\u011bcech, \u0161kolstv\u00ed a\u00a0dotac\u00edch. <\/p>\n<p class=\"c_bB\">Ve \u010dtvrtek pak na jedn\u00e1n\u00ed s\u00a0ANO p\u0159edlo\u017eil <a data-dot=\"atm-link\" target=\"_blank\" href=\"https:\/\/www.novinky.cz\/clanek\/domaci-motoriste-chteji-seskrtat-schodek-rozpoctu-o-20-miliard-40595950\" class=\"c_I\" rel=\"nofollow noopener\">po\u017eadavky na zm\u011bny v\u00a0rozpo\u010dtu<\/a>, kter\u00e9 by pr\u00fd mohly zajistit pokles deficitu o\u00a020\u00a0miliard korun. Schillerov\u00e1 po sch\u016fzce uvedla, \u017ee vid\u00ed prostor pro \u0161krty jen v\u00a0\u0159\u00e1du ni\u017e\u0161\u00edch jednotek miliard.<\/p>\n<p class=\"c_bB\">I Okamuru pr\u00fd v\u00fdsledn\u00fd schodek zarazil. \u201eSe schodkem rozpo\u010dtu absolutn\u011b nem\u016f\u017eu b\u00fdt spokojen. Mysl\u00edm, \u017ee nad n\u00edm vyvol\u00e1me ve vl\u00e1dn\u00ed koalici debatu, proto\u017ee to nelze p\u0159ej\u00edt bez n\u011bjak\u00e9 hlub\u0161\u00ed diskuse,\u201c uvedl v\u00a0\u00fater\u00fd na CNN Prima News Okamura. \u0160et\u0159it by cht\u011bl na pomoci cizinc\u016fm a\u00a0podpo\u0159e nevl\u00e1dn\u00edch organizac\u00ed.<\/p>\n<p class=\"c_bB\">Ministryn\u011b financ\u00ed Schillerov\u00e1 (ANO) v\u00a0pond\u011bl\u00ed p\u0159edstavila n\u00e1vrh st\u00e1tn\u00edho rozpo\u010dtu na p\u0159\u00ed\u0161t\u00ed rok s\u00a0p\u0159edpokl\u00e1dan\u00fdm schodkem ve v\u00fd\u0161i 389\u00a0miliard korun. Deficit by tak meziro\u010dn\u011b vzrostl o\u00a079\u00a0miliard a\u00a0stal se druh\u00fdm nejvy\u0161\u0161\u00edm v\u00a0historii \u010ceska. Vy\u0161\u0161\u00ed schodek st\u00e1t zaznamenal pouze v\u00a0roce 2021, tehdy ho ale poznamenala pandemie covidu-19.\u00a0Tentokr\u00e1t chce vl\u00e1da hospoda\u0159it s\u00a0takto vysok\u00fdm deficitem v\u00a0dob\u011b ekonomick\u00e9ho r\u016fstu.<\/p>\n<p><a data-dot=\"atm-link\" target=\"_self\" href=\"https:\/\/www.novinky.cz\/clanek\/domaci-s-petrem-macinkou-mame-radu-spolecnych-temat-rekl-pavel-a-zminil-rozpocet-40595397\" class=\"c_I\" rel=\"nofollow noopener\"><img height=\"2304\" width=\"4096\" src=\"https:\/\/www.europesays.com\/cz\/wp-content\/uploads\/2026\/09\/1788495913_961_b619.jpeg\" loading=\"eager\" decoding=\"sync\" class=\"c_t c_r\"\/><\/a><\/p>\n","protected":false},"excerpt":{"rendered":"\u201eJe to takov\u00e1 pozv\u00e1nka do p\u0159edvolebn\u00ed kampan\u011b. Ka\u017ed\u00fd se te\u010f chce uk\u00e1zat p\u0159ed voli\u010di, \u017ee je r\u00e1zn\u00fd, z\u00e1sadn\u00ed&hellip;\n","protected":false},"author":2,"featured_media":202192,"comment_status":"","ping_status":"","sticky":false,"template":"","format":"standard","meta":{"footnotes":"","_share_on_mastodon":"0"},"categories":[7],"tags":[297,43,42,41,40,418,137,26419,1838],"class_list":["post-202191","post","type-post","status-publish","format-standard","has-post-thumbnail","category-cesko","tag-alena-schillerova","tag-ceska-republika","tag-cesko","tag-czech-republic","tag-czechia","tag-petr-macinka","tag-rozpocet","tag-schodek","tag-tomio-okamura"],"share_on_mastodon":{"url":"https:\/\/pubeurope.com\/@cz\/117210876016733089","error":""},"_links":{"self":[{"href":"https:\/\/www.europesays.com\/cz\/wp-json\/wp\/v2\/posts\/202191","targetHints":{"allow":["GET"]}}],"collection":[{"href":"https:\/\/www.europesays.com\/cz\/wp-json\/wp\/v2\/posts"}],"about":[{"href":"https:\/\/www.europesays.com\/cz\/wp-json\/wp\/v2\/types\/post"}],"author":[{"embeddable":true,"href":"https:\/\/www.europesays.com\/cz\/wp-json\/wp\/v2\/users\/2"}],"replies":[{"embeddable":true,"href":"https:\/\/www.europesays.com\/cz\/wp-json\/wp\/v2\/comments?post=202191"}],"version-history":[{"count":0,"href":"https:\/\/www.europesays.com\/cz\/wp-json\/wp\/v2\/posts\/202191\/revisions"}],"wp:featuredmedia":[{"embeddable":true,"href":"https:\/\/www.europesays.com\/cz\/wp-json\/wp\/v2\/media\/202192"}],"wp:attachment":[{"href":"https:\/\/www.europesays.com\/cz\/wp-json\/wp\/v2\/media?parent=202191"}],"wp:term":[{"taxonomy":"category","embeddable":true,"href":"https:\/\/www.europesays.com\/cz\/wp-json\/wp\/v2\/categories?post=202191"},{"taxonomy":"post_tag","embeddable":true,"href":"https:\/\/www.europesays.com\/cz\/wp-json\/wp\/v2\/tags?post=202191"}],"curies":[{"name":"wp","href":"https:\/\/api.w.org\/{rel}","templated":true}]}}