{"id":202193,"date":"2026-09-04T04:26:13","date_gmt":"2026-09-04T04:26:13","guid":{"rendered":"https:\/\/www.europesays.com\/cz\/202193\/"},"modified":"2026-09-04T04:26:13","modified_gmt":"2026-09-04T04:26:13","slug":"evropu-rozdeli-extremni-vedra-a-studena-fronta","status":"publish","type":"post","link":"https:\/\/www.europesays.com\/cz\/202193\/","title":{"rendered":"Evropu rozd\u011bl\u00ed extr\u00e9mn\u00ed vedra a\u00a0studen\u00e1 fronta"},"content":{"rendered":"<p class=\"c_bB\">Z hlediska dopad\u016f bude v\u00fdznamn\u011bj\u0161\u00ed tepl\u00e1 vzduchov\u00e1 hmota p\u016fvodem ze severn\u00ed Afriky. Ta v\u00a0z\u00e1v\u011bru t\u00fddne pod vlivem mohutn\u00e9 tlakov\u00e9 v\u00fd\u0161e v\u00fdrazn\u011b zes\u00edl\u00ed nad z\u00e1padn\u00ed a\u00a0ji\u017en\u00ed Evropou.<\/p>\n<p class=\"c_bB\">Vlna extr\u00e9mn\u00edch veder zas\u00e1hne zejm\u00e9na \u0160pan\u011blsko, ji\u017en\u00ed Francii, It\u00e1lii a\u00a0Balk\u00e1n. Teploty zde mohou p\u0159es den lok\u00e1ln\u011b \u0161plhat na 35\u00a0a\u017e 40\u00a0\u00b0C, p\u0159i\u010dem\u017e v\u00a0noci neklesnou pod 20\u00a0a\u017e 25\u00a0\u00b0C. <\/p>\n<p class=\"c_bB\">Z\u00e1\u0159ijov\u00e9 vlny veder jsou p\u0159itom vz\u00e1cn\u00e9. Vzhledem ke krat\u0161\u00edm dn\u016fm a\u00a0del\u0161\u00edm noc\u00edm se jedn\u00e1 o\u00a0v\u00fdraznou anom\u00e1lii a\u00a0na mnoha m\u00edstech pravd\u011bpodobn\u011b padnou podzimn\u00ed teplotn\u00ed rekordy. Situace je znepokojiv\u00e1 hlavn\u011b ve Francii, kter\u00e1 letos za\u017eila u\u017e p\u011bt vln veder a\u00a0nejteplej\u0161\u00ed l\u00e9to v\u00a0historii.<\/p>\n<p><a data-dot=\"atm-link\" target=\"_self\" href=\"https:\/\/www.novinky.cz\/clanek\/pocasi-o-vikendu-se-citelne-ochladi-40595693\" class=\"c_I\" rel=\"nofollow noopener\"><img fetchpriority=\"high\" height=\"1080\" width=\"1920\" src=\"https:\/\/www.europesays.com\/cz\/wp-content\/uploads\/2026\/09\/1788495972_606_studena-fronta-mrak-dest-pocasi.jpeg\" loading=\"eager\" decoding=\"sync\" class=\"c_t c_r\"\/><\/a><\/p>\n<p class=\"c_bB\">Podle port\u00e1lu <a data-dot=\"atm-link\" target=\"_blank\" rel=\"noopener nofollow\" href=\"https:\/\/www.severe-weather.eu\/global-weather\/september-heat-dome-heatwave-europe-spain-italy-balkans-2026-mk\/\" class=\"c_I\">Severe Weather Europe<\/a> bude hnac\u00ed silou tohoto extr\u00e9mu takzvan\u00e1 tepeln\u00e1 kupole. Jde o\u00a0jev, kdy rozs\u00e1hl\u00e1 a\u00a0zablokovan\u00e1 tlakov\u00e1 v\u00fd\u0161e stla\u010duje tepl\u00fd vzduch k\u00a0povrchu, \u010d\u00edm\u017e ho ve spodn\u00edch vrstv\u00e1ch atmosf\u00e9ry je\u0161t\u011b v\u00edce proh\u0159\u00edv\u00e1.<\/p>\n<p lang=\"fr\" dir=\"ltr\">On ajoute de l\u2019in\u00e9dit \u00e0 l\u2019in\u00e9dit. Apr\u00e8s mai, juin, juillet et ao\u00fbt\u2026 voici septembre !<\/p>\n<p>D\u00e8s demain, les temp\u00e9ratures approcheront de nouveau localement les 37-40\u00b0C dans le sud de la France. Certains records mensuels pourraient \u00eatre battus de plusieurs degr\u00e9s, avec une facilit\u00e9\u2026 <a href=\"https:\/\/t.co\/7eFpPCtETK\" rel=\"nofollow\">pic.twitter.com\/7eFpPCtETK<\/a><\/p>\n<p>\u2014 Dr. Serge Zaka (Dr. Zarge) (@SergeZaka) <a href=\"https:\/\/x.com\/SergeZaka\/status\/2095137458816012576?ref_src=twsrc%5Etfw\" rel=\"nofollow\">September 2, 2026<\/a><\/p>\n<p>Po\u010das\u00ed jako na houpa\u010dce<\/p>\n<p class=\"c_bB\">Kr\u00e1tkou ochutn\u00e1vku za\u017eije v\u00a0p\u00e1tek i\u00a0st\u0159edn\u00ed Evropa, kde rtu\u0165 teplom\u011bru lok\u00e1ln\u011b p\u0159ekro\u010d\u00ed 30\u00a0\u00b0C. V\u00a0\u010cesku se to t\u00fdk\u00e1 zejm\u00e9na ji\u017en\u00ed Moravy, ojedin\u011ble se tropy mohou objevit i\u00a0na st\u0159edn\u00ed Morav\u011b a\u00a0v Polab\u00ed.<\/p>\n<p class=\"c_bB\">B\u011bhem v\u00edkendu se v\u0161ak p\u0159es \u010d\u00e1st Evropy p\u0159e\u017eene od severoz\u00e1padu studen\u00e1 fronta a\u00a0vysok\u00e9 teploty sraz\u00ed. Na jej\u00edm \u010dele vznikne ostr\u00e9 teplotn\u00ed rozhran\u00ed. Zat\u00edmco v\u00a0\u010cesku se sobotn\u00ed maxima budou pohybovat jen kolem 20\u00a0\u00b0C, jih Slovenska m\u016f\u017ee st\u00e1le za\u017e\u00edvat tropick\u00fd den.<\/p>\n<p class=\"c_bB\">Zat\u00edmco v\u00a0chladn\u011bj\u0161\u00edm sektoru budou teploty m\u00edrn\u011b pod nebo kolem norm\u00e1lu, jih a\u00a0z\u00e1pad Evropy z\u016fstanou velmi vysoko nad pr\u016fm\u011brem. Pr\u00e1v\u011b teploty atakuj\u00edc\u00ed \u010dty\u0159ic\u00edtky vytvo\u0159\u00ed nad kontinentem obrovsk\u00fd kontrast.<\/p>\n<p><img height=\"493\"   width=\"813\" src=\"https:\/\/www.europesays.com\/cz\/wp-content\/uploads\/2026\/09\/ecmwf-plumes-pocasi.png\" loading=\"eager\" decoding=\"sync\" class=\"c_t c_r\"\/>Foto: ECMWF<\/p>\n<p class=\"c_bB\">\u010cesko \u010dekaj\u00ed v\u00fdrazn\u00e9 teplotn\u00ed v\u00fdkyvy.<\/p>\n<p class=\"c_bB\">Mimo\u0159\u00e1dn\u00e1 vedra nav\u00edc studenou frontu v\u00a0Evrop\u011b p\u0159e\u017eij\u00ed a\u00a0u\u017e v\u00a0z\u00e1v\u011bru v\u00edkendu se za\u010dnou \u0161\u00ed\u0159it zp\u011bt na sever a\u00a0v\u00fdchod. St\u0159edn\u00ed Evropu proto v\u00a0\u00favodu p\u0159\u00ed\u0161t\u00edho t\u00fddne \u010dek\u00e1 dal\u0161\u00ed oteplen\u00ed. V\u00a0\u00fater\u00fd by teploty v\u00a0\u010cesku mohly op\u011bt \u00fato\u010dit na tropick\u00e9 hodnoty.<\/p>\n<p class=\"c_bB\">T\u00edm ale velk\u00e9 v\u00fdkyvy neskon\u010d\u00ed. B\u011bhem p\u0159\u00ed\u0161t\u00edho t\u00fddne meteorologick\u00e9 modely r\u00fdsuj\u00ed nad Evropou dal\u0161\u00ed v\u00fdznamnou zm\u011bnu. Mezi \u00fater\u00fdm a\u00a0st\u0159edou by m\u011bla dorazit studen\u00e1 fronta, kter\u00e1 hork\u00fd vzduch oslab\u00ed a\u00a0odsune definitivn\u011b na v\u00fdchod.<\/p>\n<p class=\"c_bB\">Zda p\u016fjde o\u00a0trvalej\u0161\u00ed zlom, je zat\u00edm p\u0159ed\u010dasn\u00e9 spekulovat. Modely v\u0161ak s\u00a0rostouc\u00ed pravd\u011bpodobnost\u00ed nazna\u010duj\u00ed p\u0159echod na klasick\u00e9 z\u00e1padn\u00ed atlantick\u00e9 proud\u011bn\u00ed. To by kontinentu kone\u010dn\u011b p\u0159ineslo b\u011b\u017en\u00e9 z\u00e1\u0159ijov\u00e9 teploty a\u00a0tolik pot\u0159ebn\u00e9 sr\u00e1\u017eky.<\/p>\n<p><a data-dot=\"atm-link\" target=\"_self\" href=\"https:\/\/www.novinky.cz\/clanek\/pocasi-usa-sevrela-tepelna-kupole-40595441\" class=\"c_I\" rel=\"nofollow noopener\"><img height=\"576\" width=\"1024\" src=\"https:\/\/www.europesays.com\/cz\/wp-content\/uploads\/2026\/09\/1788495973_286_tropical-tidbits-teplota-pocasi-vlna-veder.png\" loading=\"eager\" decoding=\"sync\" class=\"c_t c_r\"\/><\/a><script async src=\"https:\/\/platform.twitter.com\/widgets.js\" charset=\"utf-8\"><\/script><\/p>\n","protected":false},"excerpt":{"rendered":"Z hlediska dopad\u016f bude v\u00fdznamn\u011bj\u0161\u00ed tepl\u00e1 vzduchov\u00e1 hmota p\u016fvodem ze severn\u00ed Afriky. Ta v\u00a0z\u00e1v\u011bru t\u00fddne pod vlivem mohutn\u00e9&hellip;\n","protected":false},"author":2,"featured_media":202194,"comment_status":"","ping_status":"","sticky":false,"template":"","format":"standard","meta":{"footnotes":"","_share_on_mastodon":"0"},"categories":[10],"tags":[106,35509,17,21,16,9711,255,18,19,22,33375,3658,20],"class_list":["post-202193","post","type-post","status-publish","format-standard","has-post-thumbnail","category-zpravy","tag-evropa","tag-extremni-vedro","tag-headlines","tag-hlavni-udalosti","tag-news","tag-ochlazeni","tag-pocasi","tag-top-news","tag-top-stories","tag-udalosti-dne","tag-vlna-veder","tag-vysoke-teploty","tag-zpravy"],"share_on_mastodon":{"url":"https:\/\/pubeurope.com\/@cz\/117210879741900721","error":""},"_links":{"self":[{"href":"https:\/\/www.europesays.com\/cz\/wp-json\/wp\/v2\/posts\/202193","targetHints":{"allow":["GET"]}}],"collection":[{"href":"https:\/\/www.europesays.com\/cz\/wp-json\/wp\/v2\/posts"}],"about":[{"href":"https:\/\/www.europesays.com\/cz\/wp-json\/wp\/v2\/types\/post"}],"author":[{"embeddable":true,"href":"https:\/\/www.europesays.com\/cz\/wp-json\/wp\/v2\/users\/2"}],"replies":[{"embeddable":true,"href":"https:\/\/www.europesays.com\/cz\/wp-json\/wp\/v2\/comments?post=202193"}],"version-history":[{"count":0,"href":"https:\/\/www.europesays.com\/cz\/wp-json\/wp\/v2\/posts\/202193\/revisions"}],"wp:featuredmedia":[{"embeddable":true,"href":"https:\/\/www.europesays.com\/cz\/wp-json\/wp\/v2\/media\/202194"}],"wp:attachment":[{"href":"https:\/\/www.europesays.com\/cz\/wp-json\/wp\/v2\/media?parent=202193"}],"wp:term":[{"taxonomy":"category","embeddable":true,"href":"https:\/\/www.europesays.com\/cz\/wp-json\/wp\/v2\/categories?post=202193"},{"taxonomy":"post_tag","embeddable":true,"href":"https:\/\/www.europesays.com\/cz\/wp-json\/wp\/v2\/tags?post=202193"}],"curies":[{"name":"wp","href":"https:\/\/api.w.org\/{rel}","templated":true}]}}