{"id":202195,"date":"2026-09-04T04:27:15","date_gmt":"2026-09-04T04:27:15","guid":{"rendered":"https:\/\/www.europesays.com\/cz\/202195\/"},"modified":"2026-09-04T04:27:15","modified_gmt":"2026-09-04T04:27:15","slug":"migracni-krize-v-ceute-promenuje-spanelskou-metropoli-v-bojiste","status":"publish","type":"post","link":"https:\/\/www.europesays.com\/cz\/202195\/","title":{"rendered":"Migra\u010dn\u00ed krize v\u00a0Ceut\u011b prom\u011b\u0148uje \u0161pan\u011blskou metropoli v\u00a0boji\u0161t\u011b"},"content":{"rendered":"<p class=\"c_bB\">Lid\u00e9 protestuj\u00ed proti zp\u016fsobu, jak\u00fdm \u0161pan\u011blsk\u00e1 vl\u00e1da \u0159e\u0161\u00ed krizi v\u00a0Ceut\u011b, kde nad\u00e1le setrv\u00e1v\u00e1 na osm tis\u00edc migrant\u016f a\u00a0odm\u00edtaj\u00ed m\u00edsto opustit. Premi\u00e9r \u010del\u00ed kritice i\u00a0za p\u0159\u00edli\u0161 vst\u0159\u00edcn\u00fd p\u0159\u00edstup k\u00a0Maroku, kter\u00e9 n\u011bkte\u0159\u00ed demonstranti pova\u017euj\u00ed za spoluzodpov\u011bdn\u00e9 za \u010dervencov\u00fd masivn\u00ed p\u0159\u00edchod migrant\u016f do Ceuty.<\/p>\n<p class=\"c_bB\">Demonstranti po\u017eadovali S\u00e1nchezovu rezignaci. Alberto N\u00fa\u00f1ez Feij\u00f3o, v\u016fdce konzervativn\u00ed Lidov\u00e9 strany (PP), se na demonstraci v\u00a0Madridu do ministersk\u00e9ho p\u0159edsedy ost\u0159e pustil. \u201eM\u011bsto ve \u0160pan\u011blsku bylo napadeno, obsazeno a\u00a0bohu\u017eel se to stalo za pln\u00e9ho v\u011bdom\u00ed \u0161pan\u011blsk\u00e9ho kabinetu,\u201c \u0159ekl. Podobn\u011b se vyj\u00e1d\u0159il i\u00a0p\u0159edseda strany Vox Santiago Abascal. Ten se nechal sly\u0161et, \u017ee S\u00e1nchez jedn\u00e1 \u201eve slu\u017eb\u00e1ch marock\u00e9ho re\u017eimu jako poskok\u201c.<\/p>\n<p class=\"c_bB\">V Madridu vy\u0161lo do ulic na 50\u00a0tis\u00edc lid\u00ed a\u00a0zprvu pokojn\u00e1 demonstrace se pozd\u011bji zvrhla v\u00a0bitky s\u00a0policisty. N\u011bkte\u0159\u00ed demonstranti h\u00e1zeli pouli\u010dn\u00ed z\u00e1brany a\u00a0sna\u017eili se blokovat policejn\u00ed vozidla, zat\u00edmco jin\u00ed z\u016fstali v\u00a0ulic\u00edch, skandovali a\u00a0m\u00e1vali \u0161pan\u011blsk\u00fdmi vlajkami. Policie proti protestuj\u00edc\u00edm tvrd\u011b zas\u00e1hla.<\/p>\n<p><a data-dot=\"atm-link\" target=\"_self\" href=\"https:\/\/www.novinky.cz\/clanek\/zahranicni-rodice-nezletilych-migrantu-v-ceute-nechteji-aby-se-deti-vratily-spolehaji-ze-se-o-ne-postara-spanelsky-socialni-system-40593924\" class=\"c_I\" rel=\"nofollow noopener\"><img fetchpriority=\"high\" height=\"2304\" width=\"4096\" src=\"https:\/\/www.europesays.com\/cz\/wp-content\/uploads\/2026\/09\/8a44.jpeg\" loading=\"eager\" decoding=\"sync\" class=\"c_t c_r\"\/><\/a><\/p>\n<p class=\"c_bB\">Demonstrace se konala tak\u00e9 v\u00a0samotn\u00e9 Ceut\u011b, kde lid\u00e9 skandovali: \u201eCeuta nen\u00ed na prodej, Ceuta se mus\u00ed br\u00e1nit.\u201c Lid\u00e9 jsou rozho\u0159\u010deni postupem S\u00e1nchezovy vl\u00e1dy, p\u00ed\u0161e <a data-dot=\"atm-link\" target=\"_blank\" rel=\"noopener nofollow\" href=\"https:\/\/www.bbc.com\/mundo\/articles\/cddvyvqpvd1o\" class=\"c_I\">BBC<\/a>. \u201eReakce byla nedostate\u010dn\u00e1, pozdn\u00ed a\u00a0nav\u00edc vl\u00e1da naprosto zanedbala sv\u00e9 povinnosti,\u201c \u0159ekl David Hernandez, p\u011bta\u010dty\u0159icetilet\u00fd u\u010ditel. \u201eNem\u016f\u017eeme b\u00fdt ob\u010dany druh\u00e9 kategorie a\u00a0na\u0161e hranice by se nem\u011bla ignorovat,\u201c dodal.<\/p>\n<p class=\"c_bB\">Tlak na S\u00e1nchez\u016fv kabinet vzrostl pot\u00e9, co \u0161pan\u011blsk\u00e1 m\u00e9dia zve\u0159ejnila zpr\u00e1vu p\u0159edlo\u017eenou N\u00e1rodn\u00edm centrem pro imigraci a\u00a0hranice, kter\u00e1 poukazuje na zapojen\u00ed marock\u00fdch \u010detn\u00edk\u016f do incidentu, kdy migranti brali enkl\u00e1vu zte\u010d\u00ed.<\/p>\n<p class=\"c_bB\">Policejn\u00ed zpr\u00e1va tvrd\u00ed, \u017ee marock\u00fdch policist\u016f bylo u\u00a0hranic \u201enasazeno zjevn\u011b m\u00e9n\u011b ne\u017e obvykle\u201c a\u00a0zmi\u0148uje migranty, kte\u0159\u00ed p\u0159i p\u0159echodech mluvili o \u201epasivn\u00edm postoji policist\u016f\u201c. \u0160pan\u011blsk\u00e1 vl\u00e1da dosud pop\u00edrala, \u017ee by za ud\u00e1lostmi z\u00a030.\u00a0\u010dervence byla marock\u00e1 strana, a\u00a0p\u0159i\u010d\u00edtala neleg\u00e1ln\u00ed vstup a\u017e 80\u00a0tis\u00edc lid\u00ed z\u00a0Maroka dezinformac\u00edm na soci\u00e1ln\u00edch s\u00edt\u00edch a\u00a0pa\u0161er\u00e1ck\u00fdm gang\u016fm.<\/p>\n<p class=\"c_bB\">Proti p\u0159\u00edtomnosti tis\u00edc\u016f migrant\u016f t\u00e9m\u011b\u0159 ka\u017ed\u00fd den protestuj\u00ed stovky m\u00edstn\u00edch obyvatel, n\u011bkte\u0159\u00ed jim dokonce zap\u00e1lili provizorn\u00ed p\u0159\u00edst\u0159e\u0161ky na pl\u00e1\u017ei. M\u00edstn\u00ed si tak\u00e9 st\u011b\u017euj\u00ed na p\u0159\u00edpady sexu\u00e1ln\u00edho obt\u011b\u017eov\u00e1n\u00ed \u010di p\u0159et\u00ed\u017eenost zdravotnick\u00fdch za\u0159\u00edzen\u00ed.<\/p>\n<p class=\"c_bB\">Maroko si dlouhodob\u011b n\u00e1rokuje Ceutu a\u00a0sousedn\u00ed autonomn\u00ed m\u011bsto Melillu, kter\u00e9 dlouhodob\u011b p\u0159edstavuj\u00ed nap\u011bt\u00ed ve vztaz\u00edch mezi ob\u011bma zem\u011bmi.<\/p>\n<p><a data-dot=\"atm-link\" target=\"_self\" href=\"https:\/\/www.novinky.cz\/clanek\/zahranicni-evropa-obyvatele-ceuty-zlikvidovali-stanovy-tabor-migrantu-40595037\" class=\"c_I\" rel=\"nofollow noopener\"><img height=\"1080\" width=\"1920\" src=\"https:\/\/www.europesays.com\/cz\/wp-content\/uploads\/2026\/09\/1788496035_401_migranti-ceuty-spanelsko-tabor.jpeg\" loading=\"eager\" decoding=\"sync\" class=\"c_t c_r\"\/><\/a><\/p>\n","protected":false},"excerpt":{"rendered":"Lid\u00e9 protestuj\u00ed proti zp\u016fsobu, jak\u00fdm \u0161pan\u011blsk\u00e1 vl\u00e1da \u0159e\u0161\u00ed krizi v\u00a0Ceut\u011b, kde nad\u00e1le setrv\u00e1v\u00e1 na osm tis\u00edc migrant\u016f a\u00a0odm\u00edtaj\u00ed&hellip;\n","protected":false},"author":2,"featured_media":202196,"comment_status":"","ping_status":"","sticky":false,"template":"","format":"standard","meta":{"footnotes":"","_share_on_mastodon":"0"},"categories":[3],"tags":[40646,2837,109,108,106,1260,5171,950],"class_list":["post-202195","post","type-post","status-publish","format-standard","has-post-thumbnail","category-evropa","tag-ceuta","tag-demonstrace","tag-europa","tag-europe","tag-evropa","tag-migrace","tag-migranti","tag-spanelsko"],"share_on_mastodon":{"url":"https:\/\/pubeurope.com\/@cz\/117210884786314796","error":""},"_links":{"self":[{"href":"https:\/\/www.europesays.com\/cz\/wp-json\/wp\/v2\/posts\/202195","targetHints":{"allow":["GET"]}}],"collection":[{"href":"https:\/\/www.europesays.com\/cz\/wp-json\/wp\/v2\/posts"}],"about":[{"href":"https:\/\/www.europesays.com\/cz\/wp-json\/wp\/v2\/types\/post"}],"author":[{"embeddable":true,"href":"https:\/\/www.europesays.com\/cz\/wp-json\/wp\/v2\/users\/2"}],"replies":[{"embeddable":true,"href":"https:\/\/www.europesays.com\/cz\/wp-json\/wp\/v2\/comments?post=202195"}],"version-history":[{"count":0,"href":"https:\/\/www.europesays.com\/cz\/wp-json\/wp\/v2\/posts\/202195\/revisions"}],"wp:featuredmedia":[{"embeddable":true,"href":"https:\/\/www.europesays.com\/cz\/wp-json\/wp\/v2\/media\/202196"}],"wp:attachment":[{"href":"https:\/\/www.europesays.com\/cz\/wp-json\/wp\/v2\/media?parent=202195"}],"wp:term":[{"taxonomy":"category","embeddable":true,"href":"https:\/\/www.europesays.com\/cz\/wp-json\/wp\/v2\/categories?post=202195"},{"taxonomy":"post_tag","embeddable":true,"href":"https:\/\/www.europesays.com\/cz\/wp-json\/wp\/v2\/tags?post=202195"}],"curies":[{"name":"wp","href":"https:\/\/api.w.org\/{rel}","templated":true}]}}