{"id":202197,"date":"2026-09-04T04:28:12","date_gmt":"2026-09-04T04:28:12","guid":{"rendered":"https:\/\/www.europesays.com\/cz\/202197\/"},"modified":"2026-09-04T04:28:12","modified_gmt":"2026-09-04T04:28:12","slug":"tipy-na-vikend-v-praze-mint-market-prague-harley-days-vysehratky-nebo-den-letiste-letnany","status":"publish","type":"post","link":"https:\/\/www.europesays.com\/cz\/202197\/","title":{"rendered":"Tipy na v\u00edkend v Praze: MINT Market, Prague Harley Days, Vy\u0161eHr\u00e1tky nebo Den leti\u0161t\u011b Let\u0148any"},"content":{"rendered":"<p>\t\tMINT Market Bab\u00ed l\u00e9toned\u011ble 6. z\u00e1\u0159\u00ed, Praha 2<\/p>\n<p>V ned\u011bli m\u016f\u017eete vyrazit k Vltav\u011b na n\u00e1kupy, Ra\u0161\u00ednovo n\u00e1b\u0159e\u017e\u00ed ovl\u00e1dne dal\u0161\u00ed\u00a0<a href=\"https:\/\/www.mintmarket.cz\/cs\/trh\/praha-52\" target=\"_blank\" rel=\"noopener noreferrer nofollow\">MINT Market<\/a>, na kter\u00fd se sjedou tv\u016frci a design\u00e9\u0159i z cel\u00e9 \u010cesk\u00e9 republiky. Zaveden\u00e9 trhy s origin\u00e1ln\u00edmi v\u00fdrobky v\u0161eho druhu nab\u00eddnou jako v\u017edy i dobr\u00e9 j\u00eddlo a pit\u00ed. Od 10 do 17 hodin tu sv\u00e9 kolekce p\u0159edstav\u00ed v\u00edce ne\u017e 130 pe\u010dliv\u011b vybran\u00fdch zna\u010dek.<\/p>\n<p>Prague Harley Daysp\u00e1tek 4. a sobota 5. z\u00e1\u0159\u00ed, Praha 7<\/p>\n<p>Leto\u0161n\u00ed <a href=\"https:\/\/pragueharleydays.cz\/\" target=\"_blank\" rel=\"noopener noreferrer nofollow\">Prague Harley Days<\/a>, kter\u00e9 nesou podtitul The Last Ride, budou skute\u010dn\u011b t\u011bmi posledn\u00edmi. Po\u0159adatel\u00e9 tak do jejich programu vybrali ty nejv\u011bt\u0161\u00ed hity z uplynul\u00fdch t\u0159in\u00e1cti let. Dvoudenn\u00ed festival na V\u00fdstavi\u0161ti Hole\u0161ovice je nejen srazem kultovn\u00edch motocykl\u016f Harley-Davidson a jejich p\u0159\u00edznivc\u016f z cel\u00e9 Evropy, n\u00e1v\u0161t\u011bvn\u00edky \u010dek\u00e1 tak\u00e9 z\u00e1bava v americk\u00e9m stylu a s kr\u00e1sn\u00fdmi motocykly \u2014 Spanil\u00e1 j\u00edzda Prahou, adrenalinov\u00e9 FMX show, \u017eiv\u00e1 muzika, Smoke &amp; Fire Food Fest a z\u00e1bava pro celou rodinu.<\/p>\n<p>Den leti\u0161t\u011b Let\u0148anysobota 5. z\u00e1\u0159\u00ed, Praha 9<\/p>\n<p><a href=\"https:\/\/www.letnany-airport.cz\/denletiste\/\" target=\"_blank\" rel=\"noopener noreferrer nofollow\">Leti\u0161t\u011b Let\u0148any<\/a> zve na tradi\u010dn\u00ed akci, leto\u0161n\u00ed ro\u010dn\u00edk nese podtitul \u201eTrainer Legends\u201c (Legend\u00e1rn\u00ed typy cvi\u010dn\u00fdch letadel) a je zam\u011b\u0159en na jednu z nejv\u00fdznamn\u011bj\u0161\u00edch kapitol historie leti\u0161t\u011b \u2013 v\u00fdcvik pilot\u016f v obdob\u00ed druh\u00e9 sv\u011btov\u00e9 v\u00e1lky a v pov\u00e1le\u010dn\u00fdch letech. P\u0159edstav\u00ed se mnoho r\u016fzn\u00fdch typ\u016f letadel, v p\u016flhodinov\u00fdch bloc\u00edch se budou st\u0159\u00eddat dynamick\u00e9 i statick\u00e9 prezentace na zemi, vystoupen\u00ed model\u00e1\u0159\u016f, letov\u00fd provoz a doprovodn\u00fd program pro v\u0161echny generace.<\/p>\n<p>Vy\u0161eHr\u00e1tky\u010dtvrtek 3. a\u017e ned\u011ble 6. z\u00e1\u0159\u00ed, Praha 2<\/p>\n<p>S d\u011btmi zami\u0159te na Vy\u0161ehrad, dal\u0161\u00ed ro\u010dn\u00edk festivalu <a href=\"https:\/\/www.vysehratky.cz\/\" target=\"_blank\" rel=\"noopener noreferrer nofollow\">Vy\u0161eHr\u00e1tky<\/a> zve na bohat\u00fd program. Nab\u00eddne loutkov\u00e9 divadlo, nov\u00fd cirkus, koncerty, tv\u016fr\u010d\u00ed d\u00edlny i program pro nejmen\u0161\u00ed d\u011bti od 10 m\u011bs\u00edc\u016f v\u011bku. Festivalov\u00fd are\u00e1l je bezbari\u00e9rov\u00fd a pokra\u010duje tak\u00e9 projekt Zav\u011b\u0161en\u00e1 vstupenka, d\u00edky n\u011bmu\u017e mohou lid\u00e9 podpo\u0159it d\u011bti ze soci\u00e1ln\u011b znev\u00fdhodn\u011bn\u00e9ho prost\u0159ed\u00ed a umo\u017enit jim \u00fa\u010dast na festivalu.<\/p>\n<p>Japonsk\u00e9 dnysobota 5. a ned\u011ble 6. z\u00e1\u0159\u00ed, Pr\u016fhonice\u010ct\u011bte tak\u00e9<\/p>\n<p>Pr\u016fhonick\u00e1 botanick\u00e1 zahrada se op\u011bt stane d\u011bji\u0161t\u011bm <a href=\"https:\/\/japan.cz\/2026\/07\/14\/japonske-dny-v-pruhonicke-bot-zahrade-2026\/\" target=\"_blank\" rel=\"noopener noreferrer nofollow\">Japonsk\u00fdch dn\u016f<\/a>. \u010cek\u00e1 v\u00e1s v\u00edkend pln\u00fd hudby, um\u011bn\u00ed, workshop\u016f, gastronomie i jedine\u010dn\u00fdch host\u016f, kte\u0159\u00ed do \u010cesk\u00e9 republiky p\u0159ijedou p\u0159\u00edmo z Japonska. A to v\u0161e oko\u0159en\u011bno o kr\u00e1sn\u00e9 prost\u0159ed\u00ed zdej\u0161\u00ed zahrady. T\u011b\u0161te se na uk\u00e1zky japonsk\u00fdch \u0159emesel, tradi\u010dn\u00edho divadla kj\u00f3gen, energick\u00e9ho bubnov\u00e1n\u00ed wadaiko, v\u00fdstavu ikebany nebo pr\u016fvod japonsk\u00fdch stra\u0161idel.<\/p>\n<p>Degusta\u010dn\u00ed akce:<\/p>\n<p><a href=\"https:\/\/www.nomadbeerfestival.cz\/\" target=\"_blank\" rel=\"noopener noreferrer nofollow\">Nomad Beer Festival<\/a> \u2013 Festival l\u00e9taj\u00edc\u00edch pivovar\u016f na Ra\u0161\u00ednov\u011b n\u00e1b\u0159e\u017e\u00ed, p\u00e1tek a sobota<\/p>\n<p><a href=\"https:\/\/www.hrad.cz\/cs\/kultura-na-hrade\/program\/vinobrani-na-prazskem-hrade-5-13788\" target=\"_blank\" rel=\"noopener noreferrer nofollow\">Vinobran\u00ed na Pra\u017esk\u00e9m hrad\u011b<\/a> \u2013 sobota a ned\u011ble v Kr\u00e1lovsk\u00e9 zahrad\u011b<\/p>\n<p><a href=\"https:\/\/www.villarichter.cz\/prosecco-fest\/\" target=\"_blank\" rel=\"noopener noreferrer nofollow\">Prosecco Fest<\/a> \u2013 sobota v prostoru Svatov\u00e1clavsk\u00e9 vinice a are\u00e1lu Villa Richter<\/p>\n<p><a href=\"https:\/\/www.piki.cz\/events\/BUBBLES_PIKNIK_FEST\" target=\"_blank\" rel=\"noopener noreferrer nofollow\">Bubbles Piknik Fest<\/a> \u2013 p\u00e1tek a sobota v parku u B\u0159evnovsk\u00e9 kl\u00e1\u0161tera<\/p>\n<p><a href=\"https:\/\/groovymarketfest.com\/\" target=\"_blank\" rel=\"noopener noreferrer nofollow\">Groovy Market Fest<\/a> \u2013 sobota v Riegrov\u00fdch sadech<\/p>\n<p>V\u00fdstava Rostlinn\u00e1 odysea<\/p>\n<p>A piknik m\u016f\u017eete spojit i s v\u00fdstavou\u00a0<a href=\"https:\/\/www.botanicka.cz\/clanky\/akce\/rostlinna-odysea\" target=\"_blank\" rel=\"noopener noreferrer nofollow\">Rostlinn\u00e1 odysea<\/a>, kter\u00e1 se kon\u00e1 u p\u0159\u00edle\u017eitosti otev\u0159en\u00ed nov\u00e9 stejnojmenn\u00e9 expozice a provede v\u00e1s fascinuj\u00edc\u00ed histori\u00ed rostlin. Od prvn\u00edch suchozemsk\u00fdch druh\u016f star\u00fdch v\u00edce ne\u017e 432 milion\u016f let p\u0159es prvohorn\u00ed uhlotvorn\u00e9 mo\u010d\u00e1ly a\u017e po rostliny, kter\u00e9 rostou v\u0161ude kolem n\u00e1s. V\u00fdstava propojuje sv\u011bt zkamen\u011blin se \u017eiv\u00fdmi rostlinami Botanick\u00e9 zahrady Praha. Po speci\u00e1ln\u00ed stezce se m\u016f\u017eete vydat zahradou a hledat sou\u010dasn\u00e9 p\u0159\u00edbuzn\u00e9 rostlin, kter\u00e9 ve V\u00fdstavn\u00edm s\u00e1le uvid\u00edte jako fosilie.<\/p>\n<p>V\u00edkend\u00a0v\u00a0Zoo Praha\u010ct\u011bte tak\u00e9<\/p>\n<p>V sobotu si pra\u017esk\u00e1 zoo p\u0159ipomene Mezin\u00e1rodn\u00ed den pov\u011bdom\u00ed o supech a kondorech. Interaktivn\u011b zam\u011b\u0159en\u00e9 vzd\u011bl\u00e1vac\u00ed stanovi\u0161t\u011b budou um\u00edst\u011bn\u00e9 u voli\u00e9r dravc\u016f s \u0159adou tematick\u00fdch her pro d\u011bti a s d\u016frazem na p\u0159\u00ed\u010diny ohro\u017een\u00ed dravc\u016f, jejich ochranu a in situ projekty Zoo Praha, kter\u00e9 jim pom\u00e1haj\u00ed. Cel\u00fdm dnem budou prov\u00e1zet pravideln\u00e1 komentovan\u00e1 setk\u00e1n\u00ed u sup\u016f a kondor\u016f. V ned\u011bli pak m\u016f\u017eete zaj\u00edt na komentovanou prohl\u00eddku v\u00fdstavy Kudlanky vedenou odborn\u00fdm chovatelem. V\u00edce <a href=\"https:\/\/www.zoopraha.cz\/navsteva\/program\/week.listevents\/2026\/08\/26\/-\" target=\"_blank\" rel=\"noopener noreferrer nofollow\">ZDE<\/a>.<\/p>\n<p>Jako ka\u017ed\u00fd v\u00edkend se v zoo m\u016f\u017eete z\u00fa\u010dastnit i dal\u0161\u00edch komentovan\u00fdch krmen\u00ed a setk\u00e1n\u00ed u zv\u00ed\u0159at. Sv\u00e9 obl\u00edbence m\u016f\u017eete zastihnout, kdy\u017e jsou nejaktivn\u011bj\u0161\u00ed, a dozv\u011bd\u011bt se spoustu zaj\u00edmavost\u00ed z jejich \u017eivota. V\u017edy v 11:00 prob\u00edh\u00e1 setk\u00e1n\u00ed u \u017eiraf, ve 13:30 je uk\u00e1zka tr\u00e9ninku lachtan\u016f a v 15:00 se m\u016f\u017eete p\u0159esunout na krmen\u00ed goril. Cel\u00fd rozpis\u00a0<a href=\"https:\/\/www.zoopraha.cz\/navsteva\/program\/komentovana-krmeni-cviceni\" target=\"_blank\" rel=\"noopener noreferrer nofollow\">ZDE<\/a>.<\/p>\n<p>\u010ct\u011bte tak\u00e9<\/p>\n<p>Pro cestu do Zoo Praha m\u016f\u017eete zvolit\u00a0<a href=\"https:\/\/www.paroplavba.cz\/plavby-do-zoo\" target=\"_blank\" rel=\"noopener noreferrer nofollow\">lo\u010f Pra\u017esk\u00e9 paroplavebn\u00ed spole\u010dnosti<\/a>. Ta vyj\u00ed\u017ed\u00ed z Ra\u0161\u00ednova n\u00e1b\u0159e\u017e\u00ed v\u017edy v 9:00, 12:00 a 15:30. Pozn\u00e1te ji bezpe\u010dn\u011b, jezd\u00ed se toti\u017e na lodi Odra, kter\u00e1 je nov\u011b polepen\u00e1 LEGO zv\u00ed\u0159\u00e1tky. Cesta trv\u00e1 75 minut, b\u011bhem kter\u00fdch si prohl\u00e9dnete historick\u00e9 centrum z trochu jin\u00e9ho \u00fahlu. Zvolit si m\u016f\u017eete horn\u00ed otev\u0159enou terasu nebo doln\u00ed uzav\u0159en\u00fd prostor.<\/p>\n<p>V\u00fdstava\u00a0Pes: odv\u011bk\u00fd pomocn\u00edk st\u00e1d<a href=\"https:\/\/praha.rozhlas.cz\/sites\/default\/files\/styles\/lightbox\/public\/images\/7f3c5d8fea71d0d5bda60830925a8593.jpg?itok=8hhzaS9p\" class=\"photoswipe\" data-size=\"1200x800\" data-overlay-title=\"V\u00fdstava Pes: odv\u011bk\u00fd pomocn\u00edk st\u00e1d v N\u00e1rodn\u00edm zem\u011bd\u011blsk\u00e9m muzeu,  pyrenejsk\u00fd horsk\u00fd pes ve st\u00e1d\u011b | foto: N\u00e1rodn\u00ed zem\u011bd\u011blsk\u00e9 muzeum\" rel=\"nofollow noopener\" target=\"_blank\"><\/p>\n<p><img  alt=\"V\u00fdstava Pes: odv\u011bk\u00fd pomocn\u00edk st\u00e1d v N\u00e1rodn\u00edm zem\u011bd\u011blsk\u00e9m muzeu, pyrenejsk\u00fd horsk\u00fd pes ve st\u00e1d\u011b\" title=\"V\u00fdstava Pes: odv\u011bk\u00fd pomocn\u00edk st\u00e1d v N\u00e1rodn\u00edm zem\u011bd\u011blsk\u00e9m muzeu,  pyrenejsk\u00fd horsk\u00fd pes ve st\u00e1d\u011b | foto: N\u00e1rodn\u00ed zem\u011bd\u011blsk\u00e9 muzeum\"\/><\/p>\n<p><\/a><\/p>\n<p>V\u00fdstava Pes: odv\u011bk\u00fd pomocn\u00edk st\u00e1d v N\u00e1rodn\u00edm zem\u011bd\u011blsk\u00e9m muzeu, pyrenejsk\u00fd horsk\u00fd pes ve st\u00e1d\u011b|foto:N\u00e1rodn\u00ed zem\u011bd\u011blsk\u00e9 muzeum<\/p>\n<p>Jakou roli sehr\u00e1l pes v d\u011bjin\u00e1ch pastevectv\u00ed? Pro\u010d maj\u00ed pasteve\u010dt\u00ed psi nenahraditelnou \u00falohu p\u0159i ochran\u011b st\u00e1d? A jakou roli hraj\u00ed psi p\u0159i n\u00e1vratu vlka do krajiny? Odpov\u011bdi na tyto a dal\u0161\u00ed ot\u00e1zky p\u0159in\u00e1\u0161\u00ed nov\u00e1 v\u00fdstava <a href=\"https:\/\/www.nzm.cz\/aktualne-v-muzeu\/vystavy\/vystava-pes-odveky-pomocnik-stad\" target=\"_blank\" rel=\"noopener noreferrer nofollow\">Pes: odv\u011bk\u00fd pomocn\u00edk st\u00e1d<\/a>, kterou p\u0159ipravilo N\u00e1rodn\u00ed zem\u011bd\u011blsk\u00e9 muzeum ve spolupr\u00e1ci s \u010ceskomoravskou kynologickou uni\u00ed a spolkem Rok s pastevcem.<\/p>\n<p>Festival Urban Pictus\u010ct\u011bte tak\u00e9<\/p>\n<p><a href=\"https:\/\/www.urbanpictus.art\/mural\/mural-ruzyne\/\" target=\"_blank\" rel=\"noopener noreferrer nofollow\">Urban Pictus<\/a> je mezin\u00e1rodn\u00ed mural artov\u00fd festival, b\u011bhem kter\u00e9ho se m\u011bsta st\u00e1vaj\u00ed pl\u00e1tnem pro vyj\u00e1d\u0159en\u00ed talentovan\u00fdch um\u011blc\u016f, ti prom\u011b\u0148uj\u00ed metropoli v galerii pod \u0161ir\u00fdm nebem. Fenom\u00e9n street artu je p\u0159edstavov\u00e1n skrze pouli\u010dn\u00ed malby i doprovodn\u00fd program. Aktu\u00e1ln\u00edm projektem je Mural Ruzyn\u011b, na jeho\u017e vytvo\u0159en\u00ed se pod\u00edlelo t\u0159icet tuzemsk\u00fdch i zahrani\u010dn\u00edch um\u011blc\u016f. Jde o t\u0159et\u00ed\u00a0nejdel\u0161\u00ed kolaborativn\u00ed mural v Evrop\u011b. Nov\u011b tak\u00e9 m\u016f\u017eete obdivovat krajkov\u00fd mural na Kostnick\u00e9m n\u00e1m\u011bst\u00ed na \u017di\u017ekov\u011b.<\/p>\n<p>Dary pro prezidenta z daleka i bl\u00edzka IIdo 31. prosince 2026, Praha 1<\/p>\n<p>V\u00fdstava nab\u00edz\u00ed jedine\u010dn\u00fd pohled na roli dar\u016f ve sv\u011bt\u011b diplomacie i m\u00edstn\u00edch tradic. Vybran\u00e9 expon\u00e1ty jsou v\u00fdb\u011brem z protokol\u00e1rn\u00edch i osobn\u00edch dar\u016f, kter\u00e9 prezident Petr Pavel obdr\u017eel od zahrani\u010dn\u00edch st\u00e1tn\u00edk\u016f, p\u0159edstavitel\u016f region\u016f i ob\u010dan\u016f v roce 2025. Sou\u010d\u00e1st\u00ed v\u00fdb\u011bru jsou tak\u00e9 n\u011bkter\u00e9 dary v\u011bnovan\u00e9 prvn\u00ed d\u00e1m\u011b Ev\u011b Pavlov\u00e9. V\u00fdstavu m\u016f\u017eete <a href=\"https:\/\/www.hrad.cz\/cs\/kultura-na-hrade\/program\/dary-pro-prezidenta-z-daleka-i-blizka-1-13507\" target=\"_blank\" rel=\"noopener noreferrer nofollow\">v Ro\u017embersk\u00e9m pal\u00e1ci<\/a> nav\u0161t\u00edvit a\u017e do konce roku a to zcela zdarma.<\/p>\n<p>M\u011bsto v \u010dase v Muzeu Prahy\u010ct\u011bte tak\u00e9<\/p>\n<p>Po p\u011btilet\u00e9 rekonstrukci znovu otev\u0159elo pro ve\u0159ejnost Muzeum Prahy a zve na aktu\u00e1ln\u00ed v\u00fdstavu, kter\u00e1 se v\u011bnuje historii i v\u00fdvoji hlavn\u00edho m\u011bsta a to nap\u0159\u00ed\u010d stolet\u00edmi.\u00a0<a href=\"https:\/\/www.muzeumprahy.cz\/vystavy-a-akce\/expozice-mesto-v-case-pribehy-z-19-stoleti-ozivaji\" target=\"_blank\" rel=\"noopener noreferrer nofollow\">M\u011bsto v \u010dase<\/a>\u00a0jako jedna expozice, p\u011bt s\u00e1l\u016f a nespo\u010det p\u0159\u00edb\u011bh\u016f. Poznejte Prahu v 19. stolet\u00edm a prohl\u00e9dn\u011bte si unik\u00e1tn\u00ed d\u00edlo Anton\u00edna Langweila, kter\u00fd na sv\u00e9m modelu pracoval dlouh\u00fdch jeden\u00e1ct let.<\/p>\n<p>Signal Space\u010ct\u011bte tak\u00e9<\/p>\n<p>Starom\u011bstsk\u00e1 tr\u017enice se zm\u011bnila v prvn\u00ed st\u00e1lou galerii digit\u00e1ln\u00edho um\u011bn\u00ed s n\u00e1zvem\u00a0<a href=\"https:\/\/www.signalspace.com\/cs\" target=\"_blank\" rel=\"noopener noreferrer nofollow\">Signal Space<\/a>. Je tu pro v\u00e1s p\u0159ipraveno osm expozic \u010desk\u00fdch i zahrani\u010dn\u00edch um\u011blc\u016f, kur\u00e1torsk\u00e1 platforma CzechBox v\u011bnovan\u00e1 \u010desk\u00e9 digit\u00e1ln\u00ed tvorb\u011b, d\u011btsk\u00e1 z\u00f3na Signal Playground a odpo\u010dinkov\u00fd prostor. Program v galerii maj\u00ed provozovatel\u00e9 v pl\u00e1nu po n\u011bkolika m\u011bs\u00edc\u00edch obm\u011b\u0148ovat.<\/p>\n<p>Galerie byla ned\u00e1vno tak\u00e9 ocen\u011bna Inavation Awards, kde pra\u017esk\u00fd prostor z\u00edskal prvenstv\u00ed v kategorii Arts &amp; Experience. A novinkou je i v\u00fdstava Dream On! Where It All Began, na kter\u00e9 znovu za\u017eijete energii nejobl\u00edben\u011bj\u0161\u00edch videomapping\u016f Signal Festivalu.<\/p>\n<p>Venkovn\u00ed hra Putov\u00e1n\u00ed Prahou 2\u010ct\u011bte tak\u00e9<\/p>\n<p>Hra\u00a0<a href=\"https:\/\/putovani.praha2.cz\/\" target=\"_blank\" rel=\"noopener noreferrer nofollow\">Putov\u00e1n\u00ed Prahou 2<\/a>\u00a0u\u017e nab\u00edz\u00ed celkem 17 tras, na kter\u00fdch m\u016f\u017eete pozn\u00e1vat sou\u010dasnost i minulost m\u011bstsk\u00e9 \u010d\u00e1sti. Letos p\u0159ibyly trasy Kr\u00e1lovsk\u00e9 Vinohrady, Slavn\u00e9 \u017eeny minulosti a Rok 1945. Vyrazit m\u016f\u017eete s chytr\u00fdm telefonem, nebo s ot\u00e1zkami vyti\u0161t\u011bn\u00fdmi na pap\u00ed\u0159e. Za nejnov\u011bj\u0161\u00ed trasy lze tak\u00e9 vyhr\u00e1t ceny, na ka\u017ed\u00e9m z deseti zastaven\u00ed v\u00e1s \u010dekaj\u00ed dv\u011b ot\u00e1zky.<\/p>\n<p>Dal\u0161\u00ed akce:<\/p>\n<p><a href=\"https:\/\/www.dpp.cz\/spolecnost\/aktuality\/detail\/66_3400-jizdy-historickych-trolejbusu-po-prazskych-trolejbusovych-tratich\" target=\"_blank\" rel=\"noopener noreferrer nofollow\"><a href=\"https:\/\/www.dpp.cz\/spolecnost\/aktuality\/detail\/66_3400-jizdy-historickych-trolejbusu-po-prazskych-trolejbusovych-tratich\" target=\"_blank\" rel=\"noopener noreferrer nofollow\"><a href=\"https:\/\/www.dpp.cz\/spolecnost\/aktuality\/detail\/66_3400-jizdy-historickych-trolejbusu-po-prazskych-trolejbusovych-tratich\" target=\"_blank\" rel=\"noopener noreferrer nofollow\">90 let prvn\u00edch pra\u017esk\u00fdch trolejbus\u016f<\/a>, <a href=\"https:\/\/www.urbanchallenge.cz\/\" target=\"_blank\" rel=\"noopener noreferrer nofollow\">Urban Challenge<\/a>, <a href=\"https:\/\/beachklubladvi.cz\/elementor-18397\/\" target=\"_blank\" rel=\"noopener noreferrer nofollow\">Ta\u0165ka Fest<\/a>, <a href=\"https:\/\/nrv.org\/z-nadace-cz\/zveme-vas-na-rodinny-festival-cibulka-open-2026\/\" target=\"_blank\" rel=\"noopener noreferrer nofollow\">Cibulka Open<\/a>, <a href=\"https:\/\/www.sananim.cz\/aktuality\/keramicke-trhy-na-kampe-2026\/\" target=\"_blank\" rel=\"noopener noreferrer nofollow\">Keramick\u00e9 trhy na Kamp\u011b<\/a>, <a href=\"https:\/\/www.lexicon.cz\/\" target=\"_blank\" rel=\"noopener noreferrer nofollow\">Lexicon<\/a><a href=\"https:\/\/www.lexicon.cz\/\" target=\"_blank\" rel=\"noopener noreferrer nofollow\"><a href=\"https:\/\/www.sananim.cz\/aktuality\/keramicke-trhy-na-kampe-2026\/\" target=\"_blank\" rel=\"noopener noreferrer nofollow\"><\/p>\n","protected":false},"excerpt":{"rendered":"MINT Market Bab\u00ed l\u00e9toned\u011ble 6. z\u00e1\u0159\u00ed, Praha 2 V ned\u011bli m\u016f\u017eete vyrazit k Vltav\u011b na n\u00e1kupy, Ra\u0161\u00ednovo n\u00e1b\u0159e\u017e\u00ed&hellip;\n","protected":false},"author":2,"featured_media":202198,"comment_status":"","ping_status":"","sticky":false,"template":"","format":"standard","meta":{"footnotes":"","_share_on_mastodon":"0"},"categories":[30],"tags":[144,98,99,142,143],"class_list":["post-202197","post","type-post","status-publish","format-standard","has-post-thumbnail","category-praha","tag-cesky-rozhlas","tag-prague","tag-praha","tag-rozhlas","tag-verejna-sluzba"],"share_on_mastodon":{"url":"https:\/\/pubeurope.com\/@cz\/117210887276462464","error":""},"_links":{"self":[{"href":"https:\/\/www.europesays.com\/cz\/wp-json\/wp\/v2\/posts\/202197","targetHints":{"allow":["GET"]}}],"collection":[{"href":"https:\/\/www.europesays.com\/cz\/wp-json\/wp\/v2\/posts"}],"about":[{"href":"https:\/\/www.europesays.com\/cz\/wp-json\/wp\/v2\/types\/post"}],"author":[{"embeddable":true,"href":"https:\/\/www.europesays.com\/cz\/wp-json\/wp\/v2\/users\/2"}],"replies":[{"embeddable":true,"href":"https:\/\/www.europesays.com\/cz\/wp-json\/wp\/v2\/comments?post=202197"}],"version-history":[{"count":0,"href":"https:\/\/www.europesays.com\/cz\/wp-json\/wp\/v2\/posts\/202197\/revisions"}],"wp:featuredmedia":[{"embeddable":true,"href":"https:\/\/www.europesays.com\/cz\/wp-json\/wp\/v2\/media\/202198"}],"wp:attachment":[{"href":"https:\/\/www.europesays.com\/cz\/wp-json\/wp\/v2\/media?parent=202197"}],"wp:term":[{"taxonomy":"category","embeddable":true,"href":"https:\/\/www.europesays.com\/cz\/wp-json\/wp\/v2\/categories?post=202197"},{"taxonomy":"post_tag","embeddable":true,"href":"https:\/\/www.europesays.com\/cz\/wp-json\/wp\/v2\/tags?post=202197"}],"curies":[{"name":"wp","href":"https:\/\/api.w.org\/{rel}","templated":true}]}}