{"id":202223,"date":"2026-09-04T04:59:11","date_gmt":"2026-09-04T04:59:11","guid":{"rendered":"https:\/\/www.europesays.com\/cz\/202223\/"},"modified":"2026-09-04T04:59:11","modified_gmt":"2026-09-04T04:59:11","slug":"praha-ma-nejmene-vybodovanych-ridicu-kazdy-sedmy-je-cizinec","status":"publish","type":"post","link":"https:\/\/www.europesays.com\/cz\/202223\/","title":{"rendered":"Praha m\u00e1 nejm\u00e9n\u011b vybodovan\u00fdch \u0159idi\u010d\u016f. Ka\u017ed\u00fd sedm\u00fd je cizinec"},"content":{"rendered":"<p>\t\t\t\t\t\t<img loading=\"lazy\" decoding=\"async\" src=\"https:\/\/www.europesays.com\/cz\/wp-content\/uploads\/2026\/09\/20260721112433_11_2.jpeg\" alt=\"Praha m\u00e1 nejm\u00e9n\u011b vybodovan\u00fdch \u0159idi\u010d\u016f. Ka\u017ed\u00fd sedm\u00fd je cizinec\" width=\"730\" height=\"455\" class=\"img-responsive\"\/><\/p>\n<p>foto: Ad\u00e9la Houbov\u00e1, PrahaIN.cz\/K\u0159i\u017eovatka N\u00e1rodn\u00ed a Sp\u00e1len\u00e9 ulice<\/p>\n<p class=\"clk-perex\">\u0158idi\u010di v\u00a0\u010cesku se\u00a0op\u011bt o\u00a0n\u011bco zlep\u0161ili. T\u011bch bodovan\u00fdch v\u00a0prvn\u00edm pololet\u00ed podle\u00a0nejnov\u011bj\u0161\u00edch statistik ubylo. N\u011bjak\u00fd ten bod m\u011blo v\u00a0polovin\u011b roku 434 tis\u00edc z\u00a0nich, o\u00a0\u010dty\u0159i tis\u00edce m\u00e9n\u011b ne\u017e o\u00a0rok d\u0159\u00edv.<\/p>\n<p>V\u00a0\u010cesku bylo v\u00a0pololet\u00ed p\u0159es\u00a035 tis\u00edc \u201evybodovan\u00fdch\u201c \u0159idi\u010d\u016f. Jde o\u00a0ty, kte\u0159\u00ed za\u00a0volantem sv\u00fdmi dok\u00e1zali nasb\u00edrat maxim\u00e1ln\u00edch 12 bod\u016f. Vypl\u00fdv\u00e1 to z\u00a0nov\u00fdch policejn\u00edch <a href=\"https:\/\/md.gov.cz\/getattachment\/Statistiky\/Silnicni-doprava\/Statistiky-k-bodovemu-hodnoceni\/Statistiky-bodovanych-ridicu\/Statistiky-bodovanych-ridicu-za-rok-2026-%E2%80%93-1-polo\/Bodovani-ridici.pdf.aspx\" target=\"_blank\" rel=\"nofollow noopener\">statistik<\/a>\u00a0k prvn\u00edmu pololet\u00ed leto\u0161n\u00edho roku. Na\u00a0Prahu p\u0159ipad\u00e1 3 363 vybodovan\u00fdch \u0159idi\u010d\u016f, o\u00a0251 m\u00e9n\u011b ne\u017e p\u0159ed\u00a0rokem.<\/p>\n<p>Ve\u00a0srovn\u00e1n\u00ed mezi\u00a0kraji to vypad\u00e1, \u017ee nejl\u00e9pe jezd\u00ed \u0159idi\u010di pr\u00e1v\u011b v\u00a0Praze, kde jich nejmen\u0161\u00ed \u010d\u00e1st dostala n\u011bjak\u00fd bod (4,7 procenta). Naopak nejh\u016f\u0159e je na\u00a0tom Moravskoslezsk\u00fd kraj (8,2 procenta).<\/p>\n<p>Statistiky ale nemus\u00ed vypov\u00eddat nic o\u00a0tom, kde jsou jac\u00ed \u0159idi\u010di. Roli hraje tak\u00e9 to, kde je aktivn\u011bj\u0161\u00ed policie. Data m\u016f\u017ee vych\u00fdlit rovn\u011b\u017e skute\u010dnost, \u017ee krajem vede vyt\u00ed\u017een\u00e1 silnice \u010di d\u00e1lnice, na\u00a0kter\u00e9 se\u00a0m\u011b\u0159\u00ed rychlost.<\/p>\n<p>V\u00a0tomto p\u0159\u00edpad\u011b je mo\u017en\u00e9 zm\u00ednit Kraj Vyso\u010dina, kde je t\u0159etina bodovan\u00fdch \u0159idi\u010d\u016f ze\u00a0zahrani\u010d\u00ed. Lze tak o\u010dek\u00e1vat, \u017ee jde o\u00a0m\u00edsta, kde si\u00a0\u010ce\u0161i sp\u00ed\u0161e d\u00e1vaj\u00ed pozor. V\u00a0Praze pak svou roli m\u016f\u017ee hr\u00e1t i\u00a0to, \u017ee v\u011bt\u0161ina radar\u016f je automatizovan\u00fdch a\u00a0\u0159idi\u010di je znaj\u00ed. Pokuta se\u00a0nav\u00edc \u010dasto obejde bez\u00a0ztr\u00e1ty bod\u016f.<\/p>\n<p>Vybodovan\u00ed jsou v\u00a0drtiv\u00e9 v\u011bt\u0161in\u011b mu\u017ei<\/p>\n<p>St\u00e1le plat\u00ed, \u017ee p\u0159estupk\u016fm v\u00e9vod\u00ed mu\u017ei. Tvo\u0159\u00ed 82 procent v\u0161ech bodovan\u00fdch \u0159idi\u010d\u016f a\u00a0naprosto dominuj\u00edc\u00edch 91 procent t\u011bch, kte\u0159\u00ed p\u0159i\u0161li o\u00a0v\u0161echny body. Z\u00a0pohledu pohlav\u00ed je na\u00a0statistik\u00e1ch zn\u00e1t, \u017ee pod\u00edl \u017een je relativn\u011b vy\u0161\u0161\u00ed u\u00a0men\u0161\u00edho po\u010dtu bod\u016f, od\u00a0\u010dty\u0159 bod\u016f v\u00edc u\u017e jejich pod\u00edl prudce kles\u00e1. Ne\u010dekan\u00e9 m\u011b\u0159en\u00ed rychlosti tak \u017eeny dok\u00e1\u017ee zasko\u010dit t\u00e9m\u011b\u0159 podobn\u011b jako mu\u017ee, ale po\u00a0prvn\u00edm p\u0159estupku si\u00a0u\u017e d\u00e1vaj\u00ed v\u011bt\u0161\u00ed pozor.<\/p>\n<p>Z\u00a0hlediska v\u011bku je nejb\u011b\u017en\u011bj\u0161\u00edm h\u0159\u00ed\u0161n\u00edkem 47let\u00fd mu\u017e. Stejn\u00fd v\u011bk je nej\u010dast\u011bj\u0161\u00ed i\u00a0u \u017een. Zde ale hraje roli siln\u00e1 generace. Po\u00a0p\u0159epo\u010dtu k\u00a0tomu, kolik \u0159idi\u010d\u016f dan\u00e9ho v\u011bku na\u00a0silnic\u00edch jezd\u00ed, u\u017e nejh\u016f\u0159e vych\u00e1z\u00ed mu\u017ei kolem\u00a0t\u0159iceti let.<\/p>\n<p>Statistiky ale nerozeb\u00edraj\u00ed \u0159idi\u010de podle\u00a0v\u011bku sp\u00e1ch\u00e1n\u00ed p\u0159estupku, jen v\u011bk dr\u017eitel\u016f bod\u016f. Mnoz\u00ed \u0159idi\u010di tak s\u00a0body st\u00e1rnou, \u010das od\u00a0\u010dasu jim n\u011bjak\u00e9 ubydou, pak jin\u00e9 p\u0159ibydou. Obecn\u011b se\u00a0d\u00e1 \u0159\u00edct, \u017ee se\u00a0z\u00edsk\u00e1n\u00edm \u0159idi\u010dsk\u00e9ho pr\u016fkazu se\u00a0lid\u00e9 mezi\u00a0bodovan\u00fdmi za\u010d\u00ednaj\u00ed objevovat a\u00a0mizet z\u00a0n\u011bj za\u010dnou po\u00a050 letech v\u011bku, kde u\u017e se\u00a0body sp\u00ed\u0161e umaz\u00e1vaj\u00ed ne\u017e p\u0159ib\u00fdvaj\u00ed.<\/p>\n<p>Vybodovan\u00fdm \u0159idi\u010d\u016fm v\u00e9vod\u00ed mu\u017ei ve\u00a0v\u011bku 41 let. Podle\u00a0doby z\u00edsk\u00e1n\u00ed \u0159idi\u010dsk\u00e9ho pr\u016fkazu jde o\u00a0rok 2008. Ve\u00a0statistik\u00e1ch figuruje ale i\u00a0jedna 85let\u00e1 \u017eena s\u00a012 body.\u00a0\u00a0<\/p>\n<p>Podle\u00a0statistik se\u00a0\u010de\u0161t\u00ed \u0159idi\u010di, alespo\u0148 podle\u00a0po\u010dtu t\u011bch, kte\u0159\u00ed maj\u00ed n\u011bjak\u00e9 body, zlep\u0161uj\u00ed. Pod\u00edl bodovan\u00fdch \u0159idi\u010d\u016f je nejni\u017e\u0161\u00ed od\u00a0roku za\u010d\u00e1tku statistiky v\u00a0roce 2007.<\/p>\n<p>Cizinci tvo\u0159\u00ed 18 procent bodovan\u00fdch \u0159idi\u010d\u016f. Zcela nejv\u00edce je na\u00a0zm\u00edn\u011bn\u00e9 Vyso\u010din\u011b, kde jde o\u00a032 procent. N\u00e1sleduje Praha s\u00a0t\u00e9m\u011b\u0159 26,7 procenta a\u00a0t\u011bsn\u011b za\u00a0n\u00ed Jihomoravsk\u00fd kraj s\u00a026,5 procenta. Oproti tomu v\u00a0Jiho\u010desk\u00e9m kraji nejde ani o\u00a0desetinu bodovan\u00fdch.<\/p>\n<p>U\u00a0cizinc\u016f je ale zn\u00e1t, \u017ee jde zpravidla o\u00a0nahodil\u00e9 p\u0159estupky a\u00a0maj\u00ed hlavn\u011b 4, 2 nebo 6 bod\u016f. T\u011bch vybodovan\u00fdch je oproti \u010cech\u016fm n\u00e1sobn\u011b men\u0161\u00ed \u010d\u00e1st. Nap\u0159\u00edklad v\u00a0Praze (i kdy\u017e cizinci tvo\u0159\u00ed t\u0159etinu bodovan\u00fdch \u0159idi\u010d\u016f) jde jen o\u00a0ka\u017ed\u00e9ho sedm\u00e9ho vybodovan\u00e9ho.\u00a0<\/p>\n","protected":false},"excerpt":{"rendered":"foto: Ad\u00e9la Houbov\u00e1, PrahaIN.cz\/K\u0159i\u017eovatka N\u00e1rodn\u00ed a Sp\u00e1len\u00e9 ulice \u0158idi\u010di v\u00a0\u010cesku se\u00a0op\u011bt o\u00a0n\u011bco zlep\u0161ili. T\u011bch bodovan\u00fdch v\u00a0prvn\u00edm pololet\u00ed podle\u00a0nejnov\u011bj\u0161\u00edch&hellip;\n","protected":false},"author":2,"featured_media":202224,"comment_status":"","ping_status":"","sticky":false,"template":"","format":"standard","meta":{"footnotes":"","_share_on_mastodon":"0"},"categories":[30],"tags":[98,99],"class_list":["post-202223","post","type-post","status-publish","format-standard","has-post-thumbnail","category-praha","tag-prague","tag-praha"],"share_on_mastodon":{"url":"https:\/\/pubeurope.com\/@cz\/117211009320568715","error":""},"_links":{"self":[{"href":"https:\/\/www.europesays.com\/cz\/wp-json\/wp\/v2\/posts\/202223","targetHints":{"allow":["GET"]}}],"collection":[{"href":"https:\/\/www.europesays.com\/cz\/wp-json\/wp\/v2\/posts"}],"about":[{"href":"https:\/\/www.europesays.com\/cz\/wp-json\/wp\/v2\/types\/post"}],"author":[{"embeddable":true,"href":"https:\/\/www.europesays.com\/cz\/wp-json\/wp\/v2\/users\/2"}],"replies":[{"embeddable":true,"href":"https:\/\/www.europesays.com\/cz\/wp-json\/wp\/v2\/comments?post=202223"}],"version-history":[{"count":0,"href":"https:\/\/www.europesays.com\/cz\/wp-json\/wp\/v2\/posts\/202223\/revisions"}],"wp:featuredmedia":[{"embeddable":true,"href":"https:\/\/www.europesays.com\/cz\/wp-json\/wp\/v2\/media\/202224"}],"wp:attachment":[{"href":"https:\/\/www.europesays.com\/cz\/wp-json\/wp\/v2\/media?parent=202223"}],"wp:term":[{"taxonomy":"category","embeddable":true,"href":"https:\/\/www.europesays.com\/cz\/wp-json\/wp\/v2\/categories?post=202223"},{"taxonomy":"post_tag","embeddable":true,"href":"https:\/\/www.europesays.com\/cz\/wp-json\/wp\/v2\/tags?post=202223"}],"curies":[{"name":"wp","href":"https:\/\/api.w.org\/{rel}","templated":true}]}}