{"id":202225,"date":"2026-09-04T05:04:15","date_gmt":"2026-09-04T05:04:15","guid":{"rendered":"https:\/\/www.europesays.com\/cz\/202225\/"},"modified":"2026-09-04T05:04:15","modified_gmt":"2026-09-04T05:04:15","slug":"polsko-kvuli-ruskym-provokacim-rozsiruje-ochranu-nebe-oznamil-ministr-obrany","status":"publish","type":"post","link":"https:\/\/www.europesays.com\/cz\/202225\/","title":{"rendered":"Polsko kv\u016fli rusk\u00fdm provokac\u00edm roz\u0161i\u0159uje ochranu nebe, ozn\u00e1mil ministr obrany"},"content":{"rendered":"<p class=\"e_bX\">Polsko kv\u016fli rusk\u00fdm provokac\u00edm a\u00a0agresivn\u00edmu chov\u00e1n\u00ed roz\u0161i\u0159uje ochranu sv\u00e9ho vzdu\u0161n\u00e9ho prostoru, ozn\u00e1mil dnes na soci\u00e1ln\u00ed s\u00edti <a data-dot=\"atm-link\" target=\"_blank\" rel=\"noopener nofollow\" href=\"https:\/\/x.com\/KosiniakKamysz\/status\/2095556736786612401?ref_src=twsrc%5Etfw%7Ctwcamp%5Etweetembed%7Ctwterm%5E2095556736786612401%7Ctwgr%5E5762d9196232ccff70104075171b4230a4f6e634%7Ctwcon%5Es1_&amp;ref_url=https%3A%2F%2Fpulsembed.eu%2Fp2em%2FcvCvwZZxZ%2F\" class=\"e_n\">X<\/a> vicepremi\u00e9r a\u00a0ministr obrany Wladyslaw Kosiniak-Kamysz.<\/p>\n<p class=\"e_bX\">\u201eZvy\u0161ujeme aktivitu na\u0161ich vzdu\u0161n\u00fdch sil, v\u010detn\u011b letoun\u016f F-16\u00a0a\u00a0vrtuln\u00edk\u016f,\u201c napsal. V\u00a0posledn\u00edch t\u00fddnech se podle n\u011bj ukazuje, \u017ee rusk\u00e9 provokace maj\u00ed r\u016fznou podobu a\u00a0p\u0159edstavuj\u00ed nebezpe\u010d\u00ed i\u00a0v m\u00edstech pova\u017eovan\u00fdch doposud za bezpe\u010dn\u00e1. Polsko pr\u016fb\u011b\u017en\u011b sleduje situaci na sv\u00e9 v\u00fdchodn\u00ed hranici a\u00a0z\u00e1rove\u0148 posiluje syst\u00e9my pro rychlou reakci na cel\u00e9m \u00fazem\u00ed, napsal tak\u00e9 \u0161\u00e9f resortu obrany.<\/p>\n<p class=\"e_bX\">Polsko soused\u00ed s\u00a0Ruskem, B\u011bloruskem, kter\u00e9 je bl\u00edzk\u00fdm spojencem Moskvy, i\u00a0Ukrajinou. Ta se p\u00e1t\u00fdm rokem br\u00e1n\u00ed rusk\u00e9 agresi a\u00a0Polsko ji v\u00a0tom podporuje.<\/p>\n<p class=\"e_bX\">Server onet.pl p\u0159ipom\u00edn\u00e1, \u017ee v\u00a0posledn\u00edch dnech v\u00a0Polsku nastaly po\u017e\u00e1ry na dvou m\u00edstech, kde se vyr\u00e1b\u011bj\u00ed nebo skladuj\u00ed bezpilotn\u00ed syst\u00e9my a\u00a0sou\u010d\u00e1stky do vzdu\u0161n\u00fdch objekt\u016f. Polsk\u00e9 slu\u017eby vy\u0161et\u0159uj\u00ed, zda za t\u011bmito po\u017e\u00e1ry nestoj\u00ed Rusko.<\/p>\n<p class=\"e_bX\">Z\u00e1rove\u0148 polsk\u00e9 letectvo dvakr\u00e1t za tento t\u00fdden nad Baltsk\u00fdm mo\u0159em zachytilo rusk\u00fd pr\u016fzkumn\u00fd letoun. Dnes \u0161lo podle Kosiniaka-Kamysze o\u00a0stroj Il-20, kter\u00fd se nach\u00e1zel asi 40\u00a0kilometr\u016f severn\u011b od p\u0159\u00edmo\u0159sk\u00e9ho letoviska Ustka. Let\u011bl s\u00a0vypnut\u00fdm transpond\u00e9rem a\u00a0znamenal ohro\u017een\u00ed pro civiln\u00ed letadla. Podobn\u00fd incident se stal tak\u00e9 v\u00a0pond\u011bl\u00ed, p\u00ed\u0161e agentura DPA.<\/p>\n<p><a data-dot=\"mol-article-card-media\" aria-hidden=\"true\" tabindex=\"-1\" href=\"https:\/\/www.seznamzpravy.cz\/clanek\/domaci-kauzy-cilena-provokace-odsoudil-prezident-kampan-snazici-se-rozestvat-cechy-a-polaky-314150\" class=\"e_n f_l8\" rel=\"nofollow noopener\" target=\"_blank\"><img fetchpriority=\"high\" height=\"2304\"   width=\"4096\" src=\"https:\/\/www.europesays.com\/cz\/wp-content\/uploads\/2026\/09\/petr-pavel-prezident-vlevo-dole-lucie-stuchlikova-vaclav-dolejsi.jpeg\" loading=\"eager\" decoding=\"sync\" class=\"e_aa e_Z\"\/><\/a><a data-dot=\"mol-article-card-media\" aria-hidden=\"true\" tabindex=\"-1\" href=\"https:\/\/www.seznamzpravy.cz\/clanek\/nazory-komentare-rusko-testuje-ceskou-odolnost-babis-lajkuje-krtecka-s-rexikem-314064\" class=\"e_n f_l8\" rel=\"nofollow noopener\" target=\"_blank\"><img height=\"535\"   width=\"951\" src=\"https:\/\/www.europesays.com\/cz\/wp-content\/uploads\/2026\/09\/takze-rexik.png\" loading=\"eager\" decoding=\"sync\" class=\"e_aa e_Z\"\/><\/a><\/p>\n","protected":false},"excerpt":{"rendered":"Polsko kv\u016fli rusk\u00fdm provokac\u00edm a\u00a0agresivn\u00edmu chov\u00e1n\u00ed roz\u0161i\u0159uje ochranu sv\u00e9ho vzdu\u0161n\u00e9ho prostoru, ozn\u00e1mil dnes na soci\u00e1ln\u00ed s\u00edti X vicepremi\u00e9r&hellip;\n","protected":false},"author":2,"featured_media":202226,"comment_status":"","ping_status":"","sticky":false,"template":"","format":"standard","meta":{"footnotes":"","_share_on_mastodon":"0"},"categories":[11],"tags":[1537,117,61,54,7694,53,52],"class_list":["post-202225","post","type-post","status-publish","format-standard","has-post-thumbnail","category-svet","tag-obrana","tag-polsko","tag-rusko","tag-svet","tag-vzdusny-prostor","tag-world","tag-world-news"],"share_on_mastodon":{"url":"https:\/\/pubeurope.com\/@cz\/117211029075144420","error":""},"_links":{"self":[{"href":"https:\/\/www.europesays.com\/cz\/wp-json\/wp\/v2\/posts\/202225","targetHints":{"allow":["GET"]}}],"collection":[{"href":"https:\/\/www.europesays.com\/cz\/wp-json\/wp\/v2\/posts"}],"about":[{"href":"https:\/\/www.europesays.com\/cz\/wp-json\/wp\/v2\/types\/post"}],"author":[{"embeddable":true,"href":"https:\/\/www.europesays.com\/cz\/wp-json\/wp\/v2\/users\/2"}],"replies":[{"embeddable":true,"href":"https:\/\/www.europesays.com\/cz\/wp-json\/wp\/v2\/comments?post=202225"}],"version-history":[{"count":0,"href":"https:\/\/www.europesays.com\/cz\/wp-json\/wp\/v2\/posts\/202225\/revisions"}],"wp:featuredmedia":[{"embeddable":true,"href":"https:\/\/www.europesays.com\/cz\/wp-json\/wp\/v2\/media\/202226"}],"wp:attachment":[{"href":"https:\/\/www.europesays.com\/cz\/wp-json\/wp\/v2\/media?parent=202225"}],"wp:term":[{"taxonomy":"category","embeddable":true,"href":"https:\/\/www.europesays.com\/cz\/wp-json\/wp\/v2\/categories?post=202225"},{"taxonomy":"post_tag","embeddable":true,"href":"https:\/\/www.europesays.com\/cz\/wp-json\/wp\/v2\/tags?post=202225"}],"curies":[{"name":"wp","href":"https:\/\/api.w.org\/{rel}","templated":true}]}}