{"id":202229,"date":"2026-09-04T05:08:13","date_gmt":"2026-09-04T05:08:13","guid":{"rendered":"https:\/\/www.europesays.com\/cz\/202229\/"},"modified":"2026-09-04T05:08:13","modified_gmt":"2026-09-04T05:08:13","slug":"na-praze-13-nebyly-jen-pole-a-louky-nova-kniha-petra-stancika-odhaluje-templare-ritualni-dyku-i-zaniklou-vesnici","status":"publish","type":"post","link":"https:\/\/www.europesays.com\/cz\/202229\/","title":{"rendered":"Na Praze 13 nebyly jen pole a louky! Nov\u00e1 kniha Petra Stan\u010d\u00edka odhaluje templ\u00e1\u0159e, ritu\u00e1ln\u00ed d\u00fdku i zaniklou vesnici"},"content":{"rendered":"<p>Publikaci ve \u010dtvrtek slavnostn\u011b pok\u0159tili autor Petr Stan\u010d\u00edk se starostou Prahy 13 a z\u00e1rove\u0148 kmotrem knihy Davidem Vodr\u00e1\u017ekou (ODS). K\u0159est se uskute\u010dnil v ob\u0159adn\u00ed s\u00edni radnice za \u00fa\u010dasti novin\u00e1\u0159\u016f a zam\u011bstnanc\u016f \u00fa\u0159adu. Stan\u010d\u00edk p\u0159ipomn\u011bl, \u017ee kdy\u017e ho radnice oslovila, okam\u017eit\u011b ho napadlo spojit Prahu 13 se t\u0159in\u00e1cti p\u0159\u00edb\u011bhy. Brzy ale za\u010dal pochybovat, zda jich v\u016fbec tolik najde. \u201eByly to louky, lesy, pole a sem tam n\u011bjak\u00e1 vesnice,\u201c popsal. Nakonec ho samotn\u00e9ho p\u0159ekvapilo, kolik pozoruhodn\u00fdch ud\u00e1lost\u00ed se na dne\u0161n\u00edm \u00fazem\u00ed m\u011bstsk\u00e9 \u010d\u00e1sti odehr\u00e1lo.<\/p>\n<p>    <a aria-label=\"Pra\u017esk\u00e9 d\u011bti hledaj\u00ed pomoc u AI. Ka\u017ed\u00e9 \u010dtvrt\u00e9 se na ni obrac\u00ed v psychick\u00e9 t\u00edsni \" title=\"Pra\u017esk\u00e9 d\u011bti hledaj\u00ed pomoc u AI. Ka\u017ed\u00e9 \u010dtvrt\u00e9 se na ni obrac\u00ed v psychick\u00e9 t\u00edsni \" href=\"https:\/\/www.blesk.cz\/clanek\/regiony-praha-praha-zpravy\/847481\/prazske-deti-hledaji-pomoc-u-ai-kazde-ctvrte-se-na-ni-obraci-v-psychicke-tisni.html\" class=\"article-card article-card--type-1 artobj\" data-track-click=\"{&quot;clickTo&quot;:&quot;button&quot;,&quot;link&quot;:{&quot;type&quot;:&quot;article-card&quot;,&quot;text&quot;:&quot;Pra\u017esk\u00e9 d\u011bti hledaj\u00ed pomoc u AI. Ka\u017ed\u00e9 \u010dtvrt\u00e9 se na ni obrac\u00ed v psychick\u00e9 t\u00edsni &quot;,&quot;url&quot;:&quot;https:\/\/www.blesk.cz\/clanek\/regiony-praha-praha-zpravy\/847481\/prazske-deti-hledaji-pomoc-u-ai-kazde-ctvrte-se-na-ni-obraci-v-psychicke-tisni.html&quot;,&quot;location&quot;:&quot;page&quot;}}\" data-track-element-id=\"artobject-article-link-1-847481\" data-track-list=\"{\" item=\"\" d=\"\" hledaj=\"\" pomoc=\"\" u=\"\" ai.=\"\" ka=\"\" se=\"\" na=\"\" ni=\"\" obrac=\"\" v=\"\" psychick=\"\" t=\"\" rel=\"nofollow noopener\" target=\"_blank\"><\/p>\n<p>\t<img decoding=\"async\" src=\"https:\/\/www.europesays.com\/cz\/wp-content\/uploads\/2026\/09\/9956920.jpg\" alt=\"V\u00fdzkum mezi v\u00edce ne\u017e deseti tis\u00edci pra\u017esk\u00fdmi \u017e\u00e1ky uk\u00e1zal, \u017ee ka\u017ed\u00e9 \u010dtvrt\u00e9 d\u00edt\u011b se v psychick\u00e9 t\u00edsni obrac\u00ed nejd\u0159\u00edve na um\u011blou inteligenci.\" title=\"\" width=\"238\" height=\"158,67\" class=\"\" style=\"aspect-ratio: 238 \/ 158,67\" loading=\"lazy\"\/><\/p>\n<p>    Pra\u017esk\u00e9 d\u011bti hledaj\u00ed pomoc u AI. Ka\u017ed\u00e9 \u010dtvrt\u00e9 se na ni obrac\u00ed v psychick\u00e9 t\u00edsni <\/p>\n<p>    <\/a><\/p>\n<p>D\u00fdka, l\u00e1ska a smrt<\/p>\n<p>Nejbli\u017e\u0161\u00ed je mu p\u0159\u00edb\u011bh nazvan\u00fd D\u00fdka d\u00edvky. P\u0159i v\u00fdstavb\u011b Jihoz\u00e1padn\u00edho M\u011bsta archeologov\u00e9 odkryli n\u011bkolik poh\u0159ebi\u0161\u0165 z \u00fan\u011btick\u00e9 kultury. Mezi n\u00e1lezy byla i mal\u00e1 zdoben\u00e1 ritu\u00e1ln\u00ed d\u00fdka, kolem n\u00ed\u017e Stan\u010d\u00edk vystav\u011bl p\u0159\u00edb\u011bh z doby bronzov\u00e9. \u201eJe to p\u0159\u00edb\u011bh l\u00e1sky a zrady a smrti a o tom, jak se d\u011blal bronz,\u201c \u0159ekl Blesku. S\u00e1m se p\u0159itom jako historik v\u011bnuje p\u0159edev\u0161\u00edm pozdn\u00edmu st\u0159edov\u011bku a pr\u00e1v\u011b tahle kapitola ho p\u0159ivedla k dob\u011b bronzov\u00e9.<\/p>\n<p>    <a aria-label=\"Tis\u00edce lid\u00ed zakon\u010dily pr\u00e1zdniny v Centr\u00e1ln\u00edm parku v Praze 13: Rozproudil je Dalibor Janda i starosta\" title=\"Tis\u00edce lid\u00ed zakon\u010dily pr\u00e1zdniny v Centr\u00e1ln\u00edm parku v Praze 13: Rozproudil je Dalibor Janda i starosta\" href=\"https:\/\/www.blesk.cz\/clanek\/regiony-praha-praha-volny-cas\/847462\/tisice-lidi-zakoncily-prazdniny-v-centralnim-parku-v-praze-13-rozproudil-je-dalibor-janda-i-starosta.html\" class=\"article-card article-card--type-1 artobj\" data-track-click=\"{&quot;clickTo&quot;:&quot;button&quot;,&quot;link&quot;:{&quot;type&quot;:&quot;article-card&quot;,&quot;text&quot;:&quot;Tis\u00edce lid\u00ed zakon\u010dily pr\u00e1zdniny v Centr\u00e1ln\u00edm parku v Praze 13: Rozproudil je Dalibor Janda i starosta&quot;,&quot;url&quot;:&quot;https:\/\/www.blesk.cz\/clanek\/regiony-praha-praha-volny-cas\/847462\/tisice-lidi-zakoncily-prazdniny-v-centralnim-parku-v-praze-13-rozproudil-je-dalibor-janda-i-starosta.html&quot;,&quot;location&quot;:&quot;page&quot;}}\" data-track-element-id=\"artobject-article-link-2-847462\" data-track-list=\"{\" item=\"\" lid=\"\" zakon=\"\" pr=\"\" v=\"\" centr=\"\" parku=\"\" praze=\"\" rozproudil=\"\" je=\"\" dalibor=\"\" janda=\"\" i=\"\" starosta=\"\" rel=\"nofollow noopener\" target=\"_blank\"><\/p>\n<p>\t<img decoding=\"async\" src=\"https:\/\/www.europesays.com\/cz\/wp-content\/uploads\/2026\/09\/9956566.jpg\" alt=\"Dalibor Janda.\" title=\"\" width=\"238\" height=\"158,67\" class=\"\" style=\"aspect-ratio: 238 \/ 158,67\" loading=\"lazy\"\/><\/p>\n<p>    Tis\u00edce lid\u00ed zakon\u010dily pr\u00e1zdniny v Centr\u00e1ln\u00edm parku v Praze 13: Rozproudil je Dalibor Janda i starosta<\/p>\n<p>    <\/a><\/p>\n<p>Do st\u0159edov\u011bku pat\u0159\u00ed tak\u00e9 jeden z nejm\u00e9n\u011b zn\u00e1m\u00fdch p\u0159\u00edb\u011bh\u016f. Pojedn\u00e1v\u00e1 o ryt\u00ed\u0159\u00edch templ\u00e1\u0159\u00edch a Old\u0159ichu z Hradce. Dochovala se listina, podle n\u00ed\u017e jim daroval patron\u00e1tn\u00ed pr\u00e1vo ke kostelu ve Stod\u016flk\u00e1ch. Z\u00e1hadou podle Stan\u010d\u00edka je, pro\u010d dar sm\u011b\u0159oval ke vzd\u00e1len\u011bj\u0161\u00ed templ\u00e1\u0159sk\u00e9 komend\u011b v Uh\u0159\u00edn\u011bvsi, a ne k bli\u017e\u0161\u00edmu Star\u00e9mu M\u011bstu. \u201eTo je z\u00e1hada a o tom jsem taky napsal ten p\u0159\u00edb\u011bh, pro\u010d se tak stalo,\u201c vysv\u011btlil. Rozuzlen\u00ed u\u017e prozrazovat nechce. \u201eJestli to bude n\u011bkoho zaj\u00edmat, m\u016f\u017ee si ho p\u0159e\u010d\u00edst v knize,\u201c dodal. Podle Stan\u010d\u00edka jde o souvislost, kter\u00e1 dosud nikde publikov\u00e1na nebyla.<\/p>\n<p>Kostel uprost\u0159ed panel\u00e1k\u016f<\/p>\n<p>Jedn\u00edm z autorov\u00fdch osobn\u00edch objev\u016f byl tak\u00e9 kostel\u00edk, kter\u00fd z\u016fstal po zanikl\u00e9 st\u0159edov\u011bk\u00e9 vsi Krte\u0148. Stan\u010d\u00edk m\u00edsto nav\u0161t\u00edvil se svou \u017eenou. \u201eV\u0161ude kolem byly panel\u00e1ky a Pra\u017esk\u00fd okruh. Najednou jsme sjeli do takov\u00e9ho zalesn\u011bn\u00e9ho \u00fadol\u00ed\u010dka, na kope\u010dku byl n\u00e1dhern\u00fd kostel,\u201c vzpom\u00ednal. Na stavb\u011b se podle n\u011bj st\u00e1le daj\u00ed naj\u00edt \u010d\u00e1sti rom\u00e1nsk\u00e9ho zdiva. \u201eDostanete se z hlu\u010dn\u00e9 sou\u010dasnosti do ran\u00e9ho st\u0159edov\u011bku. Je to \u00fa\u017easn\u00fd pocit,\u201c vypr\u00e1v\u011bl.<\/p>\n<p>    <a aria-label=\"No\u010dn\u00ed h\u00e1dka skon\u010dila vra\u017edou! Mu\u017e v Hloub\u011bt\u00edn\u011b bodl partnerku, v nemocnici zem\u0159ela\" title=\"No\u010dn\u00ed h\u00e1dka skon\u010dila vra\u017edou! Mu\u017e v Hloub\u011bt\u00edn\u011b bodl partnerku, v nemocnici zem\u0159ela\" href=\"https:\/\/www.blesk.cz\/clanek\/regiony-praha-praha-krimi\/847453\/nocni-hadka-skoncila-vrazdou-muz-v-hloubetine-bodl-partnerku-v-nemocnici-zemrela.html\" class=\"article-card article-card--type-1 artobj\" data-track-click=\"{&quot;clickTo&quot;:&quot;button&quot;,&quot;link&quot;:{&quot;type&quot;:&quot;article-card&quot;,&quot;text&quot;:&quot;No\u010dn\u00ed h\u00e1dka skon\u010dila vra\u017edou! Mu\u017e v Hloub\u011bt\u00edn\u011b bodl partnerku, v nemocnici zem\u0159ela&quot;,&quot;url&quot;:&quot;https:\/\/www.blesk.cz\/clanek\/regiony-praha-praha-krimi\/847453\/nocni-hadka-skoncila-vrazdou-muz-v-hloubetine-bodl-partnerku-v-nemocnici-zemrela.html&quot;,&quot;location&quot;:&quot;page&quot;}}\" data-track-element-id=\"artobject-article-link-3-847453\" data-track-list=\"{\" item=\"\" h=\"\" skon=\"\" vra=\"\" mu=\"\" v=\"\" hloub=\"\" bodl=\"\" partnerku=\"\" nemocnici=\"\" zem=\"\" rel=\"nofollow noopener\" target=\"_blank\"><\/p>\n<p>\t<img decoding=\"async\" src=\"https:\/\/www.europesays.com\/cz\/wp-content\/uploads\/2026\/09\/1788498492_379_9956495.jpg\" alt=\"Vra\u017eda ve Sl\u00e9va\u010dsk\u00e9 ulici, 3. z\u00e1\u0159\u00ed 2026\" title=\"\" width=\"238\" height=\"158,67\" class=\"\" style=\"aspect-ratio: 238 \/ 158,67\" loading=\"lazy\"\/><\/p>\n<p>    No\u010dn\u00ed h\u00e1dka skon\u010dila vra\u017edou! Mu\u017e v Hloub\u011bt\u00edn\u011b bodl partnerku, v nemocnici zem\u0159ela<\/p>\n<p>    <\/a><\/p>\n<p>Stan\u010d\u00edk p\u0159itom Prahu 13 znal u\u017e p\u0159ed vznikem knihy. Kdysi bydlel v panel\u00e1ku pobl\u00ed\u017e stanice metra Luka a tehdy ho Praha 13 p\u0159\u00edli\u0161 nenadchla. P\u0159i pr\u00e1ci na knize ji ale za\u010dal objevovat jinak. Proch\u00e1zel jednotliv\u00e1 m\u00edsta, fotografoval je a p\u00e1tral v archivech. \u201eTe\u010f jsem si tu Prahu 13 u\u017eil mnohem v\u00edc,\u201c \u0159ekl. Z\u00e1kladem jeho p\u00e1tr\u00e1n\u00ed byla p\u0159edev\u0161\u00edm rozs\u00e1hl\u00e1 stod\u016fleck\u00e1 kronika, podle n\u00ed\u017e pak dohled\u00e1val dal\u0161\u00ed informace v archivech, jin\u00fdch kronik\u00e1ch a digitalizovan\u00fdch publikac\u00edch.<\/p>\n<p>Ke ka\u017ed\u00e9mu p\u0159\u00edb\u011bhu autor p\u0159ipojuje tak\u00e9 pas\u00e1\u017e s prameny a zdroji, ze kter\u00fdch p\u0159i psan\u00ed vych\u00e1zel. Publikace nen\u00ed ur\u010dena k b\u011b\u017en\u00e9mu prodeji. Praha 13 ji chce vyu\u017e\u00edvat jako reprezentativn\u00ed dar a k dispozici m\u00e1 b\u00fdt tak\u00e9 ve \u0161kol\u00e1ch a knihovn\u00e1ch na \u00fazem\u00ed m\u011bstsk\u00e9 \u010d\u00e1sti.<\/p>\n<p>          <a class=\"galleryNext\" href=\"https:\/\/www.blesk.cz\/galerie\/regiony-praha-praha-zpravy\/1497190\/na-praze-13-nebyly-jen-pole-a-louky-nova-kniha-petra-stancika-odhaluje-templare-ritualni-dyku-i-zaniklou-vesnici?foto=2\" rel=\"nofollow noopener\" target=\"_blank\"><\/p>\n<p>          <\/a><br \/>\n          <a href=\"https:\/\/www.blesk.cz\/galerie\/regiony-praha-praha-zpravy\/1497190\/na-praze-13-nebyly-jen-pole-a-louky-nova-kniha-petra-stancika-odhaluje-templare-ritualni-dyku-i-zaniklou-vesnici?foto=1\" class=\"photoIn\" rel=\"nofollow noopener\" target=\"_blank\"><br \/>\n            <img decoding=\"async\" src=\"https:\/\/www.europesays.com\/cz\/wp-content\/uploads\/2026\/09\/9957250.jpg\" title=\"K\u0159est knihy 13ka pro \u0161t\u011bst\u00ed se uskute\u010dnil ve \u010dtvrtek na radnici Prahy 13 za \u00fa\u010dasti autora Petra Stan\u010d\u00edka a starosty Davida Vodr\u00e1\u017eky (ODS).\" alt=\"K\u0159est knihy 13ka pro \u0161t\u011bst\u00ed se uskute\u010dnil ve \u010dtvrtek na radnici Prahy 13 za \u00fa\u010dasti autora Petra Stan\u010d\u00edka a starosty Davida Vodr\u00e1\u017eky (ODS).\" width=\"520\" loading=\"lazy\"\/><br \/>\n          <\/a><\/p>\n<p>K\u0159est knihy 13ka pro \u0161t\u011bst\u00ed se uskute\u010dnil ve \u010dtvrtek na radnici Prahy 13 za \u00fa\u010dasti autora Petra Stan\u010d\u00edka a starosty Davida Vodr\u00e1\u017eky (ODS).<\/p>\n<p>Autor:\u00a0Frederikke Anna Toman &#8211; Blesk.cz<\/p>\n","protected":false},"excerpt":{"rendered":"Publikaci ve \u010dtvrtek slavnostn\u011b pok\u0159tili autor Petr Stan\u010d\u00edk se starostou Prahy 13 a z\u00e1rove\u0148 kmotrem knihy Davidem Vodr\u00e1\u017ekou&hellip;\n","protected":false},"author":2,"featured_media":202230,"comment_status":"","ping_status":"","sticky":false,"template":"","format":"standard","meta":{"footnotes":"","_share_on_mastodon":"0"},"categories":[30],"tags":[14700,27101,46181,98,99,12198,46182],"class_list":["post-202229","post","type-post","status-publish","format-standard","has-post-thumbnail","category-praha","tag-kniha","tag-louka","tag-petr-stancik","tag-prague","tag-praha","tag-praha-13","tag-rad-templaru"],"share_on_mastodon":{"url":"https:\/\/pubeurope.com\/@cz\/117211044960560929","error":""},"_links":{"self":[{"href":"https:\/\/www.europesays.com\/cz\/wp-json\/wp\/v2\/posts\/202229","targetHints":{"allow":["GET"]}}],"collection":[{"href":"https:\/\/www.europesays.com\/cz\/wp-json\/wp\/v2\/posts"}],"about":[{"href":"https:\/\/www.europesays.com\/cz\/wp-json\/wp\/v2\/types\/post"}],"author":[{"embeddable":true,"href":"https:\/\/www.europesays.com\/cz\/wp-json\/wp\/v2\/users\/2"}],"replies":[{"embeddable":true,"href":"https:\/\/www.europesays.com\/cz\/wp-json\/wp\/v2\/comments?post=202229"}],"version-history":[{"count":0,"href":"https:\/\/www.europesays.com\/cz\/wp-json\/wp\/v2\/posts\/202229\/revisions"}],"wp:featuredmedia":[{"embeddable":true,"href":"https:\/\/www.europesays.com\/cz\/wp-json\/wp\/v2\/media\/202230"}],"wp:attachment":[{"href":"https:\/\/www.europesays.com\/cz\/wp-json\/wp\/v2\/media?parent=202229"}],"wp:term":[{"taxonomy":"category","embeddable":true,"href":"https:\/\/www.europesays.com\/cz\/wp-json\/wp\/v2\/categories?post=202229"},{"taxonomy":"post_tag","embeddable":true,"href":"https:\/\/www.europesays.com\/cz\/wp-json\/wp\/v2\/tags?post=202229"}],"curies":[{"name":"wp","href":"https:\/\/api.w.org\/{rel}","templated":true}]}}