{"id":202237,"date":"2026-09-04T05:17:18","date_gmt":"2026-09-04T05:17:18","guid":{"rendered":"https:\/\/www.europesays.com\/cz\/202237\/"},"modified":"2026-09-04T05:17:18","modified_gmt":"2026-09-04T05:17:18","slug":"praha-1-udelila-cestna-obcanstvi-a-ceny-prahy-1-mezi-ocenenymi-jsou-vaclav-hybs-i-tvurci-oskaroveho-dokumentu","status":"publish","type":"post","link":"https:\/\/www.europesays.com\/cz\/202237\/","title":{"rendered":"Praha 1 ud\u011blila \u010cestn\u00e1 ob\u010danstv\u00ed a Ceny Prahy 1. Mezi ocen\u011bn\u00fdmi jsou V\u00e1clav Hyb\u0161 i tv\u016frci oskarov\u00e9ho dokumentu"},"content":{"rendered":"<p class=\"wp-block-paragraph\">M\u011bstsk\u00e1 \u010d\u00e1st slavnostn\u011b ud\u011blila p\u011bt \u010cestn\u00fdch ob\u010danstv\u00ed, z toho \u010dty\u0159i in memoriam, a p\u011bt Cen Prahy 1. Ocenila osobnosti, kter\u00e9 se v\u00fdrazn\u011b zapsaly do kultury, sportu a ve\u0159ejn\u00e9ho \u017eivota, zaslou\u017eily se o historick\u00e9 centrum metropole nebo prok\u00e1zaly mimo\u0159\u00e1dnou ob\u010danskou odvahu.<\/p>\n<p class=\"wp-block-paragraph\">Ocen\u011bn\u00ed p\u0159evzaly osobnosti spojen\u00e9 s Prahou 1 i lid\u00e9, jejich\u017e pr\u00e1ce a postoje v\u00fdrazn\u011b p\u0159esahuj\u00ed jej\u00ed hranice. Mezi laure\u00e1ty jsou um\u011blci, pedagogov\u00e9, sportovci, p\u0159edstavitel\u00e9 ve\u0159ejn\u00e9ho \u017eivota i tv\u016frci oscarov\u00e9ho dokumentu Pan Nikdo proti Putinovi.<\/p>\n<p class=\"wp-block-paragraph\">\u201ePraha 1 je m\u00edstem, kde se po stalet\u00ed setk\u00e1vaj\u00ed kultura, ve\u0159ejn\u00fd \u017eivot i z\u00e1sadn\u00ed spole\u010densk\u00e9 ud\u00e1losti. Dnes oce\u0148ujeme lidi, kte\u0159\u00ed do tohoto p\u0159\u00edb\u011bhu p\u0159isp\u011bli sv\u00fdm talentem, celo\u017eivotn\u00ed prac\u00ed, slu\u017ebou druh\u00fdm nebo osobn\u00ed odvahou. Ka\u017ed\u00fd z nich jin\u00fdm zp\u016fsobem ukazuje, \u017ee svoboda, odpov\u011bdnost a aktivn\u00ed vztah ke spole\u010dnosti nejsou samoz\u0159ejmost\u00ed,\u201c\u00a0uvedla starostka Terezie Radom\u011b\u0159sk\u00e1.<\/p>\n<p class=\"wp-block-paragraph\">\u010cestn\u00e1 ob\u010danstv\u00ed<\/p>\n<p class=\"wp-block-paragraph\">Pavel Talankin\u00a0z\u00edskal \u010cestn\u00e9 ob\u010danstv\u00ed za mimo\u0159\u00e1dnou ob\u010danskou odvahu p\u0159i dokumentov\u00e1n\u00ed rusk\u00e9 v\u00e1le\u010dn\u00e9 propagandy a ideologick\u00e9ho p\u016fsoben\u00ed na d\u011bti ve \u0161kol\u00e1ch. Re\u017eis\u00e9r a protagonista oscarov\u00e9ho dokumentu Pan Nikdo proti Putinovi\u00a0zachytil prom\u011bnu \u0161koln\u00edho prost\u0159ed\u00ed po rusk\u00e9 invazi na Ukrajinu a za sv\u00e9 postoje musel Rusko opustit. Praha 1 jeho ocen\u011bn\u00edm vyzdvihuje osobn\u00ed state\u010dnost a obranu svobody a demokratick\u00fdch hodnot.<\/p>\n<p class=\"wp-block-paragraph\">\u010cty\u0159i osobnosti obdr\u017eely \u010cestn\u00e9 ob\u010danstv\u00ed Prahy 1 in memoriam.<\/p>\n<p class=\"wp-block-paragraph\">Ing. Helena Leisztner Kroftov\u00e1\u00a0byla ocen\u011bna za celo\u017eivotn\u00ed p\u0159\u00ednos kulturn\u00edmu, spole\u010densk\u00e9mu a ve\u0159ejn\u00e9mu \u017eivotu Prahy 1. Multimedi\u00e1ln\u00ed um\u011blkyn\u011b, m\u00f3dn\u00ed n\u00e1vrh\u00e1\u0159ka a organiz\u00e1torka kulturn\u00edch akc\u00ed byla tak\u00e9 dlouholetou p\u0159edsedkyn\u00ed Komise pro ob\u010dansk\u00e9 z\u00e1le\u017eitosti, ud\u011blov\u00e1n\u00ed \u010destn\u00e9ho ob\u010danstv\u00ed a Ceny Prahy 1. Svou tvorbou i ve\u0159ejn\u00fdm p\u016fsoben\u00edm dlouhodob\u011b reprezentovala Prahu doma i v zahrani\u010d\u00ed.<\/p>\n<p class=\"wp-block-paragraph\">JUDr. Jaroslava Janderov\u00e1\u00a0z\u00edskala ocen\u011bn\u00ed za dlouholetou slu\u017ebu Praze 1, rozvoj demokratick\u00e9 komun\u00e1ln\u00ed politiky, podporu ob\u010dansk\u00e9 spole\u010dnosti a uchov\u00e1v\u00e1n\u00ed historick\u00e9 pam\u011bti. Jako pr\u00e1vni\u010dka, zastupitelka Prahy 1 i hlavn\u00edho m\u011bsta a \u010dlenka spr\u00e1vn\u00ed rady Muzea pam\u011bti XX. stolet\u00ed se dlouhodob\u011b v\u011bnovala ve\u0159ejn\u00e9mu \u017eivotu a obran\u011b demokratick\u00fdch hodnot.<\/p>\n<p class=\"wp-block-paragraph\">Doc. ak. mal. Ji\u0159\u00ed Kornatovsk\u00fd\u00a0byl ocen\u011bn za mimo\u0159\u00e1dn\u00fd p\u0159\u00ednos \u010desk\u00e9mu v\u00fdtvarn\u00e9mu um\u011bn\u00ed a za celo\u017eivotn\u00ed tvorbu spojenou s Prahou 1. V\u00fdznamn\u00fd mal\u00ed\u0159 a pedagog pat\u0159il k respektovan\u00fdm osobnostem \u010desk\u00e9 v\u00fdtvarn\u00e9 sc\u00e9ny a v\u00fdrazn\u011b p\u0159isp\u011bl tak\u00e9 k um\u011bleck\u00e9mu vzd\u011bl\u00e1v\u00e1n\u00ed.<\/p>\n<p class=\"wp-block-paragraph\">V\u00e1clav Hyb\u0161\u00a0z\u00edskal \u010cestn\u00e9 ob\u010danstv\u00ed za celo\u017eivotn\u00ed um\u011bleckou pr\u00e1ci a p\u0159\u00ednos kulturn\u00edmu a spole\u010densk\u00e9mu \u017eivotu Prahy 1. Dirigent, skladatel a trumpetista p\u016fsobil v centru Prahy od 50. let v orchestrech, divadlech i kav\u00e1rn\u00e1ch. Dlouhodob\u011b se rovn\u011b\u017e zapojoval do kulturn\u00edch program\u016f ur\u010den\u00fdch senior\u016fm Prahy 1.<\/p>\n<p class=\"wp-block-paragraph\">Ceny Prahy 1<\/p>\n<p class=\"wp-block-paragraph\">Radovan S\u00edbrt a Al\u017eb\u011bta Kar\u00e1skov\u00e1\u00a0p\u0159evzali Cenu Prahy 1 za mimo\u0159\u00e1dn\u00fd \u00fasp\u011bch \u010desk\u00e9 dokument\u00e1rn\u00ed tvorby na mezin\u00e1rodn\u00ed sc\u00e9n\u011b. Jako \u010de\u0161t\u00ed producenti oscarov\u00e9ho dokumentu Pan Nikdo proti Putinovi\u00a0se v\u00fdznamn\u011b pod\u00edleli na vzniku filmu, kter\u00fd z\u00edskal nejpresti\u017en\u011bj\u0161\u00ed sv\u011btov\u00e9 filmov\u00e9 ocen\u011bn\u00ed a p\u0159inesl mezin\u00e1rodn\u00ed pozornost tak\u00e9 \u010desk\u00e9 kinematografii.<\/p>\n<p class=\"wp-block-paragraph\">PaedDr. Jan Nov\u00e1k byl ocen\u011bn za mimo\u0159\u00e1dn\u00e9 sportovn\u00ed v\u00fdkony a celo\u017eivotn\u00ed reprezentaci \u010deskoslovensk\u00e9ho a \u010desk\u00e9ho d\u00e1lkov\u00e9ho a zimn\u00edho plav\u00e1n\u00ed. V roce 1974 jako prvn\u00ed \u010dlov\u011bk ze suchozemsk\u00e9ho st\u00e1tu p\u0159eplaval kan\u00e1l La Manche v n\u00e1ro\u010dn\u011bj\u0161\u00edm sm\u011bru z Anglie do Francie. Je tak\u00e9 dlouholet\u00fdm aktivn\u00edm \u010dlenem Obce bar\u00e1\u010dn\u00edk\u016f \u201ePetr Guth\u201c Hrad\u010dany.<\/p>\n<p class=\"wp-block-paragraph\">Chlapeck\u00fd p\u011bveck\u00fd sbor Bruncv\u00edk\u00a0z\u00edskal Cenu za dlouhodob\u00fd p\u0159\u00ednos hudebn\u00edmu vzd\u011bl\u00e1v\u00e1n\u00ed, rozvoj sborov\u00e9ho zp\u011bvu a reprezentaci Prahy i \u010cesk\u00e9 republiky doma a v zahrani\u010d\u00ed. Sbor je dlouhodob\u011b spojen tak\u00e9 s kulturn\u00edm \u017eivotem prvn\u00ed m\u011bstsk\u00e9 \u010d\u00e1sti.<\/p>\n<p class=\"wp-block-paragraph\">MgA. Jaroslava \u0160iktancov\u00e1, Ph.D.\u00a0p\u0159evzala Cenu Prahy 1 za mimo\u0159\u00e1dn\u00fd p\u0159\u00ednos divadeln\u00edmu um\u011bn\u00ed, vzd\u011bl\u00e1v\u00e1n\u00ed a kulturn\u00edmu \u017eivotu Prahy 1. Re\u017eis\u00e9rka a dlouholet\u00e1 pedago\u017eka v\u00fdrazn\u011b ovlivnila n\u011bkolik generac\u00ed divadeln\u00edk\u016f a svou profesn\u00ed dr\u00e1hu spojila s v\u00fdznamn\u00fdmi kulturn\u00edmi a vzd\u011bl\u00e1vac\u00edmi institucemi v centru Prahy.<\/p>\n<p class=\"wp-block-paragraph\">Ing. V\u00e1clav Ryba\u0159\u00edk\u00a0z\u00edskal Cenu Prahy 1 za p\u0159\u00ednos kultu\u0159e a ob\u010dansk\u00e9\u00a0p\u016fsoben\u00ed. Geolog, spisovatel a autor odborn\u00fdch publikac\u00ed se v\u00edce ne\u017e \u010dty\u0159i desetilet\u00ed v\u011bnuje dokumentaci, studiu a popularizaci pra\u017esk\u00fdch architektonick\u00fdch a kamenn\u00fdch pam\u00e1tek.<\/p>\n","protected":false},"excerpt":{"rendered":"M\u011bstsk\u00e1 \u010d\u00e1st slavnostn\u011b ud\u011blila p\u011bt \u010cestn\u00fdch ob\u010danstv\u00ed, z toho \u010dty\u0159i in memoriam, a p\u011bt Cen Prahy 1. Ocenila&hellip;\n","protected":false},"author":2,"featured_media":202238,"comment_status":"","ping_status":"","sticky":false,"template":"","format":"standard","meta":{"footnotes":"","_share_on_mastodon":"0"},"categories":[30],"tags":[98,99],"class_list":["post-202237","post","type-post","status-publish","format-standard","has-post-thumbnail","category-praha","tag-prague","tag-praha"],"share_on_mastodon":{"url":"https:\/\/pubeurope.com\/@cz\/117211080012426977","error":""},"_links":{"self":[{"href":"https:\/\/www.europesays.com\/cz\/wp-json\/wp\/v2\/posts\/202237","targetHints":{"allow":["GET"]}}],"collection":[{"href":"https:\/\/www.europesays.com\/cz\/wp-json\/wp\/v2\/posts"}],"about":[{"href":"https:\/\/www.europesays.com\/cz\/wp-json\/wp\/v2\/types\/post"}],"author":[{"embeddable":true,"href":"https:\/\/www.europesays.com\/cz\/wp-json\/wp\/v2\/users\/2"}],"replies":[{"embeddable":true,"href":"https:\/\/www.europesays.com\/cz\/wp-json\/wp\/v2\/comments?post=202237"}],"version-history":[{"count":0,"href":"https:\/\/www.europesays.com\/cz\/wp-json\/wp\/v2\/posts\/202237\/revisions"}],"wp:featuredmedia":[{"embeddable":true,"href":"https:\/\/www.europesays.com\/cz\/wp-json\/wp\/v2\/media\/202238"}],"wp:attachment":[{"href":"https:\/\/www.europesays.com\/cz\/wp-json\/wp\/v2\/media?parent=202237"}],"wp:term":[{"taxonomy":"category","embeddable":true,"href":"https:\/\/www.europesays.com\/cz\/wp-json\/wp\/v2\/categories?post=202237"},{"taxonomy":"post_tag","embeddable":true,"href":"https:\/\/www.europesays.com\/cz\/wp-json\/wp\/v2\/tags?post=202237"}],"curies":[{"name":"wp","href":"https:\/\/api.w.org\/{rel}","templated":true}]}}