{"id":202245,"date":"2026-09-04T05:24:09","date_gmt":"2026-09-04T05:24:09","guid":{"rendered":"https:\/\/www.europesays.com\/cz\/202245\/"},"modified":"2026-09-04T05:24:09","modified_gmt":"2026-09-04T05:24:09","slug":"pozar-v-nemocnici-na-homolce-zasahl-onkologicke-centrum-evakuovat-se-muselo-18-pacientu","status":"publish","type":"post","link":"https:\/\/www.europesays.com\/cz\/202245\/","title":{"rendered":"Po\u017e\u00e1r v nemocnici Na Homolce zas\u00e1hl onkologick\u00e9 centrum. Evakuovat se muselo 18 pacient\u016f"},"content":{"rendered":"<p>\n                        Ve Fakultn\u00ed nemocnici Na Homolce v Praze ve \u010dtvrtek odpoledne ho\u0159elo. Nikdo se nezranil, ale muselo se evakuovat 18 pacient\u016f. Ohe\u0148 zas\u00e1hl opl\u00e1\u0161t\u011bn\u00ed onkologick\u00e9ho centra, \u0161koda \u010din\u00ed asi 30 milion\u016f korun. Ve\u010der to \u0159ekli mluv\u010d\u00ed pra\u017esk\u00fdch hasi\u010d\u016f Miroslav \u0158ez\u00e1\u010d a mluv\u010d\u00ed nemocnice Martina Dost\u00e1lov\u00e1.\n                    <\/p>\n<p>K po\u017e\u00e1ru v Roentgenov\u011b ulici hasi\u010di vyj\u00ed\u017ed\u011bli p\u0159ed 18:00. Kv\u016fli v\u011bt\u0161\u00edmu po\u010dtu zasahuj\u00edc\u00edch jednotek vyhl\u00e1sili podle \u0158ez\u00e1\u010de druh\u00fd stupe\u0148 po\u017e\u00e1rn\u00edho poplachu ze \u010dty\u0159. Na m\u00edsto p\u0159istavili tak\u00e9 evakua\u010dn\u00ed autobus. Z\u00e1chran\u00e1\u0159i na m\u00edsto vyslali podle vedouc\u00ed zdravotnick\u00e9ho opera\u010dn\u00edho st\u0159ediska pra\u017esk\u00e9 z\u00e1chrann\u00e9 slu\u017eby Jany Po\u0161tov\u00e9 mimo jin\u00e9 i speci\u00e1ln\u00ed evakua\u010dn\u00ed v\u016fz F\u00e9nix, kter\u00fd dok\u00e1\u017ee p\u0159epravit a\u017e 12 le\u017e\u00edc\u00edch pacient\u016f.<\/p>\n<p>\u010cT\u011aTE TAK\u00c9: <a target=\"_blank\" href=\"https:\/\/cnn.iprima.cz\/pozar-domu-na-plzensku-zpusobil-skodu-za-18-milionu-zabery-zachytily-zasah-hasicu-520200\" rel=\"nofollow noopener\">Po\u017e\u00e1r rodinn\u00fdch dom\u016f na Plze\u0148sku zp\u016fsobil \u0161kodu za 18 milion\u016f. Z\u00e1b\u011bry ukazuj\u00ed z\u00e1sah hasi\u010d\u016f.<\/a><\/p>\n<p>\u201eV souvislosti se zaho\u0159en\u00edm \u010d\u00e1sti prov\u011btr\u00e1van\u00e9 severoz\u00e1padn\u00ed fas\u00e1dy byla z bezpe\u010dnostn\u00edch d\u016fvod\u016f do\u010dasn\u011b evakuov\u00e1na \u010d\u00e1st hospitalizovan\u00fdch pacient\u016f. Celkem 18 pacient\u016f bylo p\u0159em\u00edst\u011bno na pracovi\u0161t\u011b Motol a Homolka,\u201c sd\u011blila mluv\u010d\u00ed nemocnice Dost\u00e1lov\u00e1. Vedouc\u00ed opera\u010dn\u00edho st\u0159ediska z\u00e1chran\u00e1\u0159\u016f Jana Po\u0161tov\u00e1 \u0159ekla, \u017ee nikdo z evakuovan\u00fdch neutrp\u011bl zran\u011bn\u00ed v souvislosti s po\u017e\u00e1rem.<\/p>\n<p>Kolem 18:30 hasi\u010di <a target=\"_blank\" href=\"https:\/\/x.com\/HasiciPraha\/status\/2095549048077852899\" rel=\"nofollow\">ozn\u00e1mili na s\u00edti X<\/a>, \u017ee plameny uhasili. \u201eD\u00e1le prov\u00e1d\u00edme rozeb\u00edr\u00e1n\u00ed plechov\u00e9ho opl\u00e1\u0161t\u011bn\u00ed a vyhled\u00e1v\u00e1n\u00ed skryt\u00fdch ohnisek,\u201c uvedli. \u201ePodle vyj\u00e1d\u0159en\u00ed velitele hasi\u010d\u016f je budova onkologick\u00e9ho centra po z\u00e1sahu provozuschopn\u00e1 ve v\u0161ech \u010d\u00e1stech,\u201c sd\u011blila mluv\u010d\u00ed nemocnice. \u0160kody budou asi 30 milion\u016f, ale jedn\u00e1 se podle n\u00ed zat\u00edm jen o hrub\u00fd odhad. P\u0159\u00ed\u010dina po\u017e\u00e1ru se vy\u0161et\u0159uje, doplnila.<\/p>\n<p>Hasi\u010di p\u0159i z\u00e1sahu vyu\u017e\u00edvali tak\u00e9 v\u00fd\u0161kovou hasic\u00ed techniku. Plameny vy\u0161lehly na om\u00edtce budovy a n\u00e1sledn\u011b pronikly i do interi\u00e9ru.<\/p>\n<p>MOHLO V\u00c1M UNIKNOUT: <a target=\"_blank\" href=\"https:\/\/cnn.iprima.cz\/exploze-fotovoltaiky-rozmetala-dum-na-nachodsku-podivejte-se-na-exkluzivni-zabery-hasicu-488700\" rel=\"nofollow noopener\">Exploze fotovoltaiky rozmetala d\u016fm na N\u00e1chodsku. Pod\u00edvejte se na exkluzivn\u00ed z\u00e1b\u011bry hasi\u010d\u016f.<\/a><\/p>\n","protected":false},"excerpt":{"rendered":"Ve Fakultn\u00ed nemocnici Na Homolce v Praze ve \u010dtvrtek odpoledne ho\u0159elo. Nikdo se nezranil, ale muselo se evakuovat&hellip;\n","protected":false},"author":2,"featured_media":202246,"comment_status":"","ping_status":"","sticky":false,"template":"","format":"standard","meta":{"footnotes":"","_share_on_mastodon":"0"},"categories":[10],"tags":[46183,17,21,439,7484,12481,7485,18074,16,735,18,19,22,20,1296],"class_list":["post-202245","post","type-post","status-publish","format-standard","has-post-thumbnail","category-zpravy","tag-fakultni-nemocnice","tag-headlines","tag-hlavni-udalosti","tag-katastrofa","tag-katastrofy","tag-lekar","tag-nehody-a-mimoradne-udalosti","tag-nemocnice-na-homolce","tag-news","tag-pozar","tag-top-news","tag-top-stories","tag-udalosti-dne","tag-zpravy","tag-zraneni"],"share_on_mastodon":{"url":"https:\/\/pubeurope.com\/@cz\/117211107293760485","error":""},"_links":{"self":[{"href":"https:\/\/www.europesays.com\/cz\/wp-json\/wp\/v2\/posts\/202245","targetHints":{"allow":["GET"]}}],"collection":[{"href":"https:\/\/www.europesays.com\/cz\/wp-json\/wp\/v2\/posts"}],"about":[{"href":"https:\/\/www.europesays.com\/cz\/wp-json\/wp\/v2\/types\/post"}],"author":[{"embeddable":true,"href":"https:\/\/www.europesays.com\/cz\/wp-json\/wp\/v2\/users\/2"}],"replies":[{"embeddable":true,"href":"https:\/\/www.europesays.com\/cz\/wp-json\/wp\/v2\/comments?post=202245"}],"version-history":[{"count":0,"href":"https:\/\/www.europesays.com\/cz\/wp-json\/wp\/v2\/posts\/202245\/revisions"}],"wp:featuredmedia":[{"embeddable":true,"href":"https:\/\/www.europesays.com\/cz\/wp-json\/wp\/v2\/media\/202246"}],"wp:attachment":[{"href":"https:\/\/www.europesays.com\/cz\/wp-json\/wp\/v2\/media?parent=202245"}],"wp:term":[{"taxonomy":"category","embeddable":true,"href":"https:\/\/www.europesays.com\/cz\/wp-json\/wp\/v2\/categories?post=202245"},{"taxonomy":"post_tag","embeddable":true,"href":"https:\/\/www.europesays.com\/cz\/wp-json\/wp\/v2\/tags?post=202245"}],"curies":[{"name":"wp","href":"https:\/\/api.w.org\/{rel}","templated":true}]}}