{"id":202257,"date":"2026-09-04T05:36:10","date_gmt":"2026-09-04T05:36:10","guid":{"rendered":"https:\/\/www.europesays.com\/cz\/202257\/"},"modified":"2026-09-04T05:36:10","modified_gmt":"2026-09-04T05:36:10","slug":"jak-ziskat-byt-aneb-mejdan-odvazneho-moravaka-pro-cely-stavebni-urad-tajnosti-slavnych","status":"publish","type":"post","link":"https:\/\/www.europesays.com\/cz\/202257\/","title":{"rendered":"Jak z\u00edskat byt aneb Mejdan odv\u00e1\u017en\u00e9ho Morav\u00e1ka pro cel\u00fd stavebn\u00ed \u00fa\u0159ad. Tajnosti slavn\u00fdch"},"content":{"rendered":"<p><img loading=\"lazy\" decoding=\"async\" src=\"https:\/\/www.prahanadlani.cz\/pruvodce\/svehlova-sokolovna-pojmenovana-po-antoninu-svehlovi-ikonka-1586985995.webp\" width=\"65\" height=\"65\" alt=\"\u0160vehlova sokolovna\"\/><a href=\"https:\/\/www.prahanadlani.cz\/hlavni-mesto-praha\/tipy-na-vylety\/svehlova-sokolovna.html\" class=\"timelinelastyuser\" title=\"\u0160vehlova sokolovna - pr\u016fvodce Prahou\" rel=\"nofollow noopener\" target=\"_blank\">\u0160vehlova sokolovna<\/a><br \/>15.dubna 2020<a href=\"https:\/\/www.prahanadlani.cz\/hlavni-mesto-praha\/tipy-na-vylety\/svehlova-sokolovna.html\" class=\"timelinelastyuser\" rel=\"nofollow noopener\" target=\"_blank\"><img decoding=\"async\" class=\"timelinelastyphoto\" src=\"https:\/\/www.prahanadlani.cz\/pruvodce\/svehlova-sokolovna-pojmenovana-po-antoninu-svehlovi-plakat-1586985995.webp\" alt=\"\u0160vehlova sokolovna - \u010dl\u00e1nek v pr\u016fvodci na Praha na Dlani\"\/><\/a><\/p>\n<p>\u0160vehlova sokolovna le\u017e\u00edc\u00ed v ulici U Branek \u010dp. 674 v Praze 15 Hostiva\u0159i, cca 100 metr\u016f od \u017eelezni\u010dn\u00ed stanice Hostiva\u0159. Historie \u0160vehlovy sokolovny \u0160vehlova sokolovna je funkcionalisticky pojat\u00fdm staven\u00edm navrhnut\u00fdm architektem Ladislavem Machon\u011bm, kter\u00fd vybudovali stavitel\u00e9 V\u00e1clav Posp\u00ed\u0161il a&#8230;<\/p>\n<p>p\u0159e\u010dti  <a href=\"https:\/\/www.prahanadlani.cz\/hlavni-mesto-praha\/tipy-na-vylety\/svehlova-sokolovna.html\" class=\"cervenynorm\" title=\"\u0160vehlova sokolovna pojmenovan\u00e1 po Anton\u00ednu \u0160vehlovi\" rel=\"nofollow noopener\" target=\"_blank\">cel\u00fd \u010dl\u00e1nek&#8230;<\/a><\/p>\n","protected":false},"excerpt":{"rendered":"\u0160vehlova sokolovna15.dubna 2020 \u0160vehlova sokolovna le\u017e\u00edc\u00ed v ulici U Branek \u010dp. 674 v Praze 15 Hostiva\u0159i, cca 100&hellip;\n","protected":false},"author":2,"featured_media":202258,"comment_status":"","ping_status":"","sticky":false,"template":"","format":"standard","meta":{"footnotes":"","_share_on_mastodon":"0"},"categories":[30],"tags":[98,99],"class_list":["post-202257","post","type-post","status-publish","format-standard","has-post-thumbnail","category-praha","tag-prague","tag-praha"],"share_on_mastodon":{"url":"https:\/\/pubeurope.com\/@cz\/117211155269402396","error":""},"_links":{"self":[{"href":"https:\/\/www.europesays.com\/cz\/wp-json\/wp\/v2\/posts\/202257","targetHints":{"allow":["GET"]}}],"collection":[{"href":"https:\/\/www.europesays.com\/cz\/wp-json\/wp\/v2\/posts"}],"about":[{"href":"https:\/\/www.europesays.com\/cz\/wp-json\/wp\/v2\/types\/post"}],"author":[{"embeddable":true,"href":"https:\/\/www.europesays.com\/cz\/wp-json\/wp\/v2\/users\/2"}],"replies":[{"embeddable":true,"href":"https:\/\/www.europesays.com\/cz\/wp-json\/wp\/v2\/comments?post=202257"}],"version-history":[{"count":0,"href":"https:\/\/www.europesays.com\/cz\/wp-json\/wp\/v2\/posts\/202257\/revisions"}],"wp:featuredmedia":[{"embeddable":true,"href":"https:\/\/www.europesays.com\/cz\/wp-json\/wp\/v2\/media\/202258"}],"wp:attachment":[{"href":"https:\/\/www.europesays.com\/cz\/wp-json\/wp\/v2\/media?parent=202257"}],"wp:term":[{"taxonomy":"category","embeddable":true,"href":"https:\/\/www.europesays.com\/cz\/wp-json\/wp\/v2\/categories?post=202257"},{"taxonomy":"post_tag","embeddable":true,"href":"https:\/\/www.europesays.com\/cz\/wp-json\/wp\/v2\/tags?post=202257"}],"curies":[{"name":"wp","href":"https:\/\/api.w.org\/{rel}","templated":true}]}}