{"id":202265,"date":"2026-09-04T05:41:15","date_gmt":"2026-09-04T05:41:15","guid":{"rendered":"https:\/\/www.europesays.com\/cz\/202265\/"},"modified":"2026-09-04T05:41:15","modified_gmt":"2026-09-04T05:41:15","slug":"usa-vysetruji-uterni-utok-na-svatbu-v-iranu-rekl-viceprezident","status":"publish","type":"post","link":"https:\/\/www.europesays.com\/cz\/202265\/","title":{"rendered":"USA vy\u0161et\u0159uj\u00ed \u00fatern\u00ed \u00fatok na svatbu v\u00a0\u00cdr\u00e1nu, \u0159ekl viceprezident"},"content":{"rendered":"<p class=\"e_bX\">Spojen\u00e9 st\u00e1ty vy\u0161et\u0159uj\u00ed \u00fatern\u00ed \u00fatok na svatbu v\u00a0\u00cdr\u00e1nu, p\u0159i kter\u00e9 zahynuli \u010dty\u0159i lid\u00e9, uvedl ve \u010dtvrtek americk\u00fd viceprezident J. D. Vance. Teher\u00e1n z\u00a0\u00fatoku obvi\u0148uje USA, co\u017e Vance na \u010dtvrte\u010dn\u00ed tiskov\u00e9 konferenci v\u00a0B\u00edl\u00e9m dom\u011b zpochybnil. Informovala o\u00a0tom agentura AFP. Podle \u00edr\u00e1nsk\u00fdch \u00fa\u0159ad\u016f bylo p\u0159i \u00fatoku zran\u011bno dal\u0161\u00edch 68\u00a0lid\u00ed.<\/p>\n<p class=\"e_bX\">\u201eV\u00edm, \u017ee to vy\u0161et\u0159ujeme,\u201c \u0159ekl viceprezident. \u201eMus\u00edm \u0159\u00edci, \u017ee \u00edr\u00e1nsk\u00e1 st\u00e1tn\u00ed m\u00e9dia dosud nepod\u00e1vala p\u0159\u00edli\u0161 p\u0159esn\u00e9 informace o\u00a0tom, co se v\u00a0tomto konfliktu dosud odehr\u00e1lo. Jsem tedy v\u016f\u010di tomu velmi skeptick\u00fd,\u201c doplnil v\u00a0reakci na obvin\u011bn\u00ed \u00cdr\u00e1nu.<\/p>\n<p class=\"e_bX\">V \u00fater\u00fd USA podle Teher\u00e1nu zas\u00e1hly d\u016fm ve m\u011bst\u011b K\u00fahestak v\u00a0jiho\u00edr\u00e1nsk\u00e9 provincii Hormozg\u00e1n. Oblastn\u00ed velitelstv\u00ed americk\u00fdch sil na Bl\u00edzk\u00e9m v\u00fdchod\u011b (CENTCOM) se podle agentury AFP k\u00a0tomuto \u00fatoku p\u0159\u00edmo nevyj\u00e1d\u0159ilo, ale jeho mluv\u010d\u00ed uvedl, \u017ee USA \u201enikdy nec\u00edl\u00ed na civilisty, na rozd\u00edl od \u00edr\u00e1nsk\u00fdch revolu\u010dn\u00edch gard\u201c.<\/p>\n<p class=\"e_bX\">P\u0159edseda \u00edr\u00e1nsk\u00e9ho parlamentu a\u00a0hlavn\u00ed \u00edr\u00e1nsk\u00fd vyjedn\u00e1va\u010d Mohammad B\u00e1gher Gh\u00e1l\u00edb\u00e1f po \u00fatoku ozna\u010dil USA za Satana. \u00cdr\u00e1nsk\u00e1 m\u00e9dia d\u0159\u00edve informovala, \u017ee p\u0159i americk\u00fdch \u00fatoc\u00edch bylo v\u00a0\u00fater\u00fd a\u00a0st\u0159edu zabito nejm\u00e9n\u011b 19\u00a0lid\u00ed.<\/p>\n<p class=\"e_bX\">V\u00e1lka v\u00a0regionu za\u010dala americko-izraelsk\u00fdmi \u00fadery na \u00cdr\u00e1n 28.\u00a0\u00fanora. Teher\u00e1n v\u00a0reakci mimo jin\u00e9 zna\u010dn\u011b omezil n\u00e1mo\u0159n\u00ed dopravu v\u00a0Hormuzsk\u00e9m pr\u016flivu, a\u00a0to jak v\u00fdhr\u016f\u017ekami, tak opakovan\u00fdmi \u00fatoky na tankery a\u00a0n\u00e1kladn\u00ed lod\u011b. <\/p>\n<p class=\"e_bX\">Pr\u016fliv je d\u016fle\u017eitou trasou pro p\u0159epravu ropy, plynu a\u00a0dal\u0161\u00edch komodit ze zem\u00ed Persk\u00e9ho z\u00e1livu. C\u00edlem \u00edr\u00e1nsk\u00fdch \u00fatok\u016f se tak\u00e9 staly arabsk\u00e9 zem\u011b v\u00a0regionu, kter\u00e9 jsou spojenci USA. V\u00a0\u010dervnu podepsan\u00e9 americko-\u00edr\u00e1nsk\u00e9 memorandum o\u00a0porozum\u011bn\u00ed, kter\u00e9 m\u011blo v\u00e1lku ukon\u010dit, zkrachovalo, p\u0159i\u010dem\u017e ob\u011b zem\u011b se vz\u00e1jemn\u011b obvi\u0148uj\u00ed z\u00a0jeho poru\u0161ov\u00e1n\u00ed.<\/p>\n<p><a data-dot=\"mol-article-card-media\" aria-hidden=\"true\" tabindex=\"-1\" href=\"https:\/\/www.seznamzpravy.cz\/clanek\/zahranicni-jako-horecnaty-sen-kolonialismu-trumpova-ropna-dohoda-vzbuzuje-udiv-i-hnev-314562\" class=\"e_n f_l8\" rel=\"nofollow noopener\" target=\"_blank\"><img fetchpriority=\"high\" height=\"2304\"   width=\"4096\" src=\"https:\/\/www.europesays.com\/cz\/wp-content\/uploads\/2026\/09\/1788500473_415_venezuela.jpeg\" loading=\"eager\" decoding=\"sync\" class=\"e_aa e_Z\"\/><\/a><a data-dot=\"mol-article-card-media\" aria-hidden=\"true\" tabindex=\"-1\" href=\"https:\/\/www.seznamzpravy.cz\/clanek\/zahranicni-posledni-telefonat-pak-prisla-voda-rodiny-hledaji-pohresovane-poutniky-314540\" class=\"e_n f_l8\" rel=\"nofollow noopener\" target=\"_blank\"><img height=\"2304\"   width=\"4096\" src=\"https:\/\/www.europesays.com\/cz\/wp-content\/uploads\/2026\/09\/1788500474_278_nepal-povodne.jpeg\" loading=\"eager\" decoding=\"sync\" class=\"e_aa e_Z\"\/><\/a><\/p>\n","protected":false},"excerpt":{"rendered":"Spojen\u00e9 st\u00e1ty vy\u0161et\u0159uj\u00ed \u00fatern\u00ed \u00fatok na svatbu v\u00a0\u00cdr\u00e1nu, p\u0159i kter\u00e9 zahynuli \u010dty\u0159i lid\u00e9, uvedl ve \u010dtvrtek americk\u00fd viceprezident&hellip;\n","protected":false},"author":2,"featured_media":202266,"comment_status":"","ping_status":"","sticky":false,"template":"","format":"standard","meta":{"footnotes":"","_share_on_mastodon":"0"},"categories":[11],"tags":[808,2664,54,113,897,53,52],"class_list":["post-202265","post","type-post","status-publish","format-standard","has-post-thumbnail","category-svet","tag-iran","tag-james-david-vance","tag-svet","tag-usa","tag-utok","tag-world","tag-world-news"],"share_on_mastodon":{"url":"https:\/\/pubeurope.com\/@cz\/117211174466913334","error":""},"_links":{"self":[{"href":"https:\/\/www.europesays.com\/cz\/wp-json\/wp\/v2\/posts\/202265","targetHints":{"allow":["GET"]}}],"collection":[{"href":"https:\/\/www.europesays.com\/cz\/wp-json\/wp\/v2\/posts"}],"about":[{"href":"https:\/\/www.europesays.com\/cz\/wp-json\/wp\/v2\/types\/post"}],"author":[{"embeddable":true,"href":"https:\/\/www.europesays.com\/cz\/wp-json\/wp\/v2\/users\/2"}],"replies":[{"embeddable":true,"href":"https:\/\/www.europesays.com\/cz\/wp-json\/wp\/v2\/comments?post=202265"}],"version-history":[{"count":0,"href":"https:\/\/www.europesays.com\/cz\/wp-json\/wp\/v2\/posts\/202265\/revisions"}],"wp:featuredmedia":[{"embeddable":true,"href":"https:\/\/www.europesays.com\/cz\/wp-json\/wp\/v2\/media\/202266"}],"wp:attachment":[{"href":"https:\/\/www.europesays.com\/cz\/wp-json\/wp\/v2\/media?parent=202265"}],"wp:term":[{"taxonomy":"category","embeddable":true,"href":"https:\/\/www.europesays.com\/cz\/wp-json\/wp\/v2\/categories?post=202265"},{"taxonomy":"post_tag","embeddable":true,"href":"https:\/\/www.europesays.com\/cz\/wp-json\/wp\/v2\/tags?post=202265"}],"curies":[{"name":"wp","href":"https:\/\/api.w.org\/{rel}","templated":true}]}}