{"id":202267,"date":"2026-09-04T05:43:14","date_gmt":"2026-09-04T05:43:14","guid":{"rendered":"https:\/\/www.europesays.com\/cz\/202267\/"},"modified":"2026-09-04T05:43:14","modified_gmt":"2026-09-04T05:43:14","slug":"nemecka-policie-vysetruje-dalsi-pripad-utoku-na-elektrickou-stanici-2","status":"publish","type":"post","link":"https:\/\/www.europesays.com\/cz\/202267\/","title":{"rendered":"N\u011bmeck\u00e1 policie vy\u0161et\u0159uje dal\u0161\u00ed p\u0159\u00edpad \u00fatoku na elektrickou stanici"},"content":{"rendered":"<p class=\"e_bX\">N\u011bmeck\u00e1 policie \u010dtvrte\u010dn\u00ed n\u00e1lez podez\u0159el\u00e9ho p\u0159edm\u011btu u\u00a0elektrick\u00e9 stanice v\u00a0Dormagenu na z\u00e1pad\u011b zem\u011b vy\u0161et\u0159uje jako sabot\u00e1\u017e. Informovala o\u00a0tom agentura DPA. Mluv\u010d\u00ed policie v\u00a0Kol\u00edn\u011b nad R\u00fdnem \u0159ekl, \u017ee vy\u0161et\u0159ovatel\u00e9 maj\u00ed dopis, kter\u00fdm se kdosi hl\u00e1s\u00ed k\u00a0odpov\u011bdnosti. N\u011bmecko v\u00a0posledn\u00edch dnech zaznamenalo jin\u00e9 dva \u00fatoky na elektrick\u00e9 rozvodny.<\/p>\n<p class=\"e_bX\">Nejnov\u011bj\u0161\u00ed incident se stal v\u00a0Dormagenu mezi Kol\u00ednem nad R\u00fdnem a\u00a0D\u00fcsseldorfem. Na podez\u0159el\u00fd p\u0159edm\u011bt, kter\u00fd policie ve \u010dtvrtek ozna\u010dila za mo\u017en\u00e9 odpalovac\u00ed za\u0159\u00edzen\u00ed, upozornil kolemjdouc\u00ed. Z\u00e1sobov\u00e1n\u00ed elektrickou energi\u00ed naru\u0161eno nebylo, ohl\u00e1\u0161eny nebyly ani \u017e\u00e1dn\u00e9 \u0161kody.<\/p>\n<p class=\"e_bX\">V \u00fater\u00fd se c\u00edlem sabot\u00e1\u017ee stala rozvodna v\u00a0Bergheimu nedaleko Kol\u00edna nad R\u00fdnem, kde policie nalezla odpalovac\u00ed za\u0159\u00edzen\u00ed a\u00a0pyrotechniku. C\u00edlem \u00fatoku se v\u00a0\u00fater\u00fd stala i\u00a0rozvodna pobl\u00ed\u017e elektr\u00e1rny J\u00e4nschwalde v\u00a0Braniborsku, na kterou pachatel \u010di pachatel\u00e9 za\u00fato\u010dili objekty dom\u00e1c\u00ed v\u00fdroby, kter\u00e9 se podobaly silvestrovsk\u00fdm raket\u00e1m. Vy\u0161et\u0159ovatel\u00e9 doposud na\u0161li v\u00edce ne\u017e des\u00edtku takov\u00fdch objekt\u016f.<\/p>\n<p><a data-dot=\"mol-article-card-media\" aria-hidden=\"true\" tabindex=\"-1\" href=\"https:\/\/www.seznamzpravy.cz\/clanek\/ekonomika-firmy-volkswagen-zrejme-spusti-rozsahle-propousteni-usporny-plan-dostal-zelenou-314601\" class=\"e_n f_l8\" rel=\"nofollow noopener\" target=\"_blank\"><img fetchpriority=\"high\" height=\"1012\"   width=\"1800\" src=\"https:\/\/www.europesays.com\/cz\/wp-content\/uploads\/2026\/09\/volkswagen.jpeg\" loading=\"eager\" decoding=\"sync\" class=\"e_aa e_Z\"\/><\/a><a data-dot=\"mol-article-card-media\" aria-hidden=\"true\" tabindex=\"-1\" href=\"https:\/\/www.seznamzpravy.cz\/clanek\/audio-podcast-5-59-obavy-o-nemeckou-slabost-odveta-vuci-rusku-zveda-otazku-jestli-je-razantni-314438\" class=\"e_n f_l8\" rel=\"nofollow noopener\" target=\"_blank\"><img height=\"1963\"   width=\"3490\" src=\"https:\/\/www.europesays.com\/cz\/wp-content\/uploads\/2026\/09\/1788500594_700_lipsko.jpeg\" loading=\"eager\" decoding=\"sync\" class=\"e_aa e_Z\"\/><\/a><\/p>\n","protected":false},"excerpt":{"rendered":"N\u011bmeck\u00e1 policie \u010dtvrte\u010dn\u00ed n\u00e1lez podez\u0159el\u00e9ho p\u0159edm\u011btu u\u00a0elektrick\u00e9 stanice v\u00a0Dormagenu na z\u00e1pad\u011b zem\u011b vy\u0161et\u0159uje jako sabot\u00e1\u017e. Informovala o\u00a0tom agentura&hellip;\n","protected":false},"author":2,"featured_media":202268,"comment_status":"","ping_status":"","sticky":false,"template":"","format":"standard","meta":{"footnotes":"","_share_on_mastodon":"0"},"categories":[10],"tags":[17,21,375,16,325,17678,18,19,22,20],"class_list":["post-202267","post","type-post","status-publish","format-standard","has-post-thumbnail","category-zpravy","tag-headlines","tag-hlavni-udalosti","tag-nemecko","tag-news","tag-policie","tag-sabotaz","tag-top-news","tag-top-stories","tag-udalosti-dne","tag-zpravy"],"share_on_mastodon":{"url":"https:\/\/pubeurope.com\/@cz\/117211182409688449","error":""},"_links":{"self":[{"href":"https:\/\/www.europesays.com\/cz\/wp-json\/wp\/v2\/posts\/202267","targetHints":{"allow":["GET"]}}],"collection":[{"href":"https:\/\/www.europesays.com\/cz\/wp-json\/wp\/v2\/posts"}],"about":[{"href":"https:\/\/www.europesays.com\/cz\/wp-json\/wp\/v2\/types\/post"}],"author":[{"embeddable":true,"href":"https:\/\/www.europesays.com\/cz\/wp-json\/wp\/v2\/users\/2"}],"replies":[{"embeddable":true,"href":"https:\/\/www.europesays.com\/cz\/wp-json\/wp\/v2\/comments?post=202267"}],"version-history":[{"count":0,"href":"https:\/\/www.europesays.com\/cz\/wp-json\/wp\/v2\/posts\/202267\/revisions"}],"wp:featuredmedia":[{"embeddable":true,"href":"https:\/\/www.europesays.com\/cz\/wp-json\/wp\/v2\/media\/202268"}],"wp:attachment":[{"href":"https:\/\/www.europesays.com\/cz\/wp-json\/wp\/v2\/media?parent=202267"}],"wp:term":[{"taxonomy":"category","embeddable":true,"href":"https:\/\/www.europesays.com\/cz\/wp-json\/wp\/v2\/categories?post=202267"},{"taxonomy":"post_tag","embeddable":true,"href":"https:\/\/www.europesays.com\/cz\/wp-json\/wp\/v2\/tags?post=202267"}],"curies":[{"name":"wp","href":"https:\/\/api.w.org\/{rel}","templated":true}]}}