{"id":202275,"date":"2026-09-04T05:51:15","date_gmt":"2026-09-04T05:51:15","guid":{"rendered":"https:\/\/www.europesays.com\/cz\/202275\/"},"modified":"2026-09-04T05:51:15","modified_gmt":"2026-09-04T05:51:15","slug":"nepal-scita-miliardove-skody-zachranari-dal-nachazeji-prezivsi","status":"publish","type":"post","link":"https:\/\/www.europesays.com\/cz\/202275\/","title":{"rendered":"Nep\u00e1l s\u010d\u00edt\u00e1 miliardov\u00e9 \u0161kody, z\u00e1chran\u00e1\u0159i d\u00e1l nach\u00e1zej\u00ed p\u0159e\u017eiv\u0161\u00ed"},"content":{"rendered":"<p class=\"e_bX\">Z\u00e1chran\u00e1\u0159i v\u00a0p\u00e1tek vyprostili dva \u017eiv\u00e9 pracovn\u00edky z\u00a0tunelu spojen\u00e9ho s\u00a0vodn\u00ed elektr\u00e1rnou Upper Trishuli 3A na \u0159ece Tri\u0161uli. Sanjay Sah a\u00a0Kabir Maharjan v\u00a0n\u011bm z\u016fstali uv\u011bzn\u011bni dev\u011bt dn\u00ed pot\u00e9, co oblast zas\u00e1hl sesuv ledu, hornin a\u00a0bahna. Informovala o\u00a0tom agentura Reuters.<\/p>\n<p class=\"e_bX\">Maharjan podle spolupracovn\u00edka nep\u00e1lsk\u00e9ho ministra energetiky nem\u016f\u017ee h\u00fdbat rukama ani nohama, Sahova zran\u011bn\u00ed nejsou tak v\u00e1\u017en\u00e1. \u201eZ m\u00e9di\u00ed se dozv\u00edd\u00e1m, \u017ee m\u00e9ho bratra na\u0161li. Cel\u00e1 rodina je velmi \u0161\u0165astn\u00e1,\u201c \u0159ekl Reuters Maharjan\u016fv bratr Amir.<\/p>\n<p class=\"e_bX\">\u00da\u0159ady a\u00a0z\u00e1chran\u00e1\u0159i se domn\u00edvaj\u00ed, \u017ee katastrofa z\u00a026.\u00a0srpna uv\u011bznila nejm\u00e9n\u011b 900\u00a0lid\u00ed v\u00a0tunelech spojen\u00fdch se \u0161esti vodn\u00edmi elektr\u00e1rnami pod\u00e9l \u0159eky Tri\u0161uli. Povodn\u011b si v\u00a0Nep\u00e1lu vy\u017e\u00e1daly p\u0159es 1200\u00a0ob\u011bt\u00ed a\u00a0podle nejnov\u011bj\u0161\u00edch \u00fadaj\u016f se poh\u0159e\u0161uje kolem 5000\u00a0lid\u00ed.<\/p>\n<p class=\"e_bX\">Do p\u00e1tr\u00e1n\u00ed se v\u00a0p\u00e1tek zapojila tak\u00e9 Austr\u00e1lie, kter\u00e1 na \u017e\u00e1dost nep\u00e1lsk\u00e9 vl\u00e1dy vyslala patn\u00e1cti\u010dlenn\u00fd t\u00fdm specialist\u016f. Tvo\u0159\u00ed ho p\u0159edev\u0161\u00edm piloti dron\u016f schopn\u00fdch prohled\u00e1vat rozs\u00e1hl\u00e1 \u00fazem\u00ed ze vzduchu i\u00a0obt\u00ed\u017en\u011b p\u0159\u00edstupn\u00e1 m\u00edsta. V\u00a0sobotu m\u00e1 dorazit tak\u00e9 sedm specialist\u016f australsk\u00e9 feder\u00e1ln\u00ed policie na identifikaci ob\u011bt\u00ed katastrof.<\/p>\n<p><a data-dot=\"mol-article-card-media\" aria-hidden=\"true\" tabindex=\"-1\" href=\"https:\/\/www.seznamzpravy.cz\/clanek\/audio-podcast-5-59-z-nepalu-po-katastrofe-vcasna-varovani-jsou-k-nicemu-bez-vcasne-reakce-314512\" class=\"e_n f_l8\" rel=\"nofollow noopener\" target=\"_blank\"><img fetchpriority=\"high\" height=\"2304\"   width=\"4096\" src=\"https:\/\/www.europesays.com\/cz\/wp-content\/uploads\/2026\/09\/1788501073_775_nepal.jpeg\" loading=\"eager\" decoding=\"sync\" class=\"e_aa e_Z\"\/><\/a><\/p>\n<p class=\"e_bX\">Australsk\u00e9 \u00fa\u0159ady z\u00e1rove\u0148 st\u00e1le poh\u0159e\u0161uj\u00ed 36\u00a0sv\u00fdch ob\u010dan\u016f, dva dal\u0161\u00ed se poda\u0159ilo b\u011bhem noci lokalizovat. Nep\u00e1lsk\u00e1 vl\u00e1da uv\u00e1d\u00ed, \u017ee mezi poh\u0159e\u0161ovan\u00fdmi je celkem 583\u00a0cizinc\u016f.<\/p>\n<p class=\"e_bX\">Rozs\u00e1hl\u00e9 budou tak\u00e9 n\u00e1klady na obnovu zem\u011b. Jak informovala \u010cTK, nep\u00e1lsk\u00fd \u00fa\u0159ad pro zvl\u00e1d\u00e1n\u00ed katastrof odhaduje \u0161kody na infrastruktu\u0159e a\u00a0domech na 387,5\u00a0miliardy nep\u00e1lsk\u00fdch rupi\u00ed (53,3\u00a0miliardy korun). Prvn\u00ed f\u00e1ze obnovy m\u00e1 b\u011bhem n\u00e1sleduj\u00edc\u00edch \u010dty\u0159 m\u011bs\u00edc\u016f st\u00e1t p\u0159ibli\u017en\u011b osm miliard rupi\u00ed (1,1\u00a0miliardy korun). Zahrnovat m\u00e1 nap\u0159\u00edklad opravy silnic, z\u0159\u00edzen\u00ed do\u010dasn\u00e9ho ubytov\u00e1n\u00ed a\u00a0zaji\u0161t\u011bn\u00ed pitn\u00e9 vody a\u00a0elekt\u0159iny. Znovu bude podle \u00fa\u0159ad\u016f pot\u0159eba postavit p\u0159ibli\u017en\u011b 20\u00a0000\u00a0dom\u016f.<\/p>\n<p class=\"e_bX\">Povodn\u011b zas\u00e1hly tak\u00e9 sousedn\u00ed Tibet, kde \u010c\u00edna dosud ohl\u00e1sila p\u0159es 20\u00a0mrtv\u00fdch. Podle \u010cesk\u00e9 geologick\u00e9 slu\u017eby katastrofu zp\u016fsobilo skaln\u00ed z\u0159\u00edcen\u00ed spojen\u00e9 s\u00a0kolapsem \u010d\u00e1sti him\u00e1lajsk\u00e9ho ledovce. Masa ledu a\u00a0horniny vytvo\u0159ila v\u00a0\u00fadol\u00ed hr\u00e1z, za n\u00ed\u017e se nahromadila voda. Po jej\u00edm protr\u017een\u00ed se \u0159ekou Tri\u0161uli prohnala prudk\u00e1 z\u00e1plavov\u00e1 vlna, kter\u00e1 smetla domy, silnice a\u00a0mosty. Jako jedna z\u00a0p\u0159\u00ed\u010din katastrofy se uv\u00e1d\u00ed klimatick\u00e1 zm\u011bna.<\/p>\n<p><a data-dot=\"mol-article-card-media\" aria-hidden=\"true\" tabindex=\"-1\" href=\"https:\/\/www.seznamzpravy.cz\/clanek\/zahranicni-posledni-telefonat-pak-prisla-voda-rodiny-hledaji-pohresovane-poutniky-314540\" class=\"e_n f_l8\" rel=\"nofollow noopener\" target=\"_blank\"><img height=\"2304\"   width=\"4096\" src=\"https:\/\/www.europesays.com\/cz\/wp-content\/uploads\/2026\/09\/1788501074_987_nepal-povodne.jpeg\" loading=\"eager\" decoding=\"sync\" class=\"e_aa e_Z\"\/><\/a><a data-dot=\"mol-article-card-media\" aria-hidden=\"true\" tabindex=\"-1\" href=\"https:\/\/www.seznamzpravy.cz\/clanek\/zahranicni-nepalska-katastrofa-pod-lupou-v-teto-vesnici-vlna-vystoupala-pres-70-metru-314327\" class=\"e_n f_l8\" rel=\"nofollow noopener\" target=\"_blank\"><img height=\"787\"   width=\"1400\" src=\"https:\/\/www.europesays.com\/cz\/wp-content\/uploads\/2026\/09\/1788501075_88_nepal-povodne.jpeg\" loading=\"eager\" decoding=\"sync\" class=\"e_aa e_Z\"\/><\/a><\/p>\n","protected":false},"excerpt":{"rendered":"Z\u00e1chran\u00e1\u0159i v\u00a0p\u00e1tek vyprostili dva \u017eiv\u00e9 pracovn\u00edky z\u00a0tunelu spojen\u00e9ho s\u00a0vodn\u00ed elektr\u00e1rnou Upper Trishuli 3A na \u0159ece Tri\u0161uli. Sanjay Sah&hellip;\n","protected":false},"author":2,"featured_media":202276,"comment_status":"","ping_status":"","sticky":false,"template":"","format":"standard","meta":{"footnotes":"","_share_on_mastodon":"0"},"categories":[11],"tags":[4062,202,3696,2105,2971,54,53,52],"class_list":["post-202275","post","type-post","status-publish","format-standard","has-post-thumbnail","category-svet","tag-australie","tag-cina","tag-nepal","tag-obeti","tag-povodne","tag-svet","tag-world","tag-world-news"],"share_on_mastodon":{"url":"https:\/\/pubeurope.com\/@cz\/117211213713394005","error":""},"_links":{"self":[{"href":"https:\/\/www.europesays.com\/cz\/wp-json\/wp\/v2\/posts\/202275","targetHints":{"allow":["GET"]}}],"collection":[{"href":"https:\/\/www.europesays.com\/cz\/wp-json\/wp\/v2\/posts"}],"about":[{"href":"https:\/\/www.europesays.com\/cz\/wp-json\/wp\/v2\/types\/post"}],"author":[{"embeddable":true,"href":"https:\/\/www.europesays.com\/cz\/wp-json\/wp\/v2\/users\/2"}],"replies":[{"embeddable":true,"href":"https:\/\/www.europesays.com\/cz\/wp-json\/wp\/v2\/comments?post=202275"}],"version-history":[{"count":0,"href":"https:\/\/www.europesays.com\/cz\/wp-json\/wp\/v2\/posts\/202275\/revisions"}],"wp:featuredmedia":[{"embeddable":true,"href":"https:\/\/www.europesays.com\/cz\/wp-json\/wp\/v2\/media\/202276"}],"wp:attachment":[{"href":"https:\/\/www.europesays.com\/cz\/wp-json\/wp\/v2\/media?parent=202275"}],"wp:term":[{"taxonomy":"category","embeddable":true,"href":"https:\/\/www.europesays.com\/cz\/wp-json\/wp\/v2\/categories?post=202275"},{"taxonomy":"post_tag","embeddable":true,"href":"https:\/\/www.europesays.com\/cz\/wp-json\/wp\/v2\/tags?post=202275"}],"curies":[{"name":"wp","href":"https:\/\/api.w.org\/{rel}","templated":true}]}}