{"id":202277,"date":"2026-09-04T05:55:21","date_gmt":"2026-09-04T05:55:21","guid":{"rendered":"https:\/\/www.europesays.com\/cz\/202277\/"},"modified":"2026-09-04T05:55:21","modified_gmt":"2026-09-04T05:55:21","slug":"praha-v-desti-i-mlze-okouzluje-prinejmensim-na-snimcich-fotografa-horaka-prazsky-denik","status":"publish","type":"post","link":"https:\/\/www.europesays.com\/cz\/202277\/","title":{"rendered":"Praha v de\u0161ti i mlze okouzluje. P\u0159inejmen\u0161\u00edm na sn\u00edmc\u00edch fotografa Hor\u00e1ka \u2013 Pra\u017esk\u00fd den\u00edk"},"content":{"rendered":"<p id=\"paragraphBlock-1\">Praha v p\u0159\u00edb\u011bz\u00edch. Tak ve stru\u010dnosti shrnuje v\u00fdb\u011br ze sv\u00e9 tvorby, kter\u00fd aktu\u00e1ln\u011b nab\u00edz\u00ed ve\u0159ejnosti, fotograf Richard Hor\u00e1k. Sv\u00e9 sn\u00edmky p\u0159edstavuje v r\u00e1mci v\u00fdstavy <a href=\"https:\/\/www.facebook.com\/photo\/?fbid=1927551455318747&amp;set=a.719862902754281\" class=\"external\" rel=\"nofollow noopener\" target=\"_blank\">Moje Praha fotografick\u00e1<\/a>, spojen\u00e9 s p\u0159edstavov\u00e1n\u00edm prac\u00ed autor\u016f ocen\u011bn\u00fdch ve <a href=\"https:\/\/praha.fotograficka.cz\/\" class=\"external\" rel=\"nofollow noopener\" target=\"_blank\">stejnojmenn\u00e9 sout\u011b\u017ei<\/a>. Ve <a href=\"https:\/\/www.facebook.com\/centrumwaldes\/\" class=\"external\" rel=\"nofollow noopener\" target=\"_blank\">Vr\u0161ovick\u00e9m liter\u00e1rn\u00edm centru Waldes<\/a> je k vid\u011bn\u00ed do pond\u011bl\u00ed 21. z\u00e1\u0159\u00ed. S\u00e1m Hor\u00e1k zd\u016fraz\u0148uje, \u017ee z\u00e1b\u011bry, kter\u00e9 jsou pro n\u011bj pozoruhodn\u00e9, zde n\u00e1v\u0161t\u011bvn\u00edci uvid\u00ed nikoli jen na displeji \u010di monitoru, ale \u201ehezky postaru\u201c: vyti\u0161t\u011bn\u00e9 a zav\u011b\u0161en\u00e9. U\u017e to otev\u00edr\u00e1 novou rovinu z\u00e1\u017eitku.<\/p>\n<p id=\"paragraphBlock-2\">P\u0159edstavovan\u00e9 pr\u00e1ce <a href=\"https:\/\/www.facebook.com\/centrumwaldes\/posts\/pfbid0YSz1wy5Rjx4aughE5vrgJDUJ2NBQhxhcoJamwtvksbJJCYaYyBDWeSmGoDQhj1gsl\" class=\"external\" rel=\"nofollow noopener\" target=\"_blank\">centrum Waldes prezentuje<\/a> jako tvorbu, kter\u00e1 zaj\u00edmav\u011b a neot\u0159ele zobrazuje hlavn\u00ed m\u011bsto, jeho specifika, lidi a ud\u00e1losti v n\u011bm. P\u0159\u00edmo na v\u00fdstav\u011b si lze p\u0159e\u010d\u00edst slova V\u011bry Mat\u011bj\u016f, \u017ee Hor\u00e1kovi se fotografov\u00e1n\u00ed hlavn\u00edho m\u011bsta stalo z\u00e1kladn\u00edm pil\u00ed\u0159em um\u011bleck\u00e9ho vyj\u00e1d\u0159en\u00ed, kdy\u017e Prahu zachycuje \u201eve v\u0161ech mo\u017en\u00fdch rozm\u011brech: tajemnou, romantickou, zabydlenou i opu\u0161t\u011bnou, ve v\u0161ech ro\u010dn\u00edch obdob\u00edch, vrto\u0161\u00edch po\u010das\u00ed, celou barevnou \u0161k\u00e1lou, v\u017edy s trochou mystiky, romantiky, ale n\u011bkdy i soci\u00e1ln\u00edho aspektu\u201c. A div\u00e1ka um\u00ed zaujmout, p\u0159ekvapit \u2013 i vyprovokovat.<\/p>\n<p> Milan Holakovsk\u00fd \/ Den\u00edk | Vernis\u00e1\u017e v\u00fdstavy fotografi\u00ed Richarda Hor\u00e1ka ve Vr\u0161ovick\u00e9m liter\u00e1rn\u00edm centru Waldes s p\u0159edstaven\u00edm Prahy v \u010dase ne\u010dasu.<\/p>\n<p id=\"paragraphBlock-3\">P\u0159i pohledu na Hor\u00e1kovy z\u00e1b\u011bry, do nich\u017e dok\u00e1\u017ee polapit okoln\u00ed sv\u011bt jedine\u010dn\u00fdm zp\u016fsobem, by se asi leckdo nerozpakoval zauva\u017eovat, \u017ee on se s fotoapar\u00e1tem v ruce snad musel u\u017e narodit. I ocen\u011bn\u00ed, kter\u00e1 nasb\u00edral, by se tomu ostatn\u011b zd\u00e1la nasv\u011bd\u010dovat. M\u016f\u017ee proto p\u0159ekvapit, \u017ee se k focen\u00ed nep\u0159iklonil ani p\u0159i volb\u011b profese: vystudoval stava\u0159inu. To ale vlastn\u011b m\u016f\u017ee b\u00fdt dobrou pr\u016fpravou pro osobit\u00fd pohled na sv\u011bt; se zvl\u00e1\u0161tn\u00edm citem jak pro budovy, tak barvy, tvary i hru sv\u011btla se st\u00ednem. <\/p>\n<p> Milan Holakovsk\u00fd \/ Den\u00edk | Vernis\u00e1\u017e v\u00fdstavy fotografi\u00ed Richarda Hor\u00e1ka ve Vr\u0161ovick\u00e9m liter\u00e1rn\u00edm centru Waldes s p\u0159edstaven\u00edm Prahy v \u010dase ne\u010dasu.<\/p>\n<p id=\"paragraphBlock-7\">Pak \u010dlov\u011bk \u2013 tak jako on \u2013 m\u016f\u017ee usp\u011bt s fotografov\u00e1n\u00edm pro arcibiskupstv\u00ed, pro magistr\u00e1t, pro turistick\u00e9 organizace \u010di destina\u010dn\u00ed managementy\u2026 Hor\u00e1k m\u00e1 za sebou i n\u011bkolik samostatn\u00fdch v\u00fdstav, z nich\u017e nejv\u011bt\u0161\u00ed ohlas sklidila Praha tajemn\u00e1: s p\u0159edstaven\u00edm kr\u00e1s metropole, kdy\u017e se m\u011bsto probouz\u00ed nebo us\u00edn\u00e1, p\u0159i v\u00fdchodu nebo z\u00e1padu slunce; ale tak\u00e9 za de\u0161t\u011b, kdy von\u00ed zcela jinou atmosf\u00e9rou, za sn\u00ed\u017een\u00e9 viditelnosti \u010di v mlze.<\/p>\n<p id=\"paragraphBlock-4\">S\u00e1m Hor\u00e1k se sv\u011b\u0159uje, \u017ee Prahu vn\u00edm\u00e1 jako kr\u00e1snou v ka\u017ed\u00e9m obdob\u00ed a kter\u00e9koli dob\u011b \u2013 ale nejrad\u011bji ji fot\u00ed tehdy, kdy\u017e je \u201ehnusn\u011b\u201c: skute\u010dn\u011b o\u0161kliv\u00e9 po\u010das\u00ed. \u201eNemysl\u00edm takov\u00e9 to podzimn\u00ed \u0161ediv\u00e9, kter\u00e9 je pro fotografy nezaj\u00edmav\u00e9, ale siln\u00fd d\u00e9\u0161\u0165, mlhu \u2013 a v zim\u011b samoz\u0159ejm\u011b sn\u00edh,\u201c \u0159\u00edk\u00e1 s t\u00edm, \u017ee pro n\u011bj je ide\u00e1ln\u00ed doba, kdy ten, kdo nem\u00e1 r\u00e1d extr\u00e9mn\u00ed podm\u00ednky, ani nevyt\u00e1hne paty z domu. Kdy\u017e se \u017eivly \u017een\u00ed s \u010derty, je ve sv\u00e9m \u017eivlu i on.<\/p>\n<p> Milan Holakovsk\u00fd \/ Den\u00edk | Vernis\u00e1\u017e v\u00fdstavy fotografi\u00ed Richarda Hor\u00e1ka ve Vr\u0161ovick\u00e9m liter\u00e1rn\u00edm centru Waldes s p\u0159edstaven\u00edm Prahy v \u010dase ne\u010dasu.<\/p>\n<p id=\"paragraphBlock-5\">V\u00fdsledek si mohou z\u00e1jemci nyn\u00ed p\u0159ij\u00edt prohl\u00e9dnout do Vr\u0161ovic, na v\u00fdstavu Praha v p\u0159\u00edb\u011bz\u00edch. \u201eJe p\u0159\u00edstupn\u00e1 ve v\u0161edn\u00ed dny od 12 do 17 hodin,\u201c <a href=\"https:\/\/www.facebook.com\/richard.horak.376\/posts\/pfbid0LwVVgVn1PGYgeNEdjiSvX3F8m4NeovX2YRsNJhns8hEEccviHq1C6kQeWDDqTQFMl\" class=\"external\" rel=\"nofollow noopener\" target=\"_blank\">p\u0159ipom\u00edn\u00e1 autor<\/a>. \u201eSta\u010d\u00ed p\u0159ij\u00edt do prodejny knih v p\u0159\u00edzem\u00ed, tam se ohl\u00e1sit \u2013 a potom u\u017e m\u016f\u017eete vyrazit o patro v\u00fd\u0161 za fotografiemi. Tak\u017ee vlastn\u011b jednoduch\u00fd postup: nejd\u0159\u00edv knihy, potom fotky,\u201c rad\u00ed, jak na to s n\u00e1v\u0161t\u011bvou na adrese Moskevsk\u00e1 57.<\/p>\n<p id=\"paragraphBlock-6\">Pozoruhodn\u00e1 \u201ev\u00fdstava\u201c se nov\u011b objevila tak\u00e9 na <a href=\"https:\/\/www.facebook.com\/richard.horak.376\" class=\"external\" rel=\"nofollow noopener\" target=\"_blank\">facebookov\u00e9m profilu Richarda Hor\u00e1ka<\/a>. Kdy\u017e se na po\u010detn\u011b nav\u0161t\u00edven\u00e9 vernis\u00e1\u017ei sejdou p\u0159\u00e1tel\u00e9 fotografov\u00e9, je nab\u00edledni, \u017ee o fotk\u00e1ch a focen\u00ed se nejen pov\u00edd\u00e1, ale tak\u00e9 se hojn\u011b fotografuje. O sv\u00e9 z\u00e1b\u011bry zachycuj\u00edc\u00ed nejen \u00fa\u010dastn\u00edky vernis\u00e1\u017ee, ale i jej\u00ed atmosf\u00e9ru se zde mnoz\u00ed z \u00fa\u010dastn\u00edk\u016f pod\u011blili; n\u011bkte\u0159\u00ed sn\u00edmky prolo\u017eili i pochvaln\u00fdmi slovy. A \u2013 kolekce je to takov\u00e1, \u017ee by klidn\u011b vydala t\u0159eba i na dal\u0161\u00ed v\u00fdstavu.<\/p>\n","protected":false},"excerpt":{"rendered":"Praha v p\u0159\u00edb\u011bz\u00edch. Tak ve stru\u010dnosti shrnuje v\u00fdb\u011br ze sv\u00e9 tvorby, kter\u00fd aktu\u00e1ln\u011b nab\u00edz\u00ed ve\u0159ejnosti, fotograf Richard Hor\u00e1k.&hellip;\n","protected":false},"author":2,"featured_media":202278,"comment_status":"","ping_status":"","sticky":false,"template":"","format":"standard","meta":{"footnotes":"","_share_on_mastodon":"0"},"categories":[30],"tags":[98,99],"class_list":["post-202277","post","type-post","status-publish","format-standard","has-post-thumbnail","category-praha","tag-prague","tag-praha"],"share_on_mastodon":{"url":"https:\/\/pubeurope.com\/@cz\/117211229484029064","error":""},"_links":{"self":[{"href":"https:\/\/www.europesays.com\/cz\/wp-json\/wp\/v2\/posts\/202277","targetHints":{"allow":["GET"]}}],"collection":[{"href":"https:\/\/www.europesays.com\/cz\/wp-json\/wp\/v2\/posts"}],"about":[{"href":"https:\/\/www.europesays.com\/cz\/wp-json\/wp\/v2\/types\/post"}],"author":[{"embeddable":true,"href":"https:\/\/www.europesays.com\/cz\/wp-json\/wp\/v2\/users\/2"}],"replies":[{"embeddable":true,"href":"https:\/\/www.europesays.com\/cz\/wp-json\/wp\/v2\/comments?post=202277"}],"version-history":[{"count":0,"href":"https:\/\/www.europesays.com\/cz\/wp-json\/wp\/v2\/posts\/202277\/revisions"}],"wp:featuredmedia":[{"embeddable":true,"href":"https:\/\/www.europesays.com\/cz\/wp-json\/wp\/v2\/media\/202278"}],"wp:attachment":[{"href":"https:\/\/www.europesays.com\/cz\/wp-json\/wp\/v2\/media?parent=202277"}],"wp:term":[{"taxonomy":"category","embeddable":true,"href":"https:\/\/www.europesays.com\/cz\/wp-json\/wp\/v2\/categories?post=202277"},{"taxonomy":"post_tag","embeddable":true,"href":"https:\/\/www.europesays.com\/cz\/wp-json\/wp\/v2\/tags?post=202277"}],"curies":[{"name":"wp","href":"https:\/\/api.w.org\/{rel}","templated":true}]}}